{"id":339639,"date":"2026-09-02T14:24:14","date_gmt":"2026-09-02T14:24:14","guid":{"rendered":"https:\/\/www.europesays.com\/fi\/339639\/"},"modified":"2026-09-02T14:24:14","modified_gmt":"2026-09-02T14:24:14","slug":"mika-tommolan-avioero-peruttu-ilta-sanomat","status":"publish","type":"post","link":"https:\/\/www.europesays.com\/fi\/339639\/","title":{"rendered":"Mika Tommolan avioero peruttu &#8211; Ilta-Sanomat"},"content":{"rendered":"<p>Avioeroa on haettu aiemminkin.<\/p>\n<p><img decoding=\"async\" src=\"https:\/\/www.europesays.com\/fi\/wp-content\/uploads\/2026\/09\/1788359054_65_468.jpg\" alt=\"MTV:n uutisten loppukevennyksist\u00e4 tunnettu Mika Tommola on yh\u00e4 naimisissa.\" class=\"_Img_1rerz_1\" style=\"aspect-ratio:1920\/1080\" loading=\"eager\"\/><\/p>\n<p class=\"font-(family-name:--picture-caption-font-family) text-(length:--picture-caption-font-size) leading-(--picture-caption-leading) font-(--picture-caption-font-weight) text-(color:--picture-caption-color)\">MTV:n uutisten loppukevennyksist\u00e4 tunnettu Mika Tommola on yh\u00e4 naimisissa. Kuva:\u00a0Panu P\u00e4lvi\u00e4<\/p>\n<p class=\"article-body mb-(--paragraph-margin-b) px-nof-16\">MTV:n el\u00e4k\u00f6ityneen toimittajan <a class=\"font-bold underline-offset-[0.12em] [text-decoration:var(--person-link-text-decoration)] [text-decoration-color:var(--person-link-text-decoration-color)]!\" href=\"https:\/\/www.is.fi\/haku\/?query=Mika%20Tommolan\" rel=\"nofollow noopener\" target=\"_blank\">Mika Tommolan<\/a> avioero on rauennut. Helsingin k\u00e4r\u00e4j\u00e4oikeudesta kerrotaan IS:lle, ett\u00e4 toisen vaiheen avioerohakemusta ei j\u00e4tetty m\u00e4\u00e4r\u00e4p\u00e4iv\u00e4\u00e4n 17.8. menness\u00e4.<\/p>\n<p class=\"article-body mb-(--paragraph-margin-b) px-nof-16\">Tommolan vaimo haki eroa 14. hein\u00e4kuuta 2025. H\u00e4n on hakenut avioeroa useita kertoja aiemminkin, muun muassa vuonna 2022 ja vuonna 2023, mutta erot ovat rauenneet.<\/p>\n<p class=\"article-body mb-(--paragraph-margin-b) px-nof-16\">My\u00f6s uusin hakemus on rauennut, eli pari on yh\u00e4 naimisissa.<\/p>\n<p class=\"article-body mb-(--paragraph-margin-b) px-nof-16\">Mika Tommola tuomittiin vaimonsa kahdesta pahoinpitelyst\u00e4 sakkoihin lokakuussa 2024. My\u00f6s h\u00e4nen vaimonsa tuomittiin Tommolan kahdesta pahoinpitelyst\u00e4.<\/p>\n<p class=\"article-body mb-(--paragraph-margin-b) px-nof-16\">Tuomio j\u00e4i lainvoimaiseksi, eli kumpikin tyytyi tuomioonsa eik\u00e4 valittanut siit\u00e4.<\/p>\n<p class=\"article-body mb-(--paragraph-margin-b) px-nof-16\">Tommola tuomittiin 60 p\u00e4iv\u00e4sakon suuruiseen rangaistukseen, josta kertyi Tommolan tuloilla maksettavaa 3 240 euroa. Vaimo puolestaan tuomittiin 40 p\u00e4iv\u00e4sakon suuruiseen rangaistukseen, josta kertyi h\u00e4nelle maksettavaa 1 800 euroa.<\/p>\n<p class=\"article-body mb-(--paragraph-margin-b) px-nof-16\">Mika Tommola ilmoitti viime joulukuussa Instagramissa j\u00e4\u00e4v\u00e4ns\u00e4 el\u00e4kkeelle MTV:lt\u00e4.<\/p>\n<p class=\"article-body mb-(--paragraph-margin-b) px-nof-16\">Tommola aloitti kes\u00e4toimittajana MTV:ll\u00e4 vuonna 1984. Vuodesta 1990 h\u00e4n ty\u00f6skenteli ulkomaantoimittajana ennen kuin siirtyi vuosikymmenen lopulla kotimaantoimitukseen.<\/p>\n","protected":false},"excerpt":{"rendered":"Avioeroa on haettu aiemminkin. MTV:n uutisten loppukevennyksist\u00e4 tunnettu Mika Tommola on yh\u00e4 naimisissa. Kuva:\u00a0Panu P\u00e4lvi\u00e4 MTV:n el\u00e4k\u00f6ityneen toimittajan&hellip;\n","protected":false},"author":2,"featured_media":339640,"comment_status":"","ping_status":"","sticky":false,"template":"","format":"standard","meta":{"footnotes":"","_share_on_mastodon":"0"},"categories":[136],"tags":[407,137,33,31,30,34,408,32,109],"class_list":["post-339639","post","type-post","status-publish","format-standard","has-post-thumbnail","category-julkkikset","tag-celebrities","tag-entertainment","tag-fi","tag-finland","tag-finnish","tag-ilta-sanomat","tag-julkkikset","tag-suomi","tag-viihde"],"share_on_mastodon":{"url":"https:\/\/pubeurope.com\/@fi\/117201907003542755","error":""},"_links":{"self":[{"href":"https:\/\/www.europesays.com\/fi\/wp-json\/wp\/v2\/posts\/339639","targetHints":{"allow":["GET"]}}],"collection":[{"href":"https:\/\/www.europesays.com\/fi\/wp-json\/wp\/v2\/posts"}],"about":[{"href":"https:\/\/www.europesays.com\/fi\/wp-json\/wp\/v2\/types\/post"}],"author":[{"embeddable":true,"href":"https:\/\/www.europesays.com\/fi\/wp-json\/wp\/v2\/users\/2"}],"replies":[{"embeddable":true,"href":"https:\/\/www.europesays.com\/fi\/wp-json\/wp\/v2\/comments?post=339639"}],"version-history":[{"count":0,"href":"https:\/\/www.europesays.com\/fi\/wp-json\/wp\/v2\/posts\/339639\/revisions"}],"wp:featuredmedia":[{"embeddable":true,"href":"https:\/\/www.europesays.com\/fi\/wp-json\/wp\/v2\/media\/339640"}],"wp:attachment":[{"href":"https:\/\/www.europesays.com\/fi\/wp-json\/wp\/v2\/media?parent=339639"}],"wp:term":[{"taxonomy":"category","embeddable":true,"href":"https:\/\/www.europesays.com\/fi\/wp-json\/wp\/v2\/categories?post=339639"},{"taxonomy":"post_tag","embeddable":true,"href":"https:\/\/www.europesays.com\/fi\/wp-json\/wp\/v2\/tags?post=339639"}],"curies":[{"name":"wp","href":"https:\/\/api.w.org\/{rel}","templated":true}]}}