{"id":339657,"date":"2026-09-02T14:55:10","date_gmt":"2026-09-02T14:55:10","guid":{"rendered":"https:\/\/www.europesays.com\/fi\/339657\/"},"modified":"2026-09-02T14:55:10","modified_gmt":"2026-09-02T14:55:10","slug":"iron-maiden-on-aloittanut-kiertueensa-pohjois-amerikassa-tallaisissa-tunnelmissa-yhtye-seikkaili-kanadassa","status":"publish","type":"post","link":"https:\/\/www.europesays.com\/fi\/339657\/","title":{"rendered":"Iron Maiden on aloittanut kiertueensa Pohjois-Amerikassa \u2013 t\u00e4llaisissa tunnelmissa yhtye seikkaili Kanadassa"},"content":{"rendered":"<p class=\"wp-block-paragraph\">Iron Maidenin kiertuekaravaani on matkustanut Atlantin tuolle puolen. Yhtye keskittyy syyskuun ajan kiert\u00e4m\u00e4\u00e4n Kanadassa ja Yhdysvalloissa, ja lokakuussa b\u00e4ndi siirtyy Meksikon kautta kohti Etel\u00e4-Amerikkaa. Sielt\u00e4 orkesteri matkaa marraskuun alussa Uuteen-Seelantiin, ja kunhan Australia ja Japanikin on k\u00e4yty viel\u00e4 l\u00e4pi, brittiherrat voivat aloittaa hyvin ansaitun joulutauon. Pakko arvostaa t\u00e4llaista turnauskest\u00e4vyytt\u00e4, ovathan Maiden-muusikot jo seitsenkymppisi\u00e4.<\/p>\n<p class=\"wp-block-paragraph\">Nyt b\u00e4ndi on julkaissut virallisen koosteen Pohjois-Amerikan-kiertueen alkutunnelmista Kanadassa. Bruce Dickinson her\u00e4tti pari p\u00e4iv\u00e4\u00e4 sitten huomiota puhumalla suureen \u00e4\u00e4neen b\u00e4ndin ylitt\u00e4neen hiljattain Ontarioj\u00e4rven \u2013 t\u00e4m\u00e4n vesist\u00f6h\u00e4n on ollut viime aikoina kiivaan keskustelun aiheena, kun Yhdysvaltain presidentti Donald Trump ilmoitti Yhdysvaltain ja Kanadan v\u00e4lisen kauppasodan tiimellyksess\u00e4 j\u00e4rven nimen olevan t\u00e4st\u00e4 eteenp\u00e4in Amerikkaj\u00e4rvi. Tuoreella videolla ei t\u00e4h\u00e4n v\u00e4\u00e4nt\u00f6\u00f6n oteta en\u00e4\u00e4 liiemmin kantaa. Katso p\u00e4tk\u00e4 alempaa:<\/p>\n<p><img loading=\"lazy\" decoding=\"async\" alt=\"Youtube video\" width=\"480\" height=\"360\" data-pin-nopin=\"true\" nopin=\"nopin\" class=\"perfmatters-lazy\" src=\"https:\/\/www.europesays.com\/fi\/wp-content\/uploads\/2026\/09\/1788360910_837_hqdefault.jpg\"\/><\/p>\n","protected":false},"excerpt":{"rendered":"Iron Maidenin kiertuekaravaani on matkustanut Atlantin tuolle puolen. Yhtye keskittyy syyskuun ajan kiert\u00e4m\u00e4\u00e4n Kanadassa ja Yhdysvalloissa, ja lokakuussa&hellip;\n","protected":false},"author":2,"featured_media":339658,"comment_status":"","ping_status":"","sticky":false,"template":"","format":"standard","meta":{"footnotes":"","_share_on_mastodon":"0"},"categories":[132],"tags":[137,33,31,30,195,47,32,109],"class_list":["post-339657","post","type-post","status-publish","format-standard","has-post-thumbnail","category-musiikki","tag-entertainment","tag-fi","tag-finland","tag-finnish","tag-music","tag-musiikki","tag-suomi","tag-viihde"],"share_on_mastodon":{"url":"https:\/\/pubeurope.com\/@fi\/117202028704257904","error":""},"_links":{"self":[{"href":"https:\/\/www.europesays.com\/fi\/wp-json\/wp\/v2\/posts\/339657","targetHints":{"allow":["GET"]}}],"collection":[{"href":"https:\/\/www.europesays.com\/fi\/wp-json\/wp\/v2\/posts"}],"about":[{"href":"https:\/\/www.europesays.com\/fi\/wp-json\/wp\/v2\/types\/post"}],"author":[{"embeddable":true,"href":"https:\/\/www.europesays.com\/fi\/wp-json\/wp\/v2\/users\/2"}],"replies":[{"embeddable":true,"href":"https:\/\/www.europesays.com\/fi\/wp-json\/wp\/v2\/comments?post=339657"}],"version-history":[{"count":0,"href":"https:\/\/www.europesays.com\/fi\/wp-json\/wp\/v2\/posts\/339657\/revisions"}],"wp:featuredmedia":[{"embeddable":true,"href":"https:\/\/www.europesays.com\/fi\/wp-json\/wp\/v2\/media\/339658"}],"wp:attachment":[{"href":"https:\/\/www.europesays.com\/fi\/wp-json\/wp\/v2\/media?parent=339657"}],"wp:term":[{"taxonomy":"category","embeddable":true,"href":"https:\/\/www.europesays.com\/fi\/wp-json\/wp\/v2\/categories?post=339657"},{"taxonomy":"post_tag","embeddable":true,"href":"https:\/\/www.europesays.com\/fi\/wp-json\/wp\/v2\/tags?post=339657"}],"curies":[{"name":"wp","href":"https:\/\/api.w.org\/{rel}","templated":true}]}}