{"id":339669,"date":"2026-09-02T15:05:12","date_gmt":"2026-09-02T15:05:12","guid":{"rendered":"https:\/\/www.europesays.com\/fi\/339669\/"},"modified":"2026-09-02T15:05:12","modified_gmt":"2026-09-02T15:05:12","slug":"entisen-kansanedustaja-ano-turtiaisen-omakotitalo-on-ulosmitattu-kotimaa","status":"publish","type":"post","link":"https:\/\/www.europesays.com\/fi\/339669\/","title":{"rendered":"Entisen kansanedustaja Ano Turtiaisen omakotitalo on ulosmitattu | Kotimaa"},"content":{"rendered":"<p class=\"aw__sc-1qwuw0s-0 aw__sc-1vg2sqm-0 epAWpq ecELkD yle__article__paragraph\">Oikeuden ratkaisun mukaan k\u00e4r\u00e4j\u00e4oikeuden haastemies ei ole onnistunut toimittamaan haastetta Turtiaiselle.<\/p>\n<p><img decoding=\"async\" alt=\"Vaaleansininen omakotitalo lumen peitt\u00e4m\u00e4ll\u00e4 pihalla, taustalla lehdett\u00f6mi\u00e4 puita ja sininen taivas.\" src=\"https:\/\/www.europesays.com\/fi\/wp-content\/uploads\/2026\/09\/1788350878.jpeg\" class=\"aw__sc-dklauk-0 LPzKX\"\/><\/p>\n<p>Avaa kuvien katselu<\/p>\n<p>Entisen kansanedustajan Ano Turtiaisen omistama talo Juvalla on ulosmitattu. Talo on kuvattu talvella 2026. Kuva: Petri Vironen \/ Yle<\/p>\n<p class=\"aw__sc-1qwuw0s-0 aw__sc-ngllmo-0 epAWpq fzYpjk yle__article__paragraph\">Entisen Valta kuuluu kansalle -puolueen kansanedustaja <strong class=\"aw__sc-ngllmo-2 gdRrun yle__article__strong\">Ano Turtiaisen<\/strong> omakotitalo Juvalla on ulosmitattu.<\/p>\n<p class=\"aw__sc-1qwuw0s-0 aw__sc-ngllmo-0 epAWpq fzYpjk yle__article__paragraph\">Tiistaina julkaistun <a class=\"aw__sc-ngllmo-1 bTDnwX yle__article__link\" href=\"https:\/\/www.virallinenlehti.fi\/fi\/journal\/pdf\/2026066.pdf\" role=\"link\" rel=\"nofollow noopener\" target=\"_blank\">Virallinen lehden<\/a> tuomioistuinkuulutuksissa kerrotaan, ett\u00e4 Kymenlaakson k\u00e4r\u00e4j\u00e4oikeus on antanut asiassa yksipuolisen tuomion.<\/p>\n<p class=\"aw__sc-1qwuw0s-0 aw__sc-ngllmo-0 epAWpq fzYpjk yle__article__paragraph\">Asiasta uutisoi ensimm\u00e4isen\u00e4 <a class=\"aw__sc-ngllmo-1 bTDnwX yle__article__link\" href=\"https:\/\/www.iltalehti.fi\/politiikka\/a\/66fb213e-46bd-4a94-b24d-29a7b3d4efee\" role=\"link\" rel=\"nofollow noopener\" target=\"_blank\">Iltalehti<\/a>.<\/p>\n<p class=\"aw__sc-1qwuw0s-0 aw__sc-ngllmo-0 epAWpq fzYpjk yle__article__paragraph\">Kymenlaakson k\u00e4r\u00e4j\u00e4oikeuden tuomion mukaan Turtiainen on velkaa Oma S\u00e4\u00e4st\u00f6pankille 3\u00a0790,80 euroa. Lis\u00e4ksi pankilla on h\u00e4nelt\u00e4 korkosaatavia yhteens\u00e4 3\u00a0113,09 euroa ja muita kustannuksia kuten oikeudenk\u00e4yntikuluja 469 euroa.<\/p>\n<p class=\"aw__sc-1qwuw0s-0 aw__sc-ngllmo-0 epAWpq fzYpjk yle__article__paragraph\">Juvalla sijaitsevaan omakotitaloon kohdistuu kolme panttikirjaa, joista yksi on nimellisarvoltaan 150\u00a0000 euroa ja kaksi muuta panttikirjaa 80\u00a0000 euroa kumpikin.<\/p>\n<p class=\"aw__sc-1qwuw0s-0 aw__sc-ngllmo-0 epAWpq fzYpjk yle__article__paragraph\">Oikeuden ratkaisun mukaan k\u00e4r\u00e4j\u00e4oikeuden haastemies ei ole onnistunut toimittamaan haastetta Turtiaiselle. Turtiainen ei ole vastannut yhteydenottopyynt\u00f6ihin eik\u00e4 oikeus ole saanut tietoa h\u00e4nen olinpaikastaan.<\/p>\n<p class=\"aw__sc-1qwuw0s-0 aw__sc-ngllmo-0 epAWpq fzYpjk yle__article__paragraph\">K\u00e4r\u00e4j\u00e4oikeuden tuomion mukaan oikeus on tehnyt kohtuudella silt\u00e4 odotettavat toimenpiteet Turtiaisen olinpaikan selvitt\u00e4miseksi.<\/p>\n<p class=\"aw__sc-1qwuw0s-0 aw__sc-ngllmo-0 epAWpq fzYpjk yle__article__paragraph\">Ven\u00e4j\u00e4n sis\u00e4ministeri\u00f6n mukaan <a class=\"aw__sc-ngllmo-1 bTDnwX yle__article__link\" href=\"https:\/\/yle.fi\/a\/74-20201918\" role=\"link\" rel=\"nofollow noopener\" target=\"_blank\">Turtiainen on saanut Ven\u00e4j\u00e4lt\u00e4 pakolaisstatuksen<\/a>. H\u00e4n on my\u00f6s kertonut ven\u00e4l\u00e4isess\u00e4 mediassa, ett\u00e4 <a class=\"aw__sc-ngllmo-1 bTDnwX yle__article__link\" href=\"https:\/\/yle.fi\/a\/74-20238341\" role=\"link\" rel=\"nofollow noopener\" target=\"_blank\">h\u00e4n hakee Ven\u00e4j\u00e4n kansalaisuutta<\/a>.<\/p>\n<p class=\"aw__sc-1qwuw0s-0 aw__sc-ngllmo-0 epAWpq fzYpjk yle__article__paragraph\">Yksipuolinen tuomio tulee lainvoimaiseksi 30 p\u00e4iv\u00e4n kuluttua tiedoksiannosta, ellei vastaaja sin\u00e4 aikana hae k\u00e4r\u00e4j\u00e4oikeudelta takaisinsaantia. Takaisinsaanti tarkoittaa asian uudelleen k\u00e4sittely\u00e4 k\u00e4r\u00e4j\u00e4oikeudessa.<\/p>\n<p class=\"aw__sc-1qwuw0s-0 aw__sc-ngllmo-0 epAWpq fzYpjk yle__article__paragraph\">Oma S\u00e4\u00e4st\u00f6pankki muuttaa omaisuuden rahaksi myym\u00e4ll\u00e4 sen. Jos velka maksetaan ennen omaisuuden myynti\u00e4, ulosmittaus raukeaa ja omaisuus palautetaan velalliselle.<\/p>\n<p class=\"aw__sc-1qwuw0s-0 aw__sc-ngllmo-0 epAWpq fzYpjk yle__article__paragraph\">Maaliskuussa mikkelil\u00e4inen <a class=\"aw__sc-ngllmo-1 bTDnwX yle__article__link\" href=\"https:\/\/yle.fi\/a\/74-20212670\" role=\"link\" rel=\"nofollow noopener\" target=\"_blank\">taloyhti\u00f6 otti haltuunsa Turtiaisen omistaman asunnon<\/a> kolmeksi vuodeksi vastiker\u00e4stien vuoksi.<\/p>\n","protected":false},"excerpt":{"rendered":"Oikeuden ratkaisun mukaan k\u00e4r\u00e4j\u00e4oikeuden haastemies ei ole onnistunut toimittamaan haastetta Turtiaiselle. Avaa kuvien katselu Entisen kansanedustajan Ano Turtiaisen&hellip;\n","protected":false},"author":2,"featured_media":339670,"comment_status":"","ping_status":"","sticky":false,"template":"","format":"standard","meta":{"footnotes":"","_share_on_mastodon":"0"},"categories":[5],"tags":[22786,22,23,184,26,27,33,31,30,17,71,24,25,28,29,15,6411,1915,18,21,888,32,19,20,16],"class_list":["post-339669","post","type-post","status-publish","format-standard","has-post-thumbnail","category-otsikot","tag-ano-turtiainen","tag-breaking-news","tag-breakingnews","tag-etela-savo","tag-featured-news","tag-featurednews","tag-fi","tag-finland","tag-finnish","tag-headlines","tag-kotimaa","tag-latest-news","tag-latestnews","tag-main-news","tag-mainnews","tag-news","tag-oikeuden-paatos","tag-oikeus","tag-otsikot","tag-paauutiset","tag-suomalaiset-poliitikot","tag-suomi","tag-top-stories","tag-topstories","tag-uutiset"],"share_on_mastodon":{"url":"https:\/\/pubeurope.com\/@fi\/117202068044838470","error":""},"_links":{"self":[{"href":"https:\/\/www.europesays.com\/fi\/wp-json\/wp\/v2\/posts\/339669","targetHints":{"allow":["GET"]}}],"collection":[{"href":"https:\/\/www.europesays.com\/fi\/wp-json\/wp\/v2\/posts"}],"about":[{"href":"https:\/\/www.europesays.com\/fi\/wp-json\/wp\/v2\/types\/post"}],"author":[{"embeddable":true,"href":"https:\/\/www.europesays.com\/fi\/wp-json\/wp\/v2\/users\/2"}],"replies":[{"embeddable":true,"href":"https:\/\/www.europesays.com\/fi\/wp-json\/wp\/v2\/comments?post=339669"}],"version-history":[{"count":0,"href":"https:\/\/www.europesays.com\/fi\/wp-json\/wp\/v2\/posts\/339669\/revisions"}],"wp:featuredmedia":[{"embeddable":true,"href":"https:\/\/www.europesays.com\/fi\/wp-json\/wp\/v2\/media\/339670"}],"wp:attachment":[{"href":"https:\/\/www.europesays.com\/fi\/wp-json\/wp\/v2\/media?parent=339669"}],"wp:term":[{"taxonomy":"category","embeddable":true,"href":"https:\/\/www.europesays.com\/fi\/wp-json\/wp\/v2\/categories?post=339669"},{"taxonomy":"post_tag","embeddable":true,"href":"https:\/\/www.europesays.com\/fi\/wp-json\/wp\/v2\/tags?post=339669"}],"curies":[{"name":"wp","href":"https:\/\/api.w.org\/{rel}","templated":true}]}}