{"id":339673,"date":"2026-09-02T15:18:11","date_gmt":"2026-09-02T15:18:11","guid":{"rendered":"https:\/\/www.europesays.com\/fi\/339673\/"},"modified":"2026-09-02T15:18:11","modified_gmt":"2026-09-02T15:18:11","slug":"beata-leppilampi-vietti-ikimuistoisen-viikonlopun-perheensa-kanssa-espoossa","status":"publish","type":"post","link":"https:\/\/www.europesays.com\/fi\/339673\/","title":{"rendered":"Beata Leppilampi vietti ikimuistoisen viikonlopun perheens\u00e4 kanssa Espoossa"},"content":{"rendered":"<p>\n            (040725) &#8212; Savonlinna, July 4, 2025 \u2013 Beata Leppilampi poses for the camera during Savonlinna Opera Festival &#8211; red carpet in Savonlinna, Finland, 4. July 2025. (Matti Matikainen\/Aller Media)<br \/>\n            Matti Matikainen\n        <\/p>\n<p class=\"subtitle \">Beata Leppilampi on viett\u00e4nyt poikkeuksellista viikkoa perheens\u00e4 kanssa.<\/p>\n<p class=\"article-content article-content-width !bg-background\">Kaikille , 31, sosiaalisessa mediassa seuraaville on selv\u00e4\u00e4, ett\u00e4 Beata on perhekeskeinen ihminen.<\/p>\n<p class=\"font-weight-bold m-font-weight-bold article-content article-content-width !bg-background\">Video: Beata Leppilampi inspiroi lapsiaan lukemaan.\u00a0<\/p>\n<p class=\"article-content article-content-width !bg-background\">Nyt Beata on saanut nauttia harvinaisen ihanasta viikonlopusta paitsi puolisonsa  ja heid\u00e4n lastensa kanssa, my\u00f6s sisarustensa seurassa. Lis\u00e4ksi viikonloppuun mahtui my\u00f6s uudempia tuttavuuksia ja yll\u00e4tysjuhlat.\u00a0<\/p>\n<p>        <a itemprop=\"url\" href=\"https:\/\/www.seiska.fi\/kotimaa\/beata-leppilampi-iloinen-perheuutinen\/2245774\" rel=\"nofollow noopener\" target=\"_blank\"><\/p>\n<p>\nBeata Leppilampi\n<\/p>\n<p class=\"section-date\">\n        <strong class=\"article-section\" data-section=\"kotimaa\"><br \/>\n            kotimaa<br \/>\n        <\/strong><br \/>\n        27.8. 15:14\n    <\/p>\n<p>Beata Leppilampi: Iloinen perheuutinen\n    <\/p>\n<p itemprop=\"description\" class=\"subtitle \">\n    Beatan Chachi Hild\u00e9niin aikoinaan yhdistetty pikkuveli on palannut Suomeen.\n<\/p>\n<p>        <\/a><\/p>\n<p>Koko perhe koolla<\/p>\n<p class=\"article-content article-content-width !bg-background\">Beata jakoi maanantaina Instagramissa kuvakarusellin, josta selvi\u00e4\u00e4, ett\u00e4 koko perhe on ker\u00e4\u00e4ntynyt koolle nauttimaan laatuajasta yhdess\u00e4.<\/p>\n<p class=\"article-content article-content-width !bg-background\">\u2013 En ole hetkeen kokenut n\u00e4in merkityksellist\u00e4 viikonloppua&#8230; Beata kirjoittaa julkaisunsa ensimm\u00e4isess\u00e4 kuvassa.<\/p>\n<p class=\"article-content article-content-width !bg-background\">Voit katsoa julkaisun alta tai <a href=\"https:\/\/www.instagram.com\/p\/Dcssi-0DB6u\/?img_index=1\" target=\"_blank\" rel=\"nofollow noopener\">t\u00e4st\u00e4 linkist\u00e4<\/a>.<\/p>\n<p class=\"article-content article-content-width !bg-background\">\u2013 Viikonloppu alkoi yhteisell\u00e4 grillauksella, saunomisella ja uimisella, Beata kertoo kuvien ohessa.\u00a0<\/p>\n<p class=\"article-content article-content-width !bg-background\">Julkaisusta selvi\u00e4\u00e4, ett\u00e4 poppoo on nauttinut kes\u00e4n viimeisist\u00e4 hetkist\u00e4 Espoon Matasaaressa. Beatan jakamassa kuvassa n\u00e4kyy perhe veden \u00e4\u00e4relle sy\u00f6m\u00e4\u00e4n ker\u00e4\u00e4ntyneen\u00e4. P\u00f6yd\u00e4ss\u00e4 on ainakin pullo ros\u00e9-viini\u00e4 ja hot dog -ainekset.\u00a0<\/p>\n<p class=\"article-content article-content-width !bg-background\">Mukana menossa on ollut totta kai my\u00f6s Mikon tyt\u00e4r .<\/p>\n<p class=\"font-weight-normal m-font-weight-normal article-content article-content-width !bg-background\">Saaristosta mukaan nauttimaan ovat tulleet my\u00f6s Beatan veljet  ja .<\/p>\n<p class=\"article-content article-content-width !bg-background\">\u2013 Pojat nauttii niin paljon, kun saivat huomioo enoilta, Beata kirjoittaa julkaisussaan. Videolla n\u00e4kyv\u00e4t Beatan ja Mikon pojat enojensa harteilla.<\/p>\n<p>        <a itemprop=\"url\" href=\"https:\/\/www.seiska.fi\/vain-seiskassa\/kuva-mikko-leppilampi-jatti-kotikaupunkinsa-beata-vihjailee-suurista-muutoksista\/2241887\" rel=\"nofollow noopener\" target=\"_blank\"><\/p>\n<p>\nBeata vihjailee muutoksista\n<\/p>\n<p class=\"section-date\">\n        <strong class=\"article-section\" data-section=\"vain seiskassa\"><br \/>\n            vain seiskassa<br \/>\n        <\/strong><br \/>\n        25.8. 06:00\n    <\/p>\n<p>Kuva: Mikko Leppilampi j\u00e4tti kotikaupunkinsa \u2013 Beata vihjailee suurista muutoksista\n    <\/p>\n<p itemprop=\"description\" class=\"subtitle \">\n    Mikko j\u00e4tti Espoon taakseen samalla, kun Beata vihjailee perheen arjen mullistavista muutoksista.\n<\/p>\n<p>        <\/a><\/p>\n<p>Uusi perheenj\u00e4sen<\/p>\n<p class=\"article-content article-content-width !bg-background\">Lis\u00e4ksi paikan p\u00e4\u00e4ll\u00e4 on ollut yksi tuoreempi perheenj\u00e4sen.<\/p>\n<p class=\"article-content article-content-width !bg-background\">\u2013 Sitten saatiin kyl\u00e4\u00e4n sukulaisia, tapaamaan pikkuveljen uutta tytt\u00f6yst\u00e4v\u00e4\u00e4 ensimm\u00e4ist\u00e4 kertaa, Beata paljastaa julkaisussaan.<\/p>\n<p class=\"article-content article-content-width !bg-background\">Kyseess\u00e4 on siis ollut Beatan Benjam-veljen uusi puoliso.<\/p>\n<p class=\"article-content article-content-width !bg-background\">Viikonloppu on huipentunut yll\u00e4tysjuhliin.<\/p>\n<p class=\"article-content article-content-width !bg-background\">\u2013 Yll\u00e4tettiin poikien \u00e4iti syntt\u00e4rijuhlilla, joista h\u00e4nell\u00e4 ei onneksi ollut aavistustakaan, Beata kirjoittaa.<\/p>\n<p class=\"article-content article-content-width !bg-background\">Juhliin on sis\u00e4ltynyt erityisen liikuttava hetki, kun Beatan ja Mikon pojat ovat esiintyneet iso\u00e4idilleen. Beatan jakamassa kuvassa n\u00e4kyv\u00e4t pojat lavalla siteet silmill\u00e4\u00e4n, esitykseens\u00e4 uppoutuneina.<\/p>\n<p>        <a itemprop=\"url\" href=\"https:\/\/www.seiska.fi\/kotimaa\/oho-beata-leppilammella-rohkea-festariasu\/2236131\" rel=\"nofollow noopener\" target=\"_blank\"><\/p>\n<p>\nOho!\n<\/p>\n<p class=\"section-date\">\n        <strong class=\"article-section\" data-section=\"kotimaa\"><br \/>\n            kotimaa<br \/>\n        <\/strong><br \/>\n        16.8. 16:30\n    <\/p>\n<p>Oho! Beata Leppilammella rohkea festariasu\n    <\/p>\n<p itemprop=\"description\" class=\"subtitle \">\n    Beata Leppilampi innostui tekem\u00e4\u00e4n jotain aivan uutta.\n<\/p>\n<p>        <\/a><\/p>\n<p><script async src=\"\/\/www.instagram.com\/embed.js\"><\/script><\/p>\n","protected":false},"excerpt":{"rendered":"(040725) &#8212; Savonlinna, July 4, 2025 \u2013 Beata Leppilampi poses for the camera during Savonlinna Opera Festival &#8211;&hellip;\n","protected":false},"author":2,"featured_media":339674,"comment_status":"","ping_status":"","sticky":false,"template":"","format":"standard","meta":{"footnotes":"","_share_on_mastodon":"0"},"categories":[136],"tags":[3369,4421,407,137,400,33,31,30,408,4424,98,32,109],"class_list":["post-339673","post","type-post","status-publish","format-standard","has-post-thumbnail","category-julkkikset","tag-beata-leppilampi","tag-benjam-papp","tag-celebrities","tag-entertainment","tag-espoo","tag-fi","tag-finland","tag-finnish","tag-julkkikset","tag-mikko-leppilampi","tag-perhe","tag-suomi","tag-viihde"],"share_on_mastodon":{"url":"https:\/\/pubeurope.com\/@fi\/117202118586354024","error":""},"_links":{"self":[{"href":"https:\/\/www.europesays.com\/fi\/wp-json\/wp\/v2\/posts\/339673","targetHints":{"allow":["GET"]}}],"collection":[{"href":"https:\/\/www.europesays.com\/fi\/wp-json\/wp\/v2\/posts"}],"about":[{"href":"https:\/\/www.europesays.com\/fi\/wp-json\/wp\/v2\/types\/post"}],"author":[{"embeddable":true,"href":"https:\/\/www.europesays.com\/fi\/wp-json\/wp\/v2\/users\/2"}],"replies":[{"embeddable":true,"href":"https:\/\/www.europesays.com\/fi\/wp-json\/wp\/v2\/comments?post=339673"}],"version-history":[{"count":0,"href":"https:\/\/www.europesays.com\/fi\/wp-json\/wp\/v2\/posts\/339673\/revisions"}],"wp:featuredmedia":[{"embeddable":true,"href":"https:\/\/www.europesays.com\/fi\/wp-json\/wp\/v2\/media\/339674"}],"wp:attachment":[{"href":"https:\/\/www.europesays.com\/fi\/wp-json\/wp\/v2\/media?parent=339673"}],"wp:term":[{"taxonomy":"category","embeddable":true,"href":"https:\/\/www.europesays.com\/fi\/wp-json\/wp\/v2\/categories?post=339673"},{"taxonomy":"post_tag","embeddable":true,"href":"https:\/\/www.europesays.com\/fi\/wp-json\/wp\/v2\/tags?post=339673"}],"curies":[{"name":"wp","href":"https:\/\/api.w.org\/{rel}","templated":true}]}}