{"id":339675,"date":"2026-09-02T15:21:14","date_gmt":"2026-09-02T15:21:14","guid":{"rendered":"https:\/\/www.europesays.com\/fi\/339675\/"},"modified":"2026-09-02T15:21:14","modified_gmt":"2026-09-02T15:21:14","slug":"maajussille-morsian-harmitus-osa-maajusseista-ei-osallistu-pikatreffeille-malmgardin-kartanossa","status":"publish","type":"post","link":"https:\/\/www.europesays.com\/fi\/339675\/","title":{"rendered":"Maajussille morsian -harmitus &#8211; Osa maajusseista ei osallistu pikatreffeille Malmg\u00e5rdin kartanossa"},"content":{"rendered":"<p><a href=\"https:\/\/www.suomi24.fi\/viihde\/l\/yllattava-maajussille-morsian-paatos-he-jaivat-rannalle-ruikuttamaan-6169-1.webp\" rel=\"nofollow noopener\" target=\"_blank\"><img decoding=\"async\" src=\"https:\/\/www.europesays.com\/fi\/wp-content\/uploads\/2026\/09\/yllattava-maajussille-morsian-paatos-he-jaivat-rannalle-ruikuttamaan-6169-1.webp\" alt=\"Maajussille morsian\" loading=\"lazy\"\/><\/a>Maajussille morsian -esittelyjakson maajussit vm 2026 ja keskell\u00e4 ohjelman juontaja Vappu Pimi\u00e4. Maajussien kuvat MTV3, Pimi\u00e4n kuva K. Kurki, kollaasi photocollage<\/p>\n<p>Maajussille morsian suosikkisarja on tehnyt paluun. Vuorossa on jo 19. kausi t\u00e4t\u00e4 suosittua rakkausreality\u00e4.<\/p>\n<p>Osaa maajusseista ei kuitenkaan n\u00e4hd\u00e4 en\u00e4\u00e4 tv:ss\u00e4.<\/p>\n<p>Uuden kauden esittelyjaksossa mukana oli kahdeksan maajussia. Rakkautta etsittiin niin perinteisille maito- ja viljatiloille kuin hevos- ja luomuvihannestiloille. Viel\u00e4 kirjeiden lukujaksossa mukana oli seitsem\u00e4n maajussia.<\/p>\n<p>Nelj\u00e4 maajussia jatkaa suositussa Maajussille morsian -sarjassa. Maajussit <strong>Asko, Jetta, Antti <\/strong>ja<strong> Perttu<\/strong> ovat mukana rakkausrealityss\u00e4.<\/p>\n<p>Seuraavassa jaksossa maajussit tapaavat ensi kertaa morsio- ja sulhoehdokkaansa Malmg\u00e5rdin kartanossa. Tiedossa on viiden minuutin pikatreffit.<\/p>\n<p>Lue my\u00f6s: <a href=\"https:\/\/www.suomi24.fi\/viihde\/kuka-heista-on-kirjekuningas-tassa-ovat-uudet-maajussille-morsian-maajussit\" rel=\"noopener noreferrer nofollow\" target=\"_blank\">Kuka heist\u00e4 on kirjekuningas? T\u00e4ss\u00e4 ovat uudet Maajussille morsian maajussit<\/a><\/p>\n<p><a href=\"https:\/\/www.suomi24.fi\/viihde\/l\/6a86d57646188-6169.webp\" rel=\"nofollow noopener\" target=\"_blank\"><img decoding=\"async\" src=\"https:\/\/www.europesays.com\/fi\/wp-content\/uploads\/2026\/09\/6a86d57646188-6169.webp\" alt=\"Maajussille morsian\" loading=\"lazy\"\/><\/a><\/p>\n<p>Maajussit Antti, Perttu, Asko ja Jetta, keskell\u00e4 juontaja Vappu Pimi\u00e4. Kuva: K. KurkiHe j\u00e4iv\u00e4t rannalle<\/p>\n<p>Muutamana edelt\u00e4v\u00e4n\u00e4 syksyn\u00e4 p\u00e4\u00e4sarjasta ns. rannalle j\u00e4\u00e4neet maajussit on n\u00e4hty omassa ohjelmassaan. Se on ollut nimelt\u00e4\u00e4n <strong>Maajussille morsian: Kaikki tarinat<\/strong>.<\/p>\n<p>T\u00e4n\u00e4 syksyn\u00e4 ei n\u00e4hd\u00e4 Maajussille morsian: Kaikki tarinat sarjaa. T\u00e4m\u00e4 tarkoittaa my\u00f6s, ett\u00e4 emme n\u00e4e nelj\u00e4\u00e4 maajussia pikatreffeill\u00e4 Malmg\u00e5rdin kartanolla. Pois j\u00e4iv\u00e4t<strong> Ida, Hannu, Lasse <\/strong>ja<strong> Max<\/strong>.<\/p>\n<p>He olivat mukana esittelyjaksoissa ja kirjeiden avausjaksossa Maxia lukuunottamatta.<\/p>\n<p>Lue lis\u00e4\u00e4: <a href=\"https:\/\/www.suomi24.fi\/viihde\/mita-ihmetta-maajussi-max-pois-maajusseista-holaytti-heti-karkeen-valittavasta-morsiosta\" rel=\"noopener noreferrer nofollow\" target=\"_blank\">Mit\u00e4 ihmett\u00e4? Maajussi-Max pois Maajusseista &#8211; H\u00f6l\u00e4ytti heti k\u00e4rkeen &#8221;valittavasta&#8221; morsiosta<\/a><\/p>\n<p>Kirjeiden avausjaksossa koettiinkin melkoinen yll\u00e4tys, kun Ida, Hannu ja Lasse p\u00e4\u00e4siv\u00e4t yll\u00e4tt\u00e4en tapaamana kumppaniehdokasta. Tiedossa olivat siis yll\u00e4tystreffit.<\/p>\n<p><a href=\"https:\/\/www.suomi24.fi\/viihde\/l\/6a86d5c1c545d-6169.webp\" rel=\"nofollow noopener\" target=\"_blank\"><img decoding=\"async\" src=\"https:\/\/www.europesays.com\/fi\/wp-content\/uploads\/2026\/09\/6a86d5c1c545d-6169.webp\" alt=\"Maajussille morsian\" loading=\"lazy\"\/><\/a>Kuva: MTV3<\/p>\n<p><strong>Ida, 20, Vihti<\/strong><\/p>\n<p>Ida on energinen ja rohkea kaksikymppinen maanviljelij\u00e4 Vihdist\u00e4, joka yhdist\u00e4\u00e4 hevostilan arjen, metallialan ty\u00f6n ja tavoitteellisen urheilu-uran. H\u00e4n on nelj\u00e4nnen sukupolven jatkaja tilalla, jossa omien hevosten lis\u00e4ksi asustaa asiakashevosia, kissoja ja kes\u00e4lampaita.<\/p>\n<p><a href=\"https:\/\/www.suomi24.fi\/viihde\/l\/6a86d5d24fcca-6169.webp\" rel=\"nofollow noopener\" target=\"_blank\"><img decoding=\"async\" src=\"https:\/\/www.europesays.com\/fi\/wp-content\/uploads\/2026\/09\/6a86d5d24fcca-6169.webp\" alt=\"Maajussille morsian\" loading=\"lazy\"\/><\/a>Kuva: MTV3<\/p>\n<p><strong>Hannu, 24, Tervajoki<\/strong><\/p>\n<p>Hannu on 24\u2011vuotias agrologi Tervajoelta, joka ty\u00f6skentelee suvun viljatilalla ja haluaa jatkaa sen kehitt\u00e4mist\u00e4 tuleville sukupolville.<\/p>\n<p>Maatalous, mets\u00e4nhoito ja maaseudun arvot ovat h\u00e4nelle t\u00e4rkeit\u00e4, ja p\u00e4ivisin h\u00e4n toimii hankeasiantuntijana ja kouluttajana vahvistaen maatalousyritt\u00e4jien osaamista.<\/p>\n<p><a href=\"https:\/\/www.suomi24.fi\/viihde\/l\/6a86d5f5f001a-6169.webp\" rel=\"nofollow noopener\" target=\"_blank\"><img decoding=\"async\" src=\"https:\/\/www.europesays.com\/fi\/wp-content\/uploads\/2026\/09\/6a86d5f5f001a-6169.webp\" alt=\"Maajussille morsian\" loading=\"lazy\"\/><\/a>Kuva: MTV3<\/p>\n<p><strong>Lasse, 24, Kankaanp\u00e4\u00e4<\/strong><\/p>\n<p>Lasse on 24\u2011vuotias maitotilan jatkaja Kankaanp\u00e4\u00e4st\u00e4. H\u00e4n ty\u00f6skentelee perheens\u00e4 tilalla, jossa on noin 40 lypsylehm\u00e4\u00e4 ja satakunta nuorkarjaa, ja tekee talvisin t\u00f6it\u00e4 my\u00f6s kuorma-autonkuljettajana.<\/p>\n<p>Arki kuluu pitk\u00e4lti peltot\u00f6iss\u00e4 ja koneiden parissa, mutta vapaa-ajalla Lasse hiiht\u00e4\u00e4, py\u00f6r\u00e4ilee ja osallistuu SM-kynt\u00f6ihin.<\/p>\n<p><a href=\"https:\/\/www.suomi24.fi\/viihde\/l\/6a86d6087ddfa-6169.webp\" rel=\"nofollow noopener\" target=\"_blank\"><img decoding=\"async\" src=\"https:\/\/www.europesays.com\/fi\/wp-content\/uploads\/2026\/09\/6a86d6087ddfa-6169.webp\" alt=\"Maajussille morsian\" loading=\"lazy\"\/><\/a><\/p>\n<p>Kuva: MTV3<\/p>\n<p><strong>Max, 24, Valkeala<\/strong><\/p>\n<p>Max on 24\u2011vuotias valkealalainen maaseudun kasvatti, joka ty\u00f6skentelee perhetilalla perunanviljelyn parissa. H\u00e4n viihtyy luonnon rauhassa, mutta k\u00e4y my\u00f6s ihmisten ilmoilla.<\/p>\n<p>Uusi sarja Rakkaat maajussit<\/p>\n<p>Vaikkei Kaikki tarinat -sarjaa n\u00e4hd\u00e4, tiedossa on kuitenkin kaksi maajussi-sarjaa.<\/p>\n<p>Uudessa <strong>Rakkaat Maajussit <\/strong>-sarjassa seurataan aiemmilla kausilla Maajussille morsian -ohjelmassa olleiden maajussien el\u00e4m\u00e4\u00e4.<\/p>\n<p>Mukana ovat ohjelmasta toisensa l\u00f6yt\u00e4neet <strong>Niina <\/strong>ja <strong>Kalle <\/strong>Sastamalasta, <strong>Tuomo<\/strong> ja <strong>Marjo <\/strong>Rantasalmelta sek\u00e4 <strong>Victoria <\/strong>Laitilasta ja <strong>Tarja <\/strong>Riistavedelt\u00e4.<\/p>\n<p>Lue my\u00f6s: <a href=\"https:\/\/www.suomi24.fi\/viihde\/maajussille-morsian-tulevissa-jaksoissa-isoja-muutoksia-yksi-yllatys-pelastyttaa-heti\" rel=\"noopener noreferrer nofollow\" target=\"_blank\">Maajussille morsian tulevissa jaksoissa isoja muutoksia &#8211; Yksi yll\u00e4tys pel\u00e4stytt\u00e4\u00e4 heti<\/a><\/p>\n<p><a href=\"https:\/\/www.suomi24.fi\/viihde\/l\/6a86d7f86b257-6169.webp\" rel=\"nofollow noopener\" target=\"_blank\"><img decoding=\"async\" src=\"https:\/\/www.europesays.com\/fi\/wp-content\/uploads\/2026\/09\/6a86d7f86b257-6169.webp\" alt=\"Maajussille morsian\" loading=\"lazy\"\/><\/a>Rakkaat maajussit: Victoria, Niina ja Kalle, Marjo ja Tuomo sek\u00e4 Tarja. Kuva: K. Kurki<\/p>\n<p>Maajussille morsian MTV Katsomossa ja MTV-kanavalla ma klo 20.00.<\/p>\n<p>Rakkaat Maajussit MTV Katsomossa ja MTV3-kanavalla ma klo 21.30.<\/p>\n<p><a href=\"https:\/\/www.telsu.fi\/?ref=s24_article\" rel=\"noopener noreferrer nofollow\" target=\"_blank\">Katso tv-ohjelma-ajat Telsu.fi<\/a><\/p>\n","protected":false},"excerpt":{"rendered":"Maajussille morsian -esittelyjakson maajussit vm 2026 ja keskell\u00e4 ohjelman juontaja Vappu Pimi\u00e4. Maajussien kuvat MTV3, Pimi\u00e4n kuva K.&hellip;\n","protected":false},"author":2,"featured_media":339676,"comment_status":"","ping_status":"","sticky":false,"template":"","format":"standard","meta":{"footnotes":"","_share_on_mastodon":"0"},"categories":[133],"tags":[137,33,31,30,32,206,156,109],"class_list":["post-339675","post","type-post","status-publish","format-standard","has-post-thumbnail","category-televisiot","tag-entertainment","tag-fi","tag-finland","tag-finnish","tag-suomi","tag-televisiot","tag-tv","tag-viihde"],"share_on_mastodon":{"url":"https:\/\/pubeurope.com\/@fi\/117202131218966761","error":""},"_links":{"self":[{"href":"https:\/\/www.europesays.com\/fi\/wp-json\/wp\/v2\/posts\/339675","targetHints":{"allow":["GET"]}}],"collection":[{"href":"https:\/\/www.europesays.com\/fi\/wp-json\/wp\/v2\/posts"}],"about":[{"href":"https:\/\/www.europesays.com\/fi\/wp-json\/wp\/v2\/types\/post"}],"author":[{"embeddable":true,"href":"https:\/\/www.europesays.com\/fi\/wp-json\/wp\/v2\/users\/2"}],"replies":[{"embeddable":true,"href":"https:\/\/www.europesays.com\/fi\/wp-json\/wp\/v2\/comments?post=339675"}],"version-history":[{"count":0,"href":"https:\/\/www.europesays.com\/fi\/wp-json\/wp\/v2\/posts\/339675\/revisions"}],"wp:featuredmedia":[{"embeddable":true,"href":"https:\/\/www.europesays.com\/fi\/wp-json\/wp\/v2\/media\/339676"}],"wp:attachment":[{"href":"https:\/\/www.europesays.com\/fi\/wp-json\/wp\/v2\/media?parent=339675"}],"wp:term":[{"taxonomy":"category","embeddable":true,"href":"https:\/\/www.europesays.com\/fi\/wp-json\/wp\/v2\/categories?post=339675"},{"taxonomy":"post_tag","embeddable":true,"href":"https:\/\/www.europesays.com\/fi\/wp-json\/wp\/v2\/tags?post=339675"}],"curies":[{"name":"wp","href":"https:\/\/api.w.org\/{rel}","templated":true}]}}