{"id":339679,"date":"2026-09-02T15:26:13","date_gmt":"2026-09-02T15:26:13","guid":{"rendered":"https:\/\/www.europesays.com\/fi\/339679\/"},"modified":"2026-09-02T15:26:13","modified_gmt":"2026-09-02T15:26:13","slug":"ariana-grande-sai-kiertueensa-paatokseen-vetaytyy-julkisuudesta-uutissuomalainen-2","status":"publish","type":"post","link":"https:\/\/www.europesays.com\/fi\/339679\/","title":{"rendered":"Ariana Grande sai kiertueensa p\u00e4\u00e4t\u00f6kseen, vet\u00e4ytyy julkisuudesta | Uutissuomalainen"},"content":{"rendered":"<p>Popt\u00e4hti <strong>Ariana Grande<\/strong> on saanut Eternal Sunshine -kiertueensa p\u00e4\u00e4t\u00f6kseen, muun muassa <a href=\"https:\/\/www.bbc.com\/news\/articles\/c4gj0l34g78o\" rel=\"nofollow noopener\" target=\"_blank\">BBC<\/a> ja viihdemedia <a href=\"https:\/\/variety.com\/2026\/music\/news\/ariana-grande-tears-up-eternal-sunshine-tour-finale-london-1236848730\/\" rel=\"nofollow noopener\" target=\"_blank\">Variety<\/a> kertovat.<\/p>\n<p>Kiertue p\u00e4\u00e4ttyi Lontoon O2-areenalle tiistaina.<\/p>\n<p>Grande ilmoitti jo kes\u00e4ll\u00e4 vet\u00e4ytyv\u00e4ns\u00e4 hetkeksi julkisuudesta kiertueen p\u00e4\u00e4tytty\u00e4.<\/p>\n<p>\u2013\u2009T\u00e4m\u00e4 on ollut yksi el\u00e4m\u00e4ni kauneimmista ja ainutlaatuisimmista kokemuksista, ja haluaisin ilmaista kiitollisuuteni ilman, ett\u00e4 alan nyyhkytt\u00e4m\u00e4\u00e4n t\u00e4ysin, Grande sanoi lavalla.<\/p>\n<p>\u2013\u2009Mutta oikeasti, kiitos syd\u00e4meni pohjasta. T\u00e4m\u00e4 on ollut todella erityist\u00e4 ja vaalin t\u00e4t\u00e4 kokemusta ikuisesti. Minulla on ja on aina ollutkin maailman parhaat fanit.<\/p>\n<p>Laulaja esiintyi viimeisess\u00e4 show&#8217;ssaan perinteisten korkokenkiens\u00e4 sijaan korokepohjaisissa saappaissa jalkahaavan vuoksi.<\/p>\n<p><strong class=\"diks-storyline__impact\">Grande ilmoitti <\/strong>aikomuksestaan ottaa taukoa julkisuudesta viime kuussa sen j\u00e4lkeen, kun h\u00e4nen musiikkivideonsa Petal sai monet fanit huolestumaan h\u00e4nen painostaan, BBC kertoo.<\/p>\n<p>BBC:n mukaan Grande oli kuitenkin puhunut jo pidemp\u00e4\u00e4n halustaan keskitty\u00e4 n\u00e4yttelemiseen musiikin sijaan.<\/p>\n","protected":false},"excerpt":{"rendered":"Popt\u00e4hti Ariana Grande on saanut Eternal Sunshine -kiertueensa p\u00e4\u00e4t\u00f6kseen, muun muassa BBC ja viihdemedia Variety kertovat. Kiertue p\u00e4\u00e4ttyi&hellip;\n","protected":false},"author":2,"featured_media":339680,"comment_status":"","ping_status":"","sticky":false,"template":"","format":"standard","meta":{"footnotes":"","_share_on_mastodon":"0"},"categories":[130],"tags":[138,2326,137,33,31,30,763,3142,47,141,32,397,484,109],"class_list":["post-339679","post","type-post","status-publish","format-standard","has-post-thumbnail","category-viihde","tag-audio","tag-bbc","tag-entertainment","tag-fi","tag-finland","tag-finnish","tag-kulttuuri-ja-viihde","tag-lontoo","tag-musiikki","tag-muusikot-bandit","tag-suomi","tag-taide","tag-taiteellinen-ilmaisu-ja-mediat","tag-viihde"],"share_on_mastodon":{"url":"https:\/\/pubeurope.com\/@fi\/117202149868362142","error":""},"_links":{"self":[{"href":"https:\/\/www.europesays.com\/fi\/wp-json\/wp\/v2\/posts\/339679","targetHints":{"allow":["GET"]}}],"collection":[{"href":"https:\/\/www.europesays.com\/fi\/wp-json\/wp\/v2\/posts"}],"about":[{"href":"https:\/\/www.europesays.com\/fi\/wp-json\/wp\/v2\/types\/post"}],"author":[{"embeddable":true,"href":"https:\/\/www.europesays.com\/fi\/wp-json\/wp\/v2\/users\/2"}],"replies":[{"embeddable":true,"href":"https:\/\/www.europesays.com\/fi\/wp-json\/wp\/v2\/comments?post=339679"}],"version-history":[{"count":0,"href":"https:\/\/www.europesays.com\/fi\/wp-json\/wp\/v2\/posts\/339679\/revisions"}],"wp:featuredmedia":[{"embeddable":true,"href":"https:\/\/www.europesays.com\/fi\/wp-json\/wp\/v2\/media\/339680"}],"wp:attachment":[{"href":"https:\/\/www.europesays.com\/fi\/wp-json\/wp\/v2\/media?parent=339679"}],"wp:term":[{"taxonomy":"category","embeddable":true,"href":"https:\/\/www.europesays.com\/fi\/wp-json\/wp\/v2\/categories?post=339679"},{"taxonomy":"post_tag","embeddable":true,"href":"https:\/\/www.europesays.com\/fi\/wp-json\/wp\/v2\/tags?post=339679"}],"curies":[{"name":"wp","href":"https:\/\/api.w.org\/{rel}","templated":true}]}}