{"id":339685,"date":"2026-09-02T15:30:09","date_gmt":"2026-09-02T15:30:09","guid":{"rendered":"https:\/\/www.europesays.com\/fi\/339685\/"},"modified":"2026-09-02T15:30:09","modified_gmt":"2026-09-02T15:30:09","slug":"eulta-kova-paatos-asiantuntija-nain-se-vaikuttaa-naudanlihan-hintaan-suomessa","status":"publish","type":"post","link":"https:\/\/www.europesays.com\/fi\/339685\/","title":{"rendered":"EU:lta kova p\u00e4\u00e4t\u00f6s \u2013 Asiantuntija: N\u00e4in se vaikuttaa naudanlihan hintaan Suomessa"},"content":{"rendered":"<p>Brasilialaisten lihatuotteiden katoaminen voi nostaa lihan hintaa my\u00f6s Suomessa.<\/p>\n<p><img decoding=\"async\" class=\"image image-show image-preview\" src=\"https:\/\/www.europesays.com\/fi\/wp-content\/uploads\/2026\/09\/224b938c5cf5891a213f5c43117b2178d43f53454ffefb934cdb465d7fad9fb0.jpg\" alt=\"\"\/><img decoding=\"async\" class=\"image image-show\" src=\"https:\/\/www.europesays.com\/fi\/wp-content\/uploads\/2026\/09\/1788363009_568_224b938c5cf5891a213f5c43117b2178d43f53454ffefb934cdb465d7fad9fb0.jpg\" alt=\"\"\/><\/p>\n<p>MTK:n Juho Kynt\u00e4j\u00e4 vakuuttaa, ettei Suomessa tule pulaa naudanlihasta. Karoliina Vuorenm\u00e4ki<\/p>\n<p class=\"paragraph\">Brasilialaisen lihan tuonti EU-maihin loppuu torstaina.<\/p>\n<p class=\"paragraph\">EU p\u00e4\u00e4tti asettaa tuontikiellon Brasilialle, sill\u00e4 maa ei ole antanut EU:lle selvityst\u00e4 siit\u00e4, miten se valvoo ruokaan j\u00e4\u00e4vi\u00e4 el\u00e4inl\u00e4\u00e4kkeit\u00e4. Brasiliasta ei ole saatu my\u00f6sk\u00e4\u00e4n varmistusta siit\u00e4, ettei antibiootteja k\u00e4ytet\u00e4 el\u00e4inten kasvun nopeuttamiseen.<\/p>\n<p class=\"paragraph\">Maa- ja mets\u00e4taloustuottajain keskusliiton (MTK) asiantuntija <strong>Juho Kynt\u00e4j\u00e4n<\/strong> mukaan Brasiliasta on tuotu Suomeen p\u00e4\u00e4osin kalliita lihapaloja ravintoloille.<\/p>\n<p class=\"paragraph\">Suomessa myyt\u00e4v\u00e4n naudanlihan hinnan kehitykseen vaikuttaa useampi tekij\u00e4. Kynt\u00e4j\u00e4n mukaan asiaa on vaikea arvioida.<\/p>\n<p class=\"paragraph\">\u2013 Mutta kyll\u00e4 t\u00e4m\u00e4 [p\u00e4\u00e4t\u00f6s] totta kai voi johtaa hintojen nousuun, h\u00e4n sanoo.<\/p>\n<p>Viikoissa selvi\u00e4\u00e4<\/p>\n<p class=\"paragraph\">Eurooppa k\u00e4rsii parhaillaan poikkeuksellisesta helteest\u00e4 ja kuivuudesta, jolla voi my\u00f6s olla vaikutusta lihan hintaan Suomessa.<\/p>\n<p class=\"paragraph\">Kynt\u00e4j\u00e4n mukaan hinnat voivat v\u00e4liaikaisesti jopa laskea, jos Euroopassa aletaan teurastamaan enemm\u00e4n nautoja.<\/p>\n<p class=\"paragraph\">\u2013 Kun lehmi\u00e4 teurastetaan, ei synny vasikoita. Siit\u00e4 seuraa, ettei niit\u00e4 kasvatettujakaan ole. T\u00e4st\u00e4 seuraisi krooninen naudanlihapula.<\/p>\n<p class=\"paragraph\">Kynt\u00e4j\u00e4 toteaa, ett\u00e4 lihatalot ja kaupat tekev\u00e4t p\u00e4\u00e4t\u00f6kset mahdollisista hinnankorotuksista.<\/p>\n<p class=\"paragraph\">\u2013 Heill\u00e4 on siin\u00e4 pelivaraa. Muutama viikko voi menn\u00e4, ett\u00e4 n\u00e4hd\u00e4\u00e4n mahdolliset vaikutukset hinnoissa.<\/p>\n<p class=\"paragraph\">Naudanlihan lis\u00e4ksi EU:n asettama tuontikielto koskee siipikarjaa, kananmunia, hunajaa ja hevosel\u00e4imi\u00e4.<\/p>\n","protected":false},"excerpt":{"rendered":"Brasilialaisten lihatuotteiden katoaminen voi nostaa lihan hintaa my\u00f6s Suomessa. MTK:n Juho Kynt\u00e4j\u00e4 vakuuttaa, ettei Suomessa tule pulaa naudanlihasta.&hellip;\n","protected":false},"author":2,"featured_media":339686,"comment_status":"","ping_status":"","sticky":false,"template":"","format":"standard","meta":{"footnotes":"","_share_on_mastodon":"0"},"categories":[14],"tags":[35,22,23,404,26,27,33,31,30,17,5679,7885,24,25,1445,28,29,2965,15,18,21,32,19,20,56,16,59,60,61],"class_list":["post-339685","post","type-post","status-publish","format-standard","has-post-thumbnail","category-ulkomaat","tag-24h","tag-breaking-news","tag-breakingnews","tag-elaimet","tag-featured-news","tag-featurednews","tag-fi","tag-finland","tag-finnish","tag-headlines","tag-kansainvaliset-organisaatiot-ja-sopimukset","tag-kotielaintalous","tag-latest-news","tag-latestnews","tag-maatalous","tag-main-news","tag-mainnews","tag-metsatalous-ja-riistatalous","tag-news","tag-otsikot","tag-paauutiset","tag-suomi","tag-top-stories","tag-topstories","tag-ulkomaat","tag-uutiset","tag-world","tag-world-news","tag-worldnews"],"share_on_mastodon":{"url":"https:\/\/pubeurope.com\/@fi\/117202166583007393","error":""},"_links":{"self":[{"href":"https:\/\/www.europesays.com\/fi\/wp-json\/wp\/v2\/posts\/339685","targetHints":{"allow":["GET"]}}],"collection":[{"href":"https:\/\/www.europesays.com\/fi\/wp-json\/wp\/v2\/posts"}],"about":[{"href":"https:\/\/www.europesays.com\/fi\/wp-json\/wp\/v2\/types\/post"}],"author":[{"embeddable":true,"href":"https:\/\/www.europesays.com\/fi\/wp-json\/wp\/v2\/users\/2"}],"replies":[{"embeddable":true,"href":"https:\/\/www.europesays.com\/fi\/wp-json\/wp\/v2\/comments?post=339685"}],"version-history":[{"count":0,"href":"https:\/\/www.europesays.com\/fi\/wp-json\/wp\/v2\/posts\/339685\/revisions"}],"wp:featuredmedia":[{"embeddable":true,"href":"https:\/\/www.europesays.com\/fi\/wp-json\/wp\/v2\/media\/339686"}],"wp:attachment":[{"href":"https:\/\/www.europesays.com\/fi\/wp-json\/wp\/v2\/media?parent=339685"}],"wp:term":[{"taxonomy":"category","embeddable":true,"href":"https:\/\/www.europesays.com\/fi\/wp-json\/wp\/v2\/categories?post=339685"},{"taxonomy":"post_tag","embeddable":true,"href":"https:\/\/www.europesays.com\/fi\/wp-json\/wp\/v2\/tags?post=339685"}],"curies":[{"name":"wp","href":"https:\/\/api.w.org\/{rel}","templated":true}]}}