{"id":339699,"date":"2026-09-02T15:57:11","date_gmt":"2026-09-02T15:57:11","guid":{"rendered":"https:\/\/www.europesays.com\/fi\/339699\/"},"modified":"2026-09-02T15:57:11","modified_gmt":"2026-09-02T15:57:11","slug":"nepalin-akkitulvassa-on-kuollut-yli-1-200-ihmista-uutissuomalainen","status":"publish","type":"post","link":"https:\/\/www.europesays.com\/fi\/339699\/","title":{"rendered":"Nepalin \u00e4kkitulvassa on kuollut yli 1 200 ihmist\u00e4 | Uutissuomalainen"},"content":{"rendered":"<p>Nepalin \u00e4kkitulvan kuolonuhrien m\u00e4\u00e4r\u00e4 on noussut yli 1\u2009200 ihmiseen, kertoo paikallinen viranomainen. Nepalissa kadoksissa olleiden m\u00e4\u00e4r\u00e4 on noussut yli 4\u2009200 ihmiseen.<\/p>\n<p>\u00c4kkitulva iski Nepalin ja Kiinalle kuuluvan Tiibetin rajalle viikko sitten. Asiantuntijoiden mukaan katastrofi sai alkunsa j\u00e4\u00e4tik\u00f6n romahduksesta, mik\u00e4 johti tulviin ja maanvy\u00f6rymiin.<\/p>\n<p>Kiinan valtionmedian mukaan Kiinan puolella kuolleita on vahvistettu 21. Kiinassa on kateissa yli 500 ihmist\u00e4.<\/p>\n<p>Kaikkiaan kadonneiden joukossa on yli 800 ulkomaalaista, jotka edustavat yli kolmeakymment\u00e4 kansallisuutta. Suomen ulkoministeri\u00f6n mukaan yksi Nepalissa kadonneista on suomalainen.<\/p>\n<p>Tuhojen laajuus on her\u00e4tt\u00e4nyt Nepalissa kasvavaa suuttumusta siit\u00e4, ett\u00e4 maa on aiheuttanut rikkaisiin teollisuusmaihin verrattuna vain v\u00e4h\u00e4n ilmastop\u00e4\u00e4st\u00f6j\u00e4, mutta k\u00e4rsii kuitenkin niiden seurauksista.<\/p>\n<p>Himalajan j\u00e4\u00e4tik\u00f6t sulavat ilmastonmuutoksen vuoksi nopeammin kuin koskaan ennen, mik\u00e4 altistaa alueella asuvat ihmiset arvaamattomille katastrofeille. Ikiroudan pehmeneminen lis\u00e4\u00e4 maanvy\u00f6rymien riski\u00e4.<\/p>\n","protected":false},"excerpt":{"rendered":"Nepalin \u00e4kkitulvan kuolonuhrien m\u00e4\u00e4r\u00e4 on noussut yli 1\u2009200 ihmiseen, kertoo paikallinen viranomainen. Nepalissa kadoksissa olleiden m\u00e4\u00e4r\u00e4 on noussut&hellip;\n","protected":false},"author":2,"featured_media":339700,"comment_status":"","ping_status":"","sticky":false,"template":"","format":"standard","meta":{"footnotes":"","_share_on_mastodon":"0"},"categories":[14],"tags":[22,23,26,27,33,31,30,17,2455,683,24,25,533,72,28,29,15,120,18,21,637,32,19,20,56,16,872,59,60,61,534],"class_list":["post-339699","post","type-post","status-publish","format-standard","has-post-thumbnail","category-ulkomaat","tag-breaking-news","tag-breakingnews","tag-featured-news","tag-featurednews","tag-fi","tag-finland","tag-finnish","tag-headlines","tag-hengenvaara-ja-loukkaantuminen","tag-kuolema","tag-latest-news","tag-latestnews","tag-luonnonkatastrofi","tag-luonto","tag-main-news","tag-mainnews","tag-news","tag-onnettomuustapaus","tag-otsikot","tag-paauutiset","tag-politiikka","tag-suomi","tag-top-stories","tag-topstories","tag-ulkomaat","tag-uutiset","tag-vesistot","tag-world","tag-world-news","tag-worldnews","tag-ymparisto-ja-luonto"],"share_on_mastodon":{"url":"https:\/\/pubeurope.com\/@fi\/117202271800588711","error":""},"_links":{"self":[{"href":"https:\/\/www.europesays.com\/fi\/wp-json\/wp\/v2\/posts\/339699","targetHints":{"allow":["GET"]}}],"collection":[{"href":"https:\/\/www.europesays.com\/fi\/wp-json\/wp\/v2\/posts"}],"about":[{"href":"https:\/\/www.europesays.com\/fi\/wp-json\/wp\/v2\/types\/post"}],"author":[{"embeddable":true,"href":"https:\/\/www.europesays.com\/fi\/wp-json\/wp\/v2\/users\/2"}],"replies":[{"embeddable":true,"href":"https:\/\/www.europesays.com\/fi\/wp-json\/wp\/v2\/comments?post=339699"}],"version-history":[{"count":0,"href":"https:\/\/www.europesays.com\/fi\/wp-json\/wp\/v2\/posts\/339699\/revisions"}],"wp:featuredmedia":[{"embeddable":true,"href":"https:\/\/www.europesays.com\/fi\/wp-json\/wp\/v2\/media\/339700"}],"wp:attachment":[{"href":"https:\/\/www.europesays.com\/fi\/wp-json\/wp\/v2\/media?parent=339699"}],"wp:term":[{"taxonomy":"category","embeddable":true,"href":"https:\/\/www.europesays.com\/fi\/wp-json\/wp\/v2\/categories?post=339699"},{"taxonomy":"post_tag","embeddable":true,"href":"https:\/\/www.europesays.com\/fi\/wp-json\/wp\/v2\/tags?post=339699"}],"curies":[{"name":"wp","href":"https:\/\/api.w.org\/{rel}","templated":true}]}}