{"id":339707,"date":"2026-09-02T16:04:10","date_gmt":"2026-09-02T16:04:10","guid":{"rendered":"https:\/\/www.europesays.com\/fi\/339707\/"},"modified":"2026-09-02T16:04:10","modified_gmt":"2026-09-02T16:04:10","slug":"selvitys-tekoaly-on-jo-osa-kaavoittajan-arkea-mutta-sen-taysi-potentiaali-edellyttaa-yhtenaista-ja-koneluettavaa-kaavatietoa","status":"publish","type":"post","link":"https:\/\/www.europesays.com\/fi\/339707\/","title":{"rendered":"Selvitys: Teko\u00e4ly on jo osa kaavoittajan arkea, mutta sen t\u00e4ysi potentiaali edellytt\u00e4\u00e4 yhten\u00e4ist\u00e4 ja koneluettavaa kaavatietoa"},"content":{"rendered":"\n<p class=\"ingress\">Teko\u00e4ly\u00e4 k\u00e4ytet\u00e4\u00e4n Suomen kaavoituksessa ja alueidenk\u00e4yt\u00f6n suunnittelussa jo nyt, mutta k\u00e4ytt\u00f6 on toistaiseksi rajallista, hajanaista ja kokeiluluonteista. Ymp\u00e4rist\u00f6ministeri\u00f6n tilaama esiselvitys kokoaa ensimm\u00e4ist\u00e4 kertaa yhteen kuvan siit\u00e4, miss\u00e4 teko\u00e4lyn hy\u00f6dynt\u00e4minen alueidenk\u00e4yt\u00f6n suunnittelussa Suomessa t\u00e4ll\u00e4 hetkell\u00e4 on ja mit\u00e4 sen laajempi k\u00e4ytt\u00f6\u00f6notto vaatisi.<\/p>\n<p>&#8221;Teko\u00e4ly tuo paljon mahdollisuuksia kuntien toiminnan tehostamiseen ja parantamiseen. On t\u00e4rke\u00e4\u00e4, ett\u00e4 teko\u00e4lyn hy\u00f6dynt\u00e4mist\u00e4 kaavoituksessa on nyt Suomessa selvitetty. Oikein k\u00e4ytettyn\u00e4 teko\u00e4ly voi sujuvoittaa kaavoitusprosesseja samalla auttaen parantamaan niiden laatua&#8221;, sanoo ymp\u00e4rist\u00f6- ja ilmastoministeri <strong>Sari Multala<\/strong>.\u00a0<\/p>\n<p> K\u00e4ytt\u00f6 on jo arkea, mutta ei viel\u00e4 l\u00e4pimurtoa\u00a0 <\/p>\n<p>Selvityksen mukaan teko\u00e4ly\u00e4 k\u00e4ytet\u00e4\u00e4n erityisesti tiedonhallinnassa, kaavoitusprosessien sujuvoittamisessa ja p\u00e4\u00e4t\u00f6ksenteon tukena: tiedonhaussa, asiakirjojen tiivist\u00e4misess\u00e4, tekstien laatimisessa, oikoluvussa, k\u00e4\u00e4nn\u00f6ksiss\u00e4 sek\u00e4 paikkatietoaineistojen analysoinnin tukena. \u00a0<\/p>\n<p>Kyse on kaavoittajan ty\u00f6kalusta, ei p\u00e4\u00e4t\u00f6ksentekij\u00e4st\u00e4. Suomen hallintolain sanamuoto ei t\u00e4ll\u00e4k\u00e4\u00e4n hetkell\u00e4 salli teko\u00e4lyll\u00e4 teht\u00e4vi\u00e4 automaattisia p\u00e4\u00e4t\u00f6ksi\u00e4.\u00a0<\/p>\n<p> S\u00e4\u00e4ntely ei est\u00e4, mutta edellytt\u00e4\u00e4 tarkkuutta\u00a0 <\/p>\n<p>Selvityksen mukaan nykyinen EU- ja kansallinen s\u00e4\u00e4ntely ei est\u00e4 teko\u00e4lyn hy\u00f6dynt\u00e4mist\u00e4 kaavoituksessa, eik\u00e4 teko\u00e4ly muuta alueidenk\u00e4yt\u00f6n suunnitteluj\u00e4rjestelm\u00e4\u00e4. \u00a0<\/p>\n<p>Selvityksess\u00e4 suositellaan kuitenkin arvioimaan lains\u00e4\u00e4d\u00e4nn\u00f6n muutostarpeita kaavoituksen digitalisaation n\u00e4k\u00f6kulmasta, ja nostetaan esiin huomioitavina asioina tietoturva, henkil\u00f6tietojen s\u00e4\u00e4ntely, tekij\u00e4noikeudet sek\u00e4 korkeariskiset k\u00e4ytt\u00f6tapaukset.\u00a0<\/p>\n<p>Selvitys t\u00e4sment\u00e4\u00e4, ett\u00e4 paikkatietoihin perustuva suunnittelu ei l\u00e4ht\u00f6kohtaisesti lukeudu EU:n teko\u00e4lyasetuksen korkean riskin k\u00e4ytt\u00f6tarkoituksiin, eik\u00e4 asetus siten est\u00e4 teko\u00e4lyn k\u00e4ytt\u00f6\u00e4 suunnittelussa. Asetuksessa korkeariskisill\u00e4 kriittisen infrastruktuurin k\u00e4ytt\u00f6tarkoituksilla tarkoitetaan teko\u00e4lyj\u00e4rjestelmi\u00e4, joita k\u00e4ytet\u00e4\u00e4n turvakomponentteina esimerkiksi kriittisen infrastruktuurin, tieliikenteen tai vesi-, kaasu-, l\u00e4mmitys- tai s\u00e4hk\u00f6huollon hallinnassa.\u00a0<\/p>\n<p> Haasteita luotettavuudessa, osaamisessa ja vuorovaikutuksessa\u00a0 <\/p>\n<p>Selvityksess\u00e4 tunnistetaan my\u00f6s riskej\u00e4. Teko\u00e4lyn tuottaman sis\u00e4ll\u00f6n luotettavuus her\u00e4tt\u00e4\u00e4 huolta, mink\u00e4 vuoksi ihmisen tekem\u00e4\u00e4 tarkistusta pidet\u00e4\u00e4n v\u00e4ltt\u00e4m\u00e4tt\u00f6m\u00e4n\u00e4. Osallistumis- ja vuorovaikutusprosesseissa teko\u00e4lyn k\u00e4ytt\u00f6 voi lis\u00e4t\u00e4 v\u00e4\u00e4rinymm\u00e4rryksen riski\u00e4 ja et\u00e4\u00e4nnytt\u00e4\u00e4 osallisia toisistaan, jos suora ihmisten v\u00e4linen vuorovaikutus v\u00e4henee. \u00a0<\/p>\n<p>Lis\u00e4ksi teko\u00e4lyosaamisessa on puutteita. Selvitys per\u00e4\u00e4nkuuluttaa yhten\u00e4isi\u00e4 ohjeita ja varoittaa osaamisen keskittymisest\u00e4 vain osalle ammattikuntaa.\u00a0<\/p>\n<p> Suurin potentiaali edellytt\u00e4\u00e4 yhten\u00e4ist\u00e4 kaavatietoa\u00a0 <\/p>\n<p>Selvityksen mukaan teko\u00e4lyn suurin tuleva potentiaali liittyy kaavoituksen sis\u00e4ll\u00f6lliseen valmisteluun sek\u00e4 paikkatietoon perustuviin sovelluksiin: esimerkiksi paikkatieto- ja tilastoanalyysien automatisointiin, suunnitteluskenaarioiden muodostamiseen ja vaikutusten arviointiin. T\u00e4m\u00e4n potentiaalin toteutuminen kuitenkin edellytt\u00e4\u00e4 laadukasta, rakenteista ja yhteentoimivaa tietopohjaa. Suomessa rakennetun ymp\u00e4rist\u00f6n tiedonhallinnan uudistuksessa kaavoituksen ja rakentamisen lupaprosessien tiedot kootaan valtakunnallisesti yhten\u00e4iseen ja koneluettavaan muotoon, joka vastaa t\u00e4h\u00e4n tarpeeseen.\u00a0<\/p>\n<p>Selvityksess\u00e4 korostetaan, ett\u00e4 teko\u00e4ly tukee jatkossakin asiantuntijaty\u00f6t\u00e4, mutta vastuu suunnitteluratkaisuista, vaikutusten arvioinnista ja p\u00e4\u00e4t\u00f6ksenteosta s\u00e4ilyy viranomaisilla ja suunnitteluasiantuntijoilla.\u00a0<\/p>\n<p>Esiselvityksen ovat laatineet FCG Rakennettu Ymp\u00e4rist\u00f6 Oy ja Asianajotoimisto Castr\u00e9n &amp; Snellman Oy ymp\u00e4rist\u00f6ministeri\u00f6n toimeksiannosta. Ymp\u00e4rist\u00f6ministeri\u00f6 on viimeistellyt raportin ennen julkaisua. Selvitys perustuu kirjallisuuskatsaukseen, yhdeks\u00e4\u00e4n sidosryhm\u00e4haastatteluun ja kyselyyn.\u00a0<\/p>\n<p>                      Tule kuulemaan ja keskustelemaan selvityksen tuloksista webinaariin\u00a0 <\/p>\n<p>Ymp\u00e4rist\u00f6ministeri\u00f6 j\u00e4rjest\u00e4\u00e4 esiselvityksen tuloksista webinaarin 1.10.2026 kello 9-10. Tule kuulemaan keskeiset havainnot ja keskustelemaan tuloksista sek\u00e4 niiden vaikutuksista alueidenk\u00e4yt\u00f6n suunnitteluun. Tilaisuudessa on mahdollisuus esitt\u00e4\u00e4 kysymyksi\u00e4 ja antaa palautetta. Ilmoittaudu tapahtumaan alla olevan linkin kautta. \u00a0<\/p>\n<p>                      Lis\u00e4tietoja <\/p>\n<p><strong>Jemina Suikki\u00a0<\/strong><br \/>Erityisasiantuntija\u00a0<br \/>puh. 029 5250345\u00a0<br \/><a href=\"https:\/\/valtioneuvosto.fi\/cdn-cgi\/l\/email-protection\" class=\"__cf_email__\" data-cfemail=\"1c79686972757175326f697769727571755c7b736a327a75\" rel=\"nofollow noopener\" target=\"_blank\">[email\u00a0protected]<\/a>\u00a0<\/p>\n","protected":false},"excerpt":{"rendered":"Teko\u00e4ly\u00e4 k\u00e4ytet\u00e4\u00e4n Suomen kaavoituksessa ja alueidenk\u00e4yt\u00f6n suunnittelussa jo nyt, mutta k\u00e4ytt\u00f6 on toistaiseksi rajallista, hajanaista ja kokeiluluonteista. Ymp\u00e4rist\u00f6ministeri\u00f6n&hellip;\n","protected":false},"author":2,"featured_media":339708,"comment_status":"","ping_status":"","sticky":false,"template":"","format":"standard","meta":{"footnotes":"","_share_on_mastodon":"0"},"categories":[113],"tags":[36464,446,37947,33,31,30,23073,41910,41911,118,32,119,4203,36460,23076,447,23072],"class_list":["post-339707","post","type-post","status-publish","format-standard","has-post-thumbnail","category-ymparisto","tag-digitalisaatio-p14028","tag-environment","tag-etusivun-kuvallinen-tiedote-uutisnosto","tag-fi","tag-finland","tag-finnish","tag-jarjestelmat-yso-p3358","tag-kaavoitus-p6536","tag-kunnan-toimialat-yso-p2378","tag-science","tag-suomi","tag-tiede","tag-tiedote","tag-yhteiskunnallinen-muutos-yso-p2954","tag-ym","tag-ymparisto","tag-ymparisto-p4551"],"share_on_mastodon":{"url":"https:\/\/pubeurope.com\/@fi\/117202299583795120","error":""},"_links":{"self":[{"href":"https:\/\/www.europesays.com\/fi\/wp-json\/wp\/v2\/posts\/339707","targetHints":{"allow":["GET"]}}],"collection":[{"href":"https:\/\/www.europesays.com\/fi\/wp-json\/wp\/v2\/posts"}],"about":[{"href":"https:\/\/www.europesays.com\/fi\/wp-json\/wp\/v2\/types\/post"}],"author":[{"embeddable":true,"href":"https:\/\/www.europesays.com\/fi\/wp-json\/wp\/v2\/users\/2"}],"replies":[{"embeddable":true,"href":"https:\/\/www.europesays.com\/fi\/wp-json\/wp\/v2\/comments?post=339707"}],"version-history":[{"count":0,"href":"https:\/\/www.europesays.com\/fi\/wp-json\/wp\/v2\/posts\/339707\/revisions"}],"wp:featuredmedia":[{"embeddable":true,"href":"https:\/\/www.europesays.com\/fi\/wp-json\/wp\/v2\/media\/339708"}],"wp:attachment":[{"href":"https:\/\/www.europesays.com\/fi\/wp-json\/wp\/v2\/media?parent=339707"}],"wp:term":[{"taxonomy":"category","embeddable":true,"href":"https:\/\/www.europesays.com\/fi\/wp-json\/wp\/v2\/categories?post=339707"},{"taxonomy":"post_tag","embeddable":true,"href":"https:\/\/www.europesays.com\/fi\/wp-json\/wp\/v2\/tags?post=339707"}],"curies":[{"name":"wp","href":"https:\/\/api.w.org\/{rel}","templated":true}]}}