{"id":339713,"date":"2026-09-02T16:19:08","date_gmt":"2026-09-02T16:19:08","guid":{"rendered":"https:\/\/www.europesays.com\/fi\/339713\/"},"modified":"2026-09-02T16:19:08","modified_gmt":"2026-09-02T16:19:08","slug":"krista-kosonen-loistaa-gaalassa-upea-asu","status":"publish","type":"post","link":"https:\/\/www.europesays.com\/fi\/339713\/","title":{"rendered":"Krista Kosonen loistaa gaalassa \u2013 upea asu!"},"content":{"rendered":"<p>\n            20250813 HELSINKI. Rue Madame. Krista Kosonen. KUVA: ATTE KAJOVA<br \/>\n            ATTE KAJOVA\n        <\/p>\n<p class=\"subtitle \">N\u00e4yttelij\u00e4n look on vailla vertaa.<\/p>\n<p class=\"article-content article-content-width !bg-background\">N\u00e4yttelij\u00e4  esittelee upeaa tyyli\u00e4\u00e4n.<\/p>\n<p class=\"font-weight-bold m-font-weight-bold article-content article-content-width !bg-background\">Video: Kristan lapsivinkit<\/p>\n<p class=\"article-content article-content-width !bg-background\">Krista julkaisi Instagram-kuvan, jossa poseeraa s\u00e4ken\u00f6iv\u00e4ss\u00e4 lookissa.<\/p>\n<p class=\"article-content article-content-width !bg-background\">Loisteliaaseen pukeutumiseen on syyns\u00e4, sill\u00e4 Krista on ollut televisioalan Kristallen-gaalassa Ruotsissa.<\/p>\n<p class=\"article-content article-content-width !bg-background\">Julkaisemassaan otoksessa Krista seisoo portaikossa tummanvihre\u00e4ss\u00e4, suorastaan majesteettisessa lookissa.<\/p>\n<p class=\"article-content article-content-width !bg-background\">Puku on  k\u00e4sialaa ja se kimaltelee n\u00e4ytt\u00e4v\u00e4v\u00e4sti valon osuessa siihen.<\/p>\n<p class=\"article-content article-content-width !bg-background\">N\u00e4et julkaisun alla olevasta upotuksesta tai <a href=\"https:\/\/www.instagram.com\/p\/DcuWvm-sGwE\/\" target=\"_blank\" rel=\"nofollow noopener\">t\u00e4st\u00e4 linkist\u00e4<\/a>, mik\u00e4li kuva ei jostain syyst\u00e4 n\u00e4y.<\/p>\n<p>        <a itemprop=\"url\" href=\"https:\/\/www.seiska.fi\/katso\/eeva-krista-kosonen-saa-jarkyttavia-viesteja\/2170911\" rel=\"nofollow noopener\" target=\"_blank\"><\/p>\n<p>\nEeva:\n<\/p>\n<p class=\"section-date\">\n        <strong class=\"article-section\" data-section=\"katso\"><br \/>\n            katso<br \/>\n        <\/strong><br \/>\n        3.6. 13:15\n    <\/p>\n<p>Eeva: Krista Kosonen saa j\u00e4rkytt\u00e4vi\u00e4 viestej\u00e4\n    <\/p>\n<p itemprop=\"description\" class=\"subtitle \">\n    Rooli perhev\u00e4kivaltaa k\u00e4sittelev\u00e4ss\u00e4 L\/over-sarjassa her\u00e4tt\u00e4\u00e4 tunteita.\n<\/p>\n<p>        <\/a><\/p>\n<p>Raha-asiat julki<\/p>\n<p class=\"article-content article-content-width !bg-background\"><a href=\"https:\/\/www.seiska.fi\/vain-seiskassa\/krista-kosonen-taloustilanteesta-karu-tieto\/2231141\" target=\"_blank\" rel=\"nofollow noopener\">Seiska uutisoi hiljattain<\/a> Kristan taloustilanteesta. Kansainv\u00e4list\u00e4 uraa tekev\u00e4n Kristan raha-asioista paljastui yll\u00e4tt\u00e4vi\u00e4 yksityiskohtia.<\/p>\n<p class=\"article-content article-content-width !bg-background\">Vuonna 2024 Kristalla oli miltei puolen miljoonan euron liikevaihto firmassaan.<\/p>\n<p class=\"article-content article-content-width !bg-background\">Seiska kertoi, ett\u00e4 tuosta\u00a0summasta yritys maksoi palkkoja ja palkkioita 123 000 euroa ja sivukulut.<\/p>\n<p class=\"article-content article-content-width !bg-background\">Mutta vuonna 2025\u00a0firma py\u00f6ritti liikevaihtoa 200 000 euron edest\u00e4. Liikevaihto tippui noin 60 prosenttia vuotta aiemmasta. Voit lukea lis\u00e4\u00e4 Kristan taloudesta <a href=\"https:\/\/www.seiska.fi\/vain-seiskassa\/krista-kosonen-taloustilanteesta-karu-tieto\/2231141\" target=\"_blank\" rel=\"nofollow noopener\">t\u00e4\u00e4lt\u00e4<\/a>.<\/p>\n<p>        <a itemprop=\"url\" href=\"https:\/\/www.seiska.fi\/vain-seiskassa\/krista-kosonen-taloustilanteesta-karu-tieto\/2231141\" rel=\"nofollow noopener\" target=\"_blank\"><\/p>\n<p>\nSeiska selvitti:\n<\/p>\n<p class=\"section-date\">\n        <strong class=\"article-section\" data-section=\"vain seiskassa\"><br \/>\n            vain seiskassa<br \/>\n        <\/strong><br \/>\n        17.8. 17:00\n    <\/p>\n<p>Krista Kosonen: Taloustilanteesta karu tieto\n    <\/p>\n<p itemprop=\"description\" class=\"subtitle \">\n    Kansainv\u00e4list\u00e4kin uraa tekev\u00e4n n\u00e4yttelij\u00e4n firma porskuttaa vakaasti.\n<\/p>\n<p>        <\/a><\/p>\n<p>Uusi rooli<\/p>\n<p class=\"article-content article-content-width !bg-background\">Krista n\u00e4yttelee marraskuussa ilmestyv\u00e4ss\u00e4 jouluelokuvassa, joka ei kuitenkaan ole mik\u00e4\u00e4n hellytt\u00e4v\u00e4 h\u00f6mpp\u00e4leffa, vaan siin\u00e4 on verta ja r\u00e4iskint\u00e4\u00e4.<\/p>\n<p class=\"article-content article-content-width !bg-background\">Punaista lunta -elokuva on kauhukomediaelokuva jouluisella juonella. Siin\u00e4 joulupukki onkin verta janoava vampyyri, ja Kristakin n\u00e4hd\u00e4\u00e4n elokuvassa aivan erilaisessa tyyliss\u00e4, kuin miss\u00e4 h\u00e4net on tavallisesti totuttu n\u00e4kem\u00e4\u00e4n.<\/p>\n<p>        <a itemprop=\"url\" href=\"https:\/\/www.seiska.fi\/kotimaa\/krista-kososen-suunnitelmat-julki\/2185194\" rel=\"nofollow noopener\" target=\"_blank\"><\/p>\n<p>\nPaljastus arjesta!\n<\/p>\n<p class=\"section-date\">\n        <strong class=\"article-section\" data-section=\"kotimaa\"><br \/>\n            kotimaa<br \/>\n        <\/strong><br \/>\n        21.6. 20:00\n    <\/p>\n<p>Krista Kososen suunnitelmat julki\n    <\/p>\n<p itemprop=\"description\" class=\"subtitle \">\n    N\u00e4yttelij\u00e4 paljasti Seiskalle, millaisissa puuhissa kansainv\u00e4lisen t\u00e4hden kes\u00e4 kuluu.\n<\/p>\n<p>        <\/a><\/p>\n<p><script async src=\"\/\/www.instagram.com\/embed.js\"><\/script><\/p>\n","protected":false},"excerpt":{"rendered":"20250813 HELSINKI. Rue Madame. Krista Kosonen. KUVA: ATTE KAJOVA ATTE KAJOVA N\u00e4yttelij\u00e4n look on vailla vertaa. N\u00e4yttelij\u00e4 esittelee&hellip;\n","protected":false},"author":2,"featured_media":339714,"comment_status":"","ping_status":"","sticky":false,"template":"","format":"standard","meta":{"footnotes":"","_share_on_mastodon":"0"},"categories":[130],"tags":[2639,137,33,31,30,7387,41913,106,36250,41912,32,33171,2677,109],"class_list":["post-339713","post","type-post","status-publish","format-standard","has-post-thumbnail","category-viihde","tag-asu","tag-entertainment","tag-fi","tag-finland","tag-finnish","tag-krista-kosonen","tag-kristallen-gaala","tag-muoti","tag-punaista-lunta","tag-sami-eskelinen","tag-suomi","tag-taloustilanne","tag-tyyli","tag-viihde"],"share_on_mastodon":{"url":"https:\/\/pubeurope.com\/@fi\/117202358551781807","error":""},"_links":{"self":[{"href":"https:\/\/www.europesays.com\/fi\/wp-json\/wp\/v2\/posts\/339713","targetHints":{"allow":["GET"]}}],"collection":[{"href":"https:\/\/www.europesays.com\/fi\/wp-json\/wp\/v2\/posts"}],"about":[{"href":"https:\/\/www.europesays.com\/fi\/wp-json\/wp\/v2\/types\/post"}],"author":[{"embeddable":true,"href":"https:\/\/www.europesays.com\/fi\/wp-json\/wp\/v2\/users\/2"}],"replies":[{"embeddable":true,"href":"https:\/\/www.europesays.com\/fi\/wp-json\/wp\/v2\/comments?post=339713"}],"version-history":[{"count":0,"href":"https:\/\/www.europesays.com\/fi\/wp-json\/wp\/v2\/posts\/339713\/revisions"}],"wp:featuredmedia":[{"embeddable":true,"href":"https:\/\/www.europesays.com\/fi\/wp-json\/wp\/v2\/media\/339714"}],"wp:attachment":[{"href":"https:\/\/www.europesays.com\/fi\/wp-json\/wp\/v2\/media?parent=339713"}],"wp:term":[{"taxonomy":"category","embeddable":true,"href":"https:\/\/www.europesays.com\/fi\/wp-json\/wp\/v2\/categories?post=339713"},{"taxonomy":"post_tag","embeddable":true,"href":"https:\/\/www.europesays.com\/fi\/wp-json\/wp\/v2\/tags?post=339713"}],"curies":[{"name":"wp","href":"https:\/\/api.w.org\/{rel}","templated":true}]}}