{"id":339727,"date":"2026-09-02T16:47:09","date_gmt":"2026-09-02T16:47:09","guid":{"rendered":"https:\/\/www.europesays.com\/fi\/339727\/"},"modified":"2026-09-02T16:47:09","modified_gmt":"2026-09-02T16:47:09","slug":"killan-matineasarja-kaynnistyy-lauantaina-luvassa-muiden-muassa-rakastettu-amelie-paikalliset","status":"publish","type":"post","link":"https:\/\/www.europesays.com\/fi\/339727\/","title":{"rendered":"Killan matineasarja k\u00e4ynnistyy lauantaina \u2013 Luvassa muiden muassa rakastettu Am\u00e9lie | Paikalliset"},"content":{"rendered":"<p>Syyskauden matineasarja alkaa elokuvateatteri Killassa lauantaina 5. syyskuuta. Kahdeksan elokuvan kokonaisuus vie katsojat Marokon auringosta Pariisin kaduille, Italian maaseudulle, Chilen syrj\u00e4seuduille, Berliinin sykkeeseen ja lopuksi 1980-luvun New Yorkiin. Kutakin elokuvaa esitet\u00e4\u00e4n p\u00e4\u00e4s\u00e4\u00e4nt\u00f6isesti kahdesti, esitysp\u00e4iv\u00e4t ovat lauantai ja tiistai.<\/p>\n<p>Sarjan avaa <strong>Maryam Touzanin<\/strong> ohjaama Calle M\u00e1laga \u2013 muistojeni katu, jossa muistot, perhesuhteet ja identiteetti kietoutuvat yhteen l\u00e4mpim\u00e4ss\u00e4 ja koskettavassa tarinassa, kerrotaan tiedotteessa.<\/p>\n<p>Marokkolaisohjaajan hienovarainen elokuva tarkastelee menneisyyden vaikutusta nykyhetkeen ja ihmisen tarvetta l\u00f6yt\u00e4\u00e4 paikkansa maailmassa. P\u00e4\u00e4osassa on valovoimainen veteraanin\u00e4yttelij\u00e4t\u00e4r <strong>Carmen Maura<\/strong>.<\/p>\n<p><strong>Ludovica Rampoldin<\/strong> ohjaama italialainen draama Lyhyt rakkaustarina on intensiivinen tutkielma halusta, uskottomuudesta ja ihmissuhteiden monimutkaisuudesta.<\/p>\n<p>Satunnainen kohtaaminen k\u00e4ynnist\u00e4\u00e4 tapahtumaketjun, jonka seurauksia kukaan ei osaa ennakoida. Kuinka pitk\u00e4lle syrj\u00e4hyppy voi johtaa, ja mit\u00e4 tapahtuu, kun kaikki paljastuu?<\/p>\n<p><strong class=\"diks-storyline__impact\">Lokakuun alussa valkokankaalle<\/strong> saapuu <strong>Jean-Pierre Jeunet&#8217;n<\/strong> rakastettu klassikko Am\u00e9lie, jossa nokkela pariisilaistarjoilija p\u00e4\u00e4tt\u00e4\u00e4 alkaa parantaa ymp\u00e4rill\u00e4\u00e4n olevien ihmisten el\u00e4m\u00e4\u00e4. <strong>Audrey Tautou\u2019n<\/strong> t\u00e4hditt\u00e4m\u00e4 hurmaava romanttinen komedia on yksi 2000-luvun tunnetuimmista eurooppalaisista elokuvista.<\/p>\n<p><strong>Alice Winocourin<\/strong> ohjaama Couture \u2013 muodin ehdoilla vie katsojan Pariisin muotimaailmaan. Kolmen erilaisista l\u00e4ht\u00f6kohdista tulevan naisen kohtaaminen rakentaa koskettavan tarinan unelmista, mahdollisuuksista ja oman suunnan l\u00f6yt\u00e4misest\u00e4. Elokuvan p\u00e4\u00e4osassa n\u00e4hd\u00e4\u00e4n <strong>Angelina Jolie<\/strong>.<\/p>\n<p><strong>Alexandra-Therese Keiningin<\/strong> ohjaamassa syd\u00e4mellisess\u00e4 ruotsalaisessa draamakomediassa Matka Piemonteen nelj\u00e4 yst\u00e4v\u00e4\u00e4 matkustaa Italiaan hoitamaan perint\u00f6asiaa, mutta matka alkaa v\u00e4hitellen muuttaa my\u00f6s heid\u00e4n k\u00e4sityksi\u00e4\u00e4n el\u00e4m\u00e4st\u00e4. Piemonten maisemat, hyv\u00e4 ruoka ja uudenlaiset mahdollisuudet saavat seurueen pohtimaan tulevaisuuttaan uudesta n\u00e4k\u00f6kulmasta.<\/p>\n<p>Mustan huumorin s\u00e4vytt\u00e4m\u00e4 Wild Horse Nine sijoittuu Chileen ja kuohuvien historiallisten tapahtumien aikaan. Kahden CIA-agentin teht\u00e4v\u00e4 syrj\u00e4isell\u00e4 P\u00e4\u00e4si\u00e4issaarella muuttuu v\u00e4hitellen vaaralliseksi ja absurdiksi matkaksi menneisyyteen, salaliittoihin ja omantunnon kysymyksiin. <strong>Martin McDonaghin<\/strong> ohjaaman elokuvan rooleissa ovat muiden muassa <strong>John Malkovich<\/strong>, <strong>Sam Rockwell<\/strong>, <strong>Steve Buscemi<\/strong>, <strong>Mariana Di Gir\u00f3lamo<\/strong> ja<strong> Tom Waits<\/strong>.<\/p>\n<p><strong>Wolfgang Beckerin <\/strong>ja <strong>Achim von Borriesin <\/strong>ohjaama Berliinin sankari kertoo tavallisesta miehest\u00e4, josta tehd\u00e4\u00e4n yhdess\u00e4 y\u00f6ss\u00e4 kansallissankari. Kun valhe alkaa el\u00e4\u00e4 omaa el\u00e4m\u00e4\u00e4ns\u00e4, julkisuus tuo mukanaan sek\u00e4 uusia mahdollisuuksia ett\u00e4 yh\u00e4 kasvavia ongelmia.<\/p>\n<p>Saksalainen draamakomedia j\u00e4i Wolfgang Beckerin viimeiseksi ohjausty\u00f6ksi.<\/p>\n<p>Syyskauden p\u00e4\u00e4tt\u00e4\u00e4 joulukuussa intensiivinen ja koskettava rikosdraama Paper Tiger, joka sijoittuu 1980-luvun New Yorkiin. Tarina kahdesta veljeksest\u00e4 ja heid\u00e4n kohtalokkaasta kytk\u00f6ksest\u00e4\u00e4n j\u00e4rjest\u00e4ytyneeseen rikollisuuteen on samalla kuvaus perhesiteist\u00e4, unelmista ja niiden hinnasta. <strong>James Grayn<\/strong> ohjaaman elokuvan t\u00e4htin\u00e4 ovat <strong>Adam Driver<\/strong>, <strong>Miles Teller <\/strong>ja<strong> Scarlett Johansson<\/strong>.<\/p>\n<p>\t\t\t\tSyksyn 2026 matineasarja<\/p>\n<p>Esityspaikka elokuvateatteri Killa<\/p>\n<p>5.9. ja 8.9. Maryam Touzani: Calle M\u00e1laga \u2013 muistojeni katu<\/p>\n<p>19.9. ja 22.9. Ludovica Rampoldi: Lyhyt rakkaustarina<\/p>\n<p>3.10. ja 6.10. Jean-Pierre Jeunet: Am\u00e9lie<\/p>\n<p>17.10. ja 20.10. Alice Winocour: Couture \u2013 muodin ehdoilla<\/p>\n<p>31.10. ja 3.11. Alexandra-Therese Keining: Matka Piemonteen<\/p>\n<p>14.11. ja 17.11. Martin McDonagh: Wild Horse Nine<\/p>\n<p>28.11. ja 1.12. Wolfgang Becker, Achim von Borries: Berliinin sankari<\/p>\n<p>5.12. ja 8.12. James Gray: Paper Tiger<\/p>\n<p>Matineat lauantaisin ja tiistaisin. Elokuvien esitysajat vaihtelevat. Muutokset mahdollisia. <\/p>\n","protected":false},"excerpt":{"rendered":"Syyskauden matineasarja alkaa elokuvateatteri Killassa lauantaina 5. syyskuuta. Kahdeksan elokuvan kokonaisuus vie katsojat Marokon auringosta Pariisin kaduille, Italian&hellip;\n","protected":false},"author":2,"featured_media":339728,"comment_status":"","ping_status":"","sticky":false,"template":"","format":"standard","meta":{"footnotes":"","_share_on_mastodon":"0"},"categories":[130],"tags":[153,3530,2234,137,33,31,30,108,11269,1000,32,140,109],"class_list":["post-339727","post","type-post","status-publish","format-standard","has-post-thumbnail","category-viihde","tag-audiovisuaalinen-media","tag-draamakomedia","tag-elokuvagenre","tag-entertainment","tag-fi","tag-finland","tag-finnish","tag-kulttuuri","tag-perhesuhteet","tag-savonlinna","tag-suomi","tag-tv-ja-elokuvat","tag-viihde"],"share_on_mastodon":{"url":"https:\/\/pubeurope.com\/@fi\/117202468513212361","error":""},"_links":{"self":[{"href":"https:\/\/www.europesays.com\/fi\/wp-json\/wp\/v2\/posts\/339727","targetHints":{"allow":["GET"]}}],"collection":[{"href":"https:\/\/www.europesays.com\/fi\/wp-json\/wp\/v2\/posts"}],"about":[{"href":"https:\/\/www.europesays.com\/fi\/wp-json\/wp\/v2\/types\/post"}],"author":[{"embeddable":true,"href":"https:\/\/www.europesays.com\/fi\/wp-json\/wp\/v2\/users\/2"}],"replies":[{"embeddable":true,"href":"https:\/\/www.europesays.com\/fi\/wp-json\/wp\/v2\/comments?post=339727"}],"version-history":[{"count":0,"href":"https:\/\/www.europesays.com\/fi\/wp-json\/wp\/v2\/posts\/339727\/revisions"}],"wp:featuredmedia":[{"embeddable":true,"href":"https:\/\/www.europesays.com\/fi\/wp-json\/wp\/v2\/media\/339728"}],"wp:attachment":[{"href":"https:\/\/www.europesays.com\/fi\/wp-json\/wp\/v2\/media?parent=339727"}],"wp:term":[{"taxonomy":"category","embeddable":true,"href":"https:\/\/www.europesays.com\/fi\/wp-json\/wp\/v2\/categories?post=339727"},{"taxonomy":"post_tag","embeddable":true,"href":"https:\/\/www.europesays.com\/fi\/wp-json\/wp\/v2\/tags?post=339727"}],"curies":[{"name":"wp","href":"https:\/\/api.w.org\/{rel}","templated":true}]}}