{"id":339729,"date":"2026-09-02T16:50:20","date_gmt":"2026-09-02T16:50:20","guid":{"rendered":"https:\/\/www.europesays.com\/fi\/339729\/"},"modified":"2026-09-02T16:50:20","modified_gmt":"2026-09-02T16:50:20","slug":"uusi-macbook-voi-jaada-haaveeksi-kauppojen-hyllyt-ammottavat-tyhjyyttaan-uutisia-lyhyesti","status":"publish","type":"post","link":"https:\/\/www.europesays.com\/fi\/339729\/","title":{"rendered":"Uusi Macbook voi j\u00e4\u00e4d\u00e4 haaveeksi \u2013 kauppojen hyllyt ammottavat tyhjyytt\u00e4\u00e4n | Uutisia lyhyesti"},"content":{"rendered":"<p class=\"aw__sc-1qwuw0s-0 aw__sc-1vg2sqm-0 epAWpq ecELkD yle__article__paragraph\">Macbook -kannettavissa tietokoneissa on saatavuus\u00adongelmia Suomessa. Syyn\u00e4 on maailman\u00adlaajuinen komponentti\u00adpula, jonka taustalla on teko\u00e4lyn nopea kasvu.<\/p>\n<p><img decoding=\"async\" alt=\"P\u00f6yd\u00e4ll\u00e4 on nelj\u00e4 eriv\u00e4rist\u00e4 kannettavaa tietokonetta, joiden n\u00e4yt\u00f6ll\u00e4 on v\u00e4rik\u00e4s graafinen kuva.\" src=\"https:\/\/www.europesays.com\/fi\/wp-content\/uploads\/2026\/09\/1788331667.jpeg\" class=\"aw__sc-dklauk-0 LPzKX\"\/><\/p>\n<p>Avaa kuvien katselu<\/p>\n<p>Apple esitteli aiempaa edullisemman Macbook Neo -mallin maaliskuussa. Kuva: Sarah Yenesel \/ EPA<\/p>\n<ul class=\"aw__sc-1yb43iq-0 gFXHv yle__article__list yle__article__list--ul\">\n<li class=\"aw__sc-1yb43iq-1 gVAzbt\">Macbook-kannettavissa on saatavuusongelmia. Gigantin ja Powerin hyllyt ovat osin tyhji\u00e4.<\/li>\n<li class=\"aw__sc-1yb43iq-1 gVAzbt\">Syy on muistisirujen pula. Teko\u00e4lyn kasvu on nostanut komponenttien kysynn\u00e4n niin suureksi, ettei tuotanto pysy per\u00e4ss\u00e4.<\/li>\n<li class=\"aw__sc-1yb43iq-1 gVAzbt\">Apple on nostanut Macbookien hintoja viidenneksell\u00e4. My\u00f6s HP, Dell ja Nintendo ovat nostaneet hintoja.<\/li>\n<li class=\"aw__sc-1yb43iq-1 gVAzbt\">Ongelma kest\u00e4\u00e4 ainakin yhdest\u00e4 kahteen vuotta, mahdollisesti vuoteen 2030.<\/li>\n<\/ul>\n<p class=\"aw__sc-1qwuw0s-0 aw__sc-ngllmo-0 epAWpq fzYpjk yle__article__paragraph\">Jos haluat uuden Macbook-l\u00e4pp\u00e4rin, sen hankkiminen voi olla tavallista vaikeampaa.<\/p>\n<p class=\"aw__sc-1qwuw0s-0 aw__sc-ngllmo-0 epAWpq fzYpjk yle__article__paragraph\">Applen hyllyt ammottavat t\u00e4ll\u00e4 hetkell\u00e4 elektroniikkaliikkeiss\u00e4 osin tyhjyytt\u00e4\u00e4n.<\/p>\n<p class=\"aw__sc-1qwuw0s-0 aw__sc-ngllmo-0 epAWpq fzYpjk yle__article__paragraph\">Macbook -kannettavissa tietokoneissa on ollut viime aikoina saatavuusongelmia, elektroniikkaketjut Gigantti ja Power kertovat Ylelle.<\/p>\n<p class=\"aw__sc-1qwuw0s-0 aw__sc-ngllmo-0 epAWpq fzYpjk yle__article__paragraph\">\u2013 Osassa tuotteista saatavuus on t\u00e4ll\u00e4 hetkell\u00e4 niukka, kertoo Gigantin myyntip\u00e4\u00e4llikk\u00f6 <strong class=\"aw__sc-ngllmo-2 gdRrun yle__article__strong\">Jukka Erkinheimo<\/strong>.<\/p>\n<p class=\"aw__sc-1qwuw0s-0 aw__sc-ngllmo-0 epAWpq fzYpjk yle__article__paragraph\">Tuotteita saapuu Gigantille edelleen, mutta saatavuudessa voi olla merkitt\u00e4vi\u00e4 eroja mallien ja v\u00e4rien v\u00e4lill\u00e4, Erkinheimo sanoo.<\/p>\n<p class=\"aw__sc-1qwuw0s-0 aw__sc-ngllmo-0 epAWpq fzYpjk yle__article__paragraph\">Ongelma osuu pahaan saumaan, sill\u00e4 esimerkiksi monet opintojaan aloittavat etsiv\u00e4t parhaillaan l\u00e4pp\u00e4ri\u00e4.<\/p>\n<p class=\"aw__sc-1qwuw0s-0 aw__sc-ngllmo-0 epAWpq fzYpjk yle__article__paragraph\">Gigantin mukaan t\u00e4m\u00e4nhetkisen tiedon perusteella saatavuuden odotetaan paranevan l\u00e4hiaikoina. My\u00f6s Powerissa uumoillaan, ett\u00e4 saatavuus paranisi syyskuussa.<\/p>\n<p class=\"aw__sc-1qwuw0s-0 aw__sc-ngllmo-0 epAWpq fzYpjk yle__article__paragraph\">Loppuvuoden tilanne on ep\u00e4varmempi, mutta saatavuuden odotetaan silti paranevan.<\/p>\n<p>Kysynt\u00e4 ylitti tarjonnan<\/p>\n<p class=\"aw__sc-1qwuw0s-0 aw__sc-ngllmo-0 epAWpq fzYpjk yle__article__paragraph\">Mac-kannettavien kysynt\u00e4 on ylitt\u00e4nyt tarjonnan, kertoo Powerin markkinointip\u00e4\u00e4llikk\u00f6 <strong class=\"aw__sc-ngllmo-2 gdRrun yle__article__strong\">Ville Laakso<\/strong>.<\/p>\n<p class=\"aw__sc-1qwuw0s-0 aw__sc-ngllmo-0 epAWpq fzYpjk yle__article__paragraph\">Toimitus- ja saatavuushaasteet ovat maailmanlaajuisia.<\/p>\n<p class=\"aw__sc-1qwuw0s-0 aw__sc-ngllmo-0 epAWpq fzYpjk yle__article__paragraph\">Syyn\u00e4 on Laakson mukaan komponenttien, erityisesti muistisirujen suuri kysynt\u00e4.<\/p>\n<p class=\"aw__sc-1qwuw0s-0 aw__sc-ngllmo-0 epAWpq fzYpjk yle__article__paragraph\">Toimituskriisi johtuu muun muassa teko\u00e4lyn nopeasta kasvusta. Pienist\u00e4, mutta ratkaisevista tietokoneiden komponenteista on tullut kuumaa kauppatavaraa teko\u00e4lybuumin vuoksi. Kysynt\u00e4 on r\u00e4j\u00e4ht\u00e4nyt niin suureksi, ettei muistisirujen tuotanto pysy per\u00e4ss\u00e4.<\/p>\n<p class=\"aw__sc-1qwuw0s-0 aw__sc-ngllmo-0 epAWpq fzYpjk yle__article__paragraph\">Teko\u00e4lyn kehitt\u00e4minen vaatii eritt\u00e4in suuria m\u00e4\u00e4ri\u00e4 tietokoneen komponentteja, kuten RAM-muistia, n\u00e4yt\u00f6nohjaimia ja SSD-muistia.<\/p>\n<p class=\"aw__sc-1qwuw0s-0 aw__sc-ngllmo-0 epAWpq fzYpjk yle__article__paragraph\">Suuret muistivalmistajat ovat suunnanneet tuotantoaan teko\u00e4lypalvelinten ja konesalien vaatimiin suuren suorituskyvyn muistipiireihin, mik\u00e4 on sy\u00f6nyt muistivalmistusta kuluttajaelektroniikan puolelta.<\/p>\n<p class=\"aw__sc-1qwuw0s-0 aw__sc-ngllmo-0 epAWpq fzYpjk yle__article__paragraph\">Vuoden aikana sirujen hinnat ovat per\u00e4ti nelinkertaistuneet. Hintojen odotetaan jatkavan nousuaan vuoteen 2027 asti.<\/p>\n<p class=\"aw__sc-1qwuw0s-0 aw__sc-ngllmo-0 epAWpq fzYpjk yle__article__paragraph\">Yhdysvaltalainen muistisirujen valmistaja Micron <a class=\"aw__sc-ngllmo-1 bTDnwX yle__article__link\" href=\"https:\/\/www.reuters.com\/business\/micron-forecasts-quarterly-revenue-above-estimates-2026-06-24\/\" role=\"link\" rel=\"nofollow noopener\" target=\"_blank\">odottaa<\/a> markkinoiden jatkuvan paineen alla vuoden 2027 j\u00e4lkeen. Micronin toimitusjohtaja <strong class=\"aw__sc-ngllmo-2 gdRrun yle__article__strong\">Sanjay Mehrotra<\/strong> kertoi uutistoimisto Reutersin mukaan, ettei yhti\u00f6ll\u00e4 ole k\u00e4sityst\u00e4 siit\u00e4, milloin muistisirujen tarjonta saavuttaa kasvavan kysynn\u00e4n.<\/p>\n<p class=\"aw__sc-1qwuw0s-0 aw__sc-ngllmo-0 epAWpq fzYpjk yle__article__paragraph\">Etel\u00e4korealainen siruj\u00e4tti SK Hynix <a class=\"aw__sc-ngllmo-1 bTDnwX yle__article__link\" href=\"https:\/\/www.reuters.com\/world\/asia-pacific\/sk-hynix-holds-groundbreaking-ceremony-4-billion-indiana-ai-chip-packaging-2026-08-27\/\" role=\"link\" rel=\"nofollow noopener\" target=\"_blank\">arvioi<\/a>, ett\u00e4 pula voi kest\u00e4\u00e4 vuoteen 2030 asti.<\/p>\n<p>Iskee suoraan kuluttajan lompakkoon<\/p>\n<p class=\"aw__sc-1qwuw0s-0 aw__sc-ngllmo-0 epAWpq fzYpjk yle__article__paragraph\">Ongelman ratkaiseminen voi kest\u00e4\u00e4 ainakin yhdest\u00e4 kahteen vuotta. Siihen asti kuluttajat voivat k\u00e4rsi\u00e4 pidemmist\u00e4 odotusajoista, mutta my\u00f6s uuden elektroniikan hintojen noususta.<\/p>\n<p class=\"aw__sc-1qwuw0s-0 aw__sc-ngllmo-0 epAWpq fzYpjk yle__article__paragraph\">Applella se on jo tapahtunut.<\/p>\n<p class=\"aw__sc-1qwuw0s-0 aw__sc-ngllmo-0 epAWpq fzYpjk yle__article__paragraph\">Yhti\u00f6 <a class=\"aw__sc-ngllmo-1 bTDnwX yle__article__link\" href=\"https:\/\/yle.fi\/a\/74-20232246\" role=\"link\" rel=\"nofollow noopener\" target=\"_blank\">ilmoitti kes\u00e4kuussa nostavansa<\/a> muiden tuotteiden ohella Macbookien ja Ipadien hintoja viidenneksell\u00e4 muistisirujen hintojen nousun vuoksi.<\/p>\n<p class=\"aw__sc-1qwuw0s-0 aw__sc-ngllmo-0 epAWpq fzYpjk yle__article__paragraph\">Apple mainitsi teko\u00e4lydatakeskusten nopean laajenemisen syyn\u00e4 yhti\u00f6n hinnankorotuksiin. Yhti\u00f6 on ilmoittanut etsiv\u00e4ns\u00e4 ratkaisuja ongelmaan.<\/p>\n<p class=\"aw__sc-1qwuw0s-0 aw__sc-ngllmo-0 epAWpq fzYpjk yle__article__paragraph\">My\u00f6s HP, Dell ja Nintendo ovat nostaneet tuotteidensa hintoja samasta syyst\u00e4.<\/p>\n<p>John Ternus aloitti teknologiayhti\u00f6 Applen uutena toimitusjohtajana tiistaina 1. syyskuuta. Video on julkaistu 22. huhtikuuta. Video: Reuters, Tina Lund\u00e1n \/ Yle<\/p>\n","protected":false},"excerpt":{"rendered":"Macbook -kannettavissa tietokoneissa on saatavuus\u00adongelmia Suomessa. Syyn\u00e4 on maailman\u00adlaajuinen komponentti\u00adpula, jonka taustalla on teko\u00e4lyn nopea kasvu. Avaa kuvien&hellip;\n","protected":false},"author":2,"featured_media":339730,"comment_status":"","ping_status":"","sticky":false,"template":"","format":"standard","meta":{"footnotes":"","_share_on_mastodon":"0"},"categories":[76],"tags":[1029,79,77,15450,33,31,30,36657,32,78,92,433],"class_list":["post-339729","post","type-post","status-publish","format-standard","has-post-thumbnail","category-talous","tag-apple","tag-business","tag-economy","tag-elektroniikan-ja-sahkolaitteiden-valmistus","tag-fi","tag-finland","tag-finnish","tag-macbook","tag-suomi","tag-talous","tag-teknologia","tag-tekoaly"],"share_on_mastodon":{"url":"https:\/\/pubeurope.com\/@fi\/117202480686342824","error":""},"_links":{"self":[{"href":"https:\/\/www.europesays.com\/fi\/wp-json\/wp\/v2\/posts\/339729","targetHints":{"allow":["GET"]}}],"collection":[{"href":"https:\/\/www.europesays.com\/fi\/wp-json\/wp\/v2\/posts"}],"about":[{"href":"https:\/\/www.europesays.com\/fi\/wp-json\/wp\/v2\/types\/post"}],"author":[{"embeddable":true,"href":"https:\/\/www.europesays.com\/fi\/wp-json\/wp\/v2\/users\/2"}],"replies":[{"embeddable":true,"href":"https:\/\/www.europesays.com\/fi\/wp-json\/wp\/v2\/comments?post=339729"}],"version-history":[{"count":0,"href":"https:\/\/www.europesays.com\/fi\/wp-json\/wp\/v2\/posts\/339729\/revisions"}],"wp:featuredmedia":[{"embeddable":true,"href":"https:\/\/www.europesays.com\/fi\/wp-json\/wp\/v2\/media\/339730"}],"wp:attachment":[{"href":"https:\/\/www.europesays.com\/fi\/wp-json\/wp\/v2\/media?parent=339729"}],"wp:term":[{"taxonomy":"category","embeddable":true,"href":"https:\/\/www.europesays.com\/fi\/wp-json\/wp\/v2\/categories?post=339729"},{"taxonomy":"post_tag","embeddable":true,"href":"https:\/\/www.europesays.com\/fi\/wp-json\/wp\/v2\/tags?post=339729"}],"curies":[{"name":"wp","href":"https:\/\/api.w.org\/{rel}","templated":true}]}}