{"id":339731,"date":"2026-09-02T16:51:12","date_gmt":"2026-09-02T16:51:12","guid":{"rendered":"https:\/\/www.europesays.com\/fi\/339731\/"},"modified":"2026-09-02T16:51:12","modified_gmt":"2026-09-02T16:51:12","slug":"ei-ole-naurattanut-kahteen-vuoteen-juhana-helmenkalastaja-teki-yllattavan-paljastuksen-selviytyjissa","status":"publish","type":"post","link":"https:\/\/www.europesays.com\/fi\/339731\/","title":{"rendered":"\u201dEi ole naurattanut kahteen vuoteen\u201d \u2013 Juhana Helmenkalastaja teki yll\u00e4tt\u00e4v\u00e4n paljastuksen Selviytyjiss\u00e4"},"content":{"rendered":"<p>Kanssakilpailija tituleerasi Juhana Helmenkalastajaa Selviytyj\u00e4t-historian pahimmaksi roistoksi. Helmenkalastaja kertoo Iltalehdelle, kuinka ennakko-oletukset vaikuttivat h\u00e4nen pelitaktiikkaansa. <\/p>\n<p class=\"paragraph\">Kun myyntivalmentaja <a href=\"https:\/\/www.iltalehti.fi\/henkilot\/Juhana Helmenkalastaja\" class=\"article-link-person-page\" rel=\"nofollow noopener\" target=\"_blank\">Juhana Helmenkalastaja<\/a> tarttui uuteen tarjoukseen Selviytyj\u00e4t Suomi- kilpailuun osallistumisesta, oli h\u00e4nell\u00e4 yksi ehto.<\/p>\n<p class=\"paragraph\">\u2013 En kuitenkaan viitsi ihan miss\u00e4 tahansa porukassa viett\u00e4\u00e4 mahdollisesti kuukautta viidakko-olosuhteissa. Nimi\u00e4h\u00e4n ei koskaan sanota etuk\u00e4teen, mutta en halunnut mukaan sellaisia valittavia tyyppej\u00e4, Helmenkalastaja kertoo.<\/p>\n<p class=\"paragraph\">\u2013 Ja ei siell\u00e4 kyll\u00e4 sellaisia ollutkaan, h\u00e4n iloitsee n\u00e4in j\u00e4lkik\u00e4teen.<\/p>\n<p class=\"paragraph\">Kauaa Helmenkalastaja ei joutunut miettim\u00e4\u00e4n. Realitykonkari l\u00e4hti revanssikaudelle mielell\u00e4\u00e4n, sill\u00e4 h\u00e4n kuvaa Selviytyji\u00e4 ainutlaatuiseksi formaatiksi.<\/p>\n<p class=\"paragraph\">\u2013 Saa keskitty\u00e4 intensiivisesti vain siihen peliin ja niihin ihmisiin, joita siell\u00e4 on. Viimeksikin nautin siit\u00e4 ja nautin kyll\u00e4 nytkin.<\/p>\n<p class=\"paragraph\">Helmenkalastaja, 52, vietti viidakossa hieman vajaa kuukauden Selviytyj\u00e4t-ohjelman ensimm\u00e4isell\u00e4 Suomen julkkiskaudella, joka n\u00e4htiin tv:ss\u00e4 vuonna 2018. Ohjelma kuvattiin tv-esityst\u00e4 edelt\u00e4v\u00e4n\u00e4 kes\u00e4n\u00e4, joten ensimm\u00e4isest\u00e4 Selviytyj\u00e4t-kokemuksesta on jo l\u00e4hemm\u00e4s 10 vuotta.<\/p>\n<p class=\"paragraph\">\u2013 Halusin n\u00e4hd\u00e4 sen, ett\u00e4 viel\u00e4k\u00f6 yli viisikymppisen\u00e4 paukut riitt\u00e4\u00e4 tuollaiseen peliin.<\/p>\n<p>Laihdutuskuuri<\/p>\n<p class=\"paragraph\">T\u00e4ll\u00e4 kertaa h\u00e4n valmistautui viidakkoon erityisell\u00e4 tavalla. Siin\u00e4 miss\u00e4 ennen ensimm\u00e4ist\u00e4 Selviytyj\u00e4t-vierailuaan Helmenkalastaja opetteli uimaan, t\u00e4ll\u00e4 kertaa h\u00e4n k\u00e4vi vain kerran testaamassa uimataitojaan. Uintitreenien sijasta h\u00e4n keskittyi painon kerrytt\u00e4miseen.<\/p>\n<p class=\"paragraph\">\u2013 Silloin kymmenen vuotta sitten olin fyysisesti todella hyv\u00e4ss\u00e4 kunnossa ja nyth\u00e4n olin aivan rapakunnossa. Painoa oli tietenkin tullut lis\u00e4\u00e4, mutta lihotin itse\u00e4ni viel\u00e4 entisest\u00e4\u00e4n tarkoituksella.<\/p>\n<p><img decoding=\"async\" class=\"image image-show image-preview\" src=\"https:\/\/www.europesays.com\/fi\/wp-content\/uploads\/2026\/09\/fc2e6879d0ba9a7c0122cfbaa5bd5f507feb5f220ce47d91bc6688645fef2c86.jpg\" alt=\"\"\/><img decoding=\"async\" class=\"image image-show\" src=\"https:\/\/www.europesays.com\/fi\/wp-content\/uploads\/2026\/09\/1788367872_896_fc2e6879d0ba9a7c0122cfbaa5bd5f507feb5f220ce47d91bc6688645fef2c86.jpg\" alt=\"\"\/><\/p>\n<p>Juhana Helmenkalastaja kerrytti tarkoituksella lis\u00e4\u00e4 painoa ennen Selviytyj\u00e4t-kilpailua.  Lars Johnson<\/p>\n<p class=\"paragraph\">\u2013 Ennen kisaan l\u00e4ht\u00f6\u00e4 s\u00f6in kaiken mahdollisen, mit\u00e4 l\u00f6ytyi. Viel\u00e4 ihan kisap\u00e4iv\u00e4n aamuna vedin 1,5 litraa kokista, h\u00e4n kertoo.<\/p>\n<p class=\"paragraph\">Helmenkalastaja kertoo Iltalehdelle, kuinka painoi noin 5\u20137 kiloa normaalipainoaan enemm\u00e4n ennen Selviytyj\u00e4t-kuvausten alkamista.<\/p>\n<p class=\"paragraph\">\u2013 Kokemuksen tuoma oppi, ett\u00e4 sinne pit\u00e4\u00e4 massa hommata, jos sattuu pitk\u00e4\u00e4n menem\u00e4\u00e4n, h\u00e4n kiteytt\u00e4\u00e4.<\/p>\n<p class=\"paragraph\">Helmenkalastaja toivoikin, ett\u00e4 saisi ylim\u00e4\u00e4r\u00e4iset kilot karistettua kuvausten aikana. Karkit, muut herkut ja alkoholi kun j\u00e4\u00e4v\u00e4t automaattisesti. Toki h\u00e4n ei voi toistaiseksi paljastaa, kuinka kiloille k\u00e4vi.<\/p>\n<p class=\"paragraph\">\u2013 Pienell\u00e4 ravinnolla menn\u00e4\u00e4n, niin siin\u00e4 se ketoosi l\u00e4htee muutamassa p\u00e4iv\u00e4ss\u00e4 k\u00e4yntiin.<\/p>\n<p class=\"paragraph\">\u2013 Pahin pelkohan on, ett\u00e4 putoat ensimm\u00e4isen\u00e4 ja olet lihottanut itsesi, etk\u00e4 saanut laihdutuskuuriakaan aikaiseksi.<\/p>\n<p>\u201dVanha ja hitaampi\u201d<\/p>\n<p class=\"paragraph\">Uudella Selviytyj\u00e4t-kaudella kuusitoista jo aiemmin ohjelmassa n\u00e4hty\u00e4 kilpailijaa saa uuden mahdollisuuden. Helmenkalastaja ennakoi kovaa peli\u00e4 kokeneilta kilpailijoilta.<\/p>\n<p class=\"paragraph\">\u2013 Kun ensimm\u00e4isen kerran osallistuin, silloinhan kaikki eiv\u00e4t v\u00e4ltt\u00e4m\u00e4tt\u00e4 osanneet pelata tai se oli monille uusi juttu, katsojillekin.<\/p>\n<p>Helmenkalastaja ei ollut moksiskaan k\u00e4\u00e4nteest\u00e4, jonka vuoksi toinen heimo ei saanut perusruokavarantoja lainkaan. \u201dP\u00e4rj\u00e4\u00e4n v\u00e4h\u00e4ll\u00e4 ravinnolla\u201d, h\u00e4n sanoo.  Lars Johnson<\/p>\n<p class=\"paragraph\">Kovaa peli\u00e4 osasivat muut odottaa my\u00f6s Helmenkalastajalta. H\u00e4nt\u00e4 kutsuttiin kauden avausjaksossa muun muassa Suomen Selviytyj\u00e4t-historian pahimmaksi roistoksi.  Helmenkalastaja itse kehottaa kiinnitt\u00e4m\u00e4\u00e4n huomiota tittelin antajaan.<\/p>\n<p class=\"paragraph\">\u2013 Tituleeraajana oli Selviytyj\u00e4t Suomen koko historian pahin n\u00e4\u00e4t\u00e4, h\u00e4n viittaa <strong>Kasperi Kauppiseen<\/strong>.<\/p>\n<p class=\"paragraph\">H\u00e4n lis\u00e4\u00e4, ett\u00e4 puhumalla t\u00e4h\u00e4n tyyliin Kasperi sai kenties huomiota ja ennakko-oletuksia karistettua omilta hartioiltaan. Helmenkalastaja paljastaa, kuinka h\u00e4n sovitti pelitaktiikkaansa muiden oletuksiin mukautuen.<\/p>\n<p class=\"paragraph\">\u2013 Minun on turha yritt\u00e4\u00e4 teeskennell\u00e4, ett\u00e4 en osaisi jotenkin pelata tuota peli\u00e4. Valitsin siihen sellaisen v\u00e4h\u00e4n <a href=\"https:\/\/www.iltalehti.fi\/henkilot\/Ilari Sahamies\" class=\"article-link-person-page\" rel=\"nofollow noopener\" target=\"_blank\">Ilari Sahamies<\/a> -tyyppisen strategian, h\u00e4n kuvailee.<\/p>\n<p class=\"paragraph\">Helmenkalastaja kuvailee, kuinka vuosia sitten Sahamiehest\u00e4 ei juuri tiedetty ja h\u00e4n kilpaili \u201dv\u00e4h\u00e4n vasemmalla k\u00e4dell\u00e4\u201d, mink\u00e4 vuoksi h\u00e4nt\u00e4 ei pidetty suurena uhkana.<\/p>\n<p class=\"paragraph\">\u2013 Olin huonossa kunnossa l\u00e4htiess\u00e4 ja viel\u00e4 vanhakin muiden mielest\u00e4, niin ajattelin, ett\u00e4 voin olla sitten v\u00e4h\u00e4n vanha ja hitaampi. Jaksoista esimerkiksi huomaa, ett\u00e4 min\u00e4 en kyll\u00e4 juokse t\u00e4ysill\u00e4, vaan annan muiden menn\u00e4 edell\u00e4, h\u00e4n kuvailee l\u00e4hestymistapaansa.<\/p>\n<p>Leiri\u00e4 rakentaessa Helmenkalastaja paljastaa meinanneensa sortua neuvomaan muita, mutta malttoi kuitenkin mielens\u00e4.  Lars Johnson<\/p>\n<p class=\"paragraph\">\u2013 Olin edellisest\u00e4 kerrasta oppinut yhden asian ja tietysti katsonut noita muitakin kausia. T\u00e4rke\u00e4 homma on, ett\u00e4 tuolla ei pid\u00e4 neuvoa ket\u00e4\u00e4n. \u00c4l\u00e4 neuvo ket\u00e4\u00e4n, vaikka tulisi sellainen tilanne. Se \u00e4rsytt\u00e4\u00e4, Helmenkalastaja ohjeistaa.<\/p>\n<p class=\"paragraph\">H\u00e4n kertoo pit\u00e4neens\u00e4 t\u00e4ll\u00e4 kertaa suutansa soukemmalla ja yritt\u00e4neens\u00e4 n\u00e4ytt\u00e4\u00e4 pienemm\u00e4lt\u00e4 uhalta muille.<\/p>\n<p>Herkistyminen leiriss\u00e4<\/p>\n<p class=\"paragraph\">Kauden ensimm\u00e4isess\u00e4 jaksossa Helmenkalastaja tunnelmoi uusille heimotovereilleen kokemusta kuvaavin sanoin.<\/p>\n<p class=\"paragraph\">\u2013 Herkistyin tuolla tullessa, minua ei ole oikeasti naurattanut kahteen vuoteen, h\u00e4n lausui.<\/p>\n<p class=\"paragraph\">Helmenkalastaja taustoittaakin nyt, kuinka lausahduksen kirvoitti heimolaisten ja koko kokemuksen tunnelmointi.<\/p>\n<p class=\"paragraph\">\u2013 Siell\u00e4 oli ihan huippujengi\u00e4. Siis tosi mahtavia ihmisi\u00e4. Kaikilla oli sellainen tosi positiivinen suhtautuminen ja jokainen otettiin omana yksil\u00f6n\u00e4\u00e4n vastaan ja hyv\u00e4ksyttiin, vaikka olimme tosi erilaisia.<\/p>\n<p class=\"paragraph\">Yhteen hiileen puhaltaminen ja suhtautuminen erilaisiin vastoink\u00e4ymisiin kosketti. Helmenkalastaja toteaa, ett\u00e4 vaikka voisi kuvitella, ett\u00e4 juonimisilta ja selk\u00e4\u00e4n puukottamisilta ei muuta ehtisik\u00e4\u00e4n, niin totuus oli aivan toinen.<\/p>\n<p class=\"paragraph\">\u2013 Mielest\u00e4ni oli koskettavaa, miten se yhteis\u00f6 toimi ja miten p\u00e4rj\u00e4simme eri tilanteissa. Vaikka emme saaneet tulta aikaiseksi tai sy\u00f6mme jotain kookosta. Se oli jotain muuta kuin mit\u00e4 normaaliel\u00e4m\u00e4ss\u00e4 tulee koettua.<\/p>\n<p>Juhana Helmenkalastaja tokaisee, ett\u00e4 h\u00e4n on hankala nauratettava: \u201dLeffan pit\u00e4\u00e4 olla tosi hyv\u00e4, ett\u00e4 nauran \u00e4\u00e4neen\u201d.  Anniina Nikander<\/p>\n<p class=\"paragraph\">\u2013 Olen t\u00e4ss\u00e4 viime aikoina tehnyt niin paljon duunia, ett\u00e4 ei ole ehtinyt muuta kuin keskitty\u00e4 t\u00f6ihin. Sitten olet tuollaisessa ymp\u00e4rist\u00f6ss\u00e4, jossa ei oikeasti ole mit\u00e4\u00e4n ja tuollainen vilpit\u00f6n yhteis\u00f6, vaikka siell\u00e4 peli onkin taustalla.<\/p>\n<p class=\"paragraph\">Helmenkalastaja tunnelmoi muutenkin, miten kuvaukset antoivat mahdollisuuden erist\u00e4yty\u00e4 muusta yhteiskunnasta kokonaan. Helmenkalastaja huomauttaa, ett\u00e4 muun muassa Suomen miesten maajoukkueen j\u00e4\u00e4kiekkomenestys meni kilpailijoilta Malesiassa t\u00e4ysin ohi.<\/p>\n<p class=\"paragraph\">\u2013 Olet t\u00e4ysin ilman mink\u00e4\u00e4nlaista mediatietoutta ja kellonajastakaan ei ole mik\u00e4\u00e4n k\u00e4sityst\u00e4. Sinulla on vain ne ihmiset siell\u00e4 ja vuorokausirytmisi muotoutuu auringonnousun ja -laskun v\u00e4liin.<\/p>\n<p class=\"paragraph\">Selviytyj\u00e4t Suomi sunnuntaisin Nelosella ja Ruudussa.<a href=\"https:\/\/www.iltalehti.fi\/telkku\" rel=\"nofollow noopener\" target=\"_blank\"> Katso kaikki tv-ohjelmat ja l\u00e4hetysajat Telkun tv-oppaasta.<\/a><\/p>\n","protected":false},"excerpt":{"rendered":"Kanssakilpailija tituleerasi Juhana Helmenkalastajaa Selviytyj\u00e4t-historian pahimmaksi roistoksi. Helmenkalastaja kertoo Iltalehdelle, kuinka ennakko-oletukset vaikuttivat h\u00e4nen pelitaktiikkaansa. Kun myyntivalmentaja Juhana&hellip;\n","protected":false},"author":2,"featured_media":339732,"comment_status":"","ping_status":"","sticky":false,"template":"","format":"standard","meta":{"footnotes":"","_share_on_mastodon":"0"},"categories":[14],"tags":[35,22,23,26,27,33,31,30,17,24,25,41,28,29,15,18,21,900,2331,32,19,20,140,139,56,16,59,60,61],"class_list":["post-339731","post","type-post","status-publish","format-standard","has-post-thumbnail","category-ulkomaat","tag-24h","tag-breaking-news","tag-breakingnews","tag-featured-news","tag-featurednews","tag-fi","tag-finland","tag-finnish","tag-headlines","tag-latest-news","tag-latestnews","tag-liikunta-ja-urheilu","tag-main-news","tag-mainnews","tag-news","tag-otsikot","tag-paauutiset","tag-ruoka","tag-ruoka-ja-juoma","tag-suomi","tag-top-stories","tag-topstories","tag-tv-ja-elokuvat","tag-tv-ohjelmat","tag-ulkomaat","tag-uutiset","tag-world","tag-world-news","tag-worldnews"],"share_on_mastodon":{"url":"https:\/\/pubeurope.com\/@fi\/117202484852402036","error":""},"_links":{"self":[{"href":"https:\/\/www.europesays.com\/fi\/wp-json\/wp\/v2\/posts\/339731","targetHints":{"allow":["GET"]}}],"collection":[{"href":"https:\/\/www.europesays.com\/fi\/wp-json\/wp\/v2\/posts"}],"about":[{"href":"https:\/\/www.europesays.com\/fi\/wp-json\/wp\/v2\/types\/post"}],"author":[{"embeddable":true,"href":"https:\/\/www.europesays.com\/fi\/wp-json\/wp\/v2\/users\/2"}],"replies":[{"embeddable":true,"href":"https:\/\/www.europesays.com\/fi\/wp-json\/wp\/v2\/comments?post=339731"}],"version-history":[{"count":0,"href":"https:\/\/www.europesays.com\/fi\/wp-json\/wp\/v2\/posts\/339731\/revisions"}],"wp:featuredmedia":[{"embeddable":true,"href":"https:\/\/www.europesays.com\/fi\/wp-json\/wp\/v2\/media\/339732"}],"wp:attachment":[{"href":"https:\/\/www.europesays.com\/fi\/wp-json\/wp\/v2\/media?parent=339731"}],"wp:term":[{"taxonomy":"category","embeddable":true,"href":"https:\/\/www.europesays.com\/fi\/wp-json\/wp\/v2\/categories?post=339731"},{"taxonomy":"post_tag","embeddable":true,"href":"https:\/\/www.europesays.com\/fi\/wp-json\/wp\/v2\/tags?post=339731"}],"curies":[{"name":"wp","href":"https:\/\/api.w.org\/{rel}","templated":true}]}}