{"id":339757,"date":"2026-09-02T17:43:11","date_gmt":"2026-09-02T17:43:11","guid":{"rendered":"https:\/\/www.europesays.com\/fi\/339757\/"},"modified":"2026-09-02T17:43:11","modified_gmt":"2026-09-02T17:43:11","slug":"datakeskuksen-rakentaminen-seinajoelle-ei-hairiinny-kouvolan-ongelmista-huolimatta-vakuuttaa-rakennuttaja-etela-pohjanmaa","status":"publish","type":"post","link":"https:\/\/www.europesays.com\/fi\/339757\/","title":{"rendered":"Datakeskuksen rakentaminen Sein\u00e4joelle ei h\u00e4iriinny Kouvolan ongelmista huolimatta, vakuuttaa rakennuttaja | Etel\u00e4-Pohjanmaa"},"content":{"rendered":"<p class=\"aw__sc-1qwuw0s-0 aw__sc-1vg2sqm-0 epAWpq ecELkD yle__article__paragraph\">P\u00e4\u00e4urakoitsija j\u00e4tti Kouvolan data\u00adkeskus\u00adhankkeen kesken, mutta asia ei vaikuta Sein\u00e4joelle, vakuuttaa investoinnista vastaavan Pure DC:n Chris Talago.<\/p>\n<p><img decoding=\"async\" alt=\"Rakennusty\u00f6maa ilmasta kuvattuna.\" src=\"https:\/\/www.europesays.com\/fi\/wp-content\/uploads\/2026\/09\/1786968175.jpeg\" class=\"aw__sc-dklauk-0 LPzKX\"\/><\/p>\n<p>Avaa kuvien katselu<\/p>\n<p>Sein\u00e4joen datakeskuksen rakentaminen on vauhdissa Kivennevalla. Kuva: Pasi Takkunen \/ Yle<\/p>\n<p class=\"aw__sc-1qwuw0s-0 aw__sc-ngllmo-0 epAWpq fzYpjk yle__article__paragraph\">Sein\u00e4joen datakeskushankkeen p\u00e4\u00e4urakoitsija CTS Nordics on j\u00e4tt\u00e4nyt kesken datakeskuksen rakentamisen Kouvolassa. Yritys on ollut p\u00e4\u00e4urakoitsijana Kouvolan hankkeessa parin vuoden ajan.<\/p>\n<p class=\"aw__sc-1qwuw0s-0 aw__sc-ngllmo-0 epAWpq fzYpjk yle__article__paragraph\">Sein\u00e4joella rakentaminen jatkuu, eiv\u00e4tk\u00e4 tapahtumat vaikuta Sein\u00e4joelle, vakuuttavat investoinnista ja kehitt\u00e4misest\u00e4 vastaavat tahot.<\/p>\n<p class=\"aw__sc-1qwuw0s-0 aw__sc-ngllmo-0 epAWpq fzYpjk yle__article__paragraph\">T\u00e4ll\u00e4 hetkell\u00e4 ei ole tietoa, mist\u00e4 keskeytt\u00e4misess\u00e4 Kouvolassa on kysymys.<\/p>\n<p class=\"aw__sc-1qwuw0s-0 aw__sc-ngllmo-0 epAWpq fzYpjk yle__article__paragraph\">CTS Nordics oy ei ole vastannut Ylen kysymyksiin ty\u00f6maan keskeytt\u00e4misest\u00e4 tai tilanteeseen johtaneista syist\u00e4. Yhti\u00f6n toimitusjohtaja <strong class=\"aw__sc-ngllmo-2 gdRrun yle__article__strong\">Marcus Toiviainen<\/strong> sanoo, ettei voi kommentoida asiaa mill\u00e4\u00e4n tavoin.<\/p>\n<p class=\"aw__sc-1qwuw0s-0 aw__sc-ngllmo-0 epAWpq fzYpjk yle__article__paragraph\">CTS Nordics on viisi vuotta sitten perustettu datakeskusrakentamiseen keskittynyt yhti\u00f6, jonka omistaa Sveitsiss\u00e4 asuva miljon\u00e4\u00e4ri. Kouvolan datakeskusurakasta vastaa islantilainen yritys Atnorth, joka on jo l\u00f6yt\u00e4nyt jatkajan urakalle. YIT tulee tekem\u00e4\u00e4n urakan loppuun.<\/p>\n<p>Sein\u00e4joen hankkeeseen ei vaikutusta<\/p>\n<p class=\"aw__sc-1qwuw0s-0 aw__sc-ngllmo-0 epAWpq fzYpjk yle__article__paragraph\">Sein\u00e4joella datakeskusinvestoinnista vastaa brittil\u00e4inen Pure DC Projects oy, jolle Sein\u00e4joen kaupunki myi maapohjan 3,9 miljoonalla eurolla viime kev\u00e4\u00e4n\u00e4.<\/p>\n<p class=\"aw__sc-1qwuw0s-0 aw__sc-ngllmo-0 epAWpq fzYpjk yle__article__paragraph\">CTS Nordics on datakeskuksen p\u00e4\u00e4urakoitsija my\u00f6s Sein\u00e4joen datakeskushankkeessa, vahvistaa Pure DC:n yrityssuhteista ja viestinn\u00e4st\u00e4 vastaava johtaja <strong class=\"aw__sc-ngllmo-2 gdRrun yle__article__strong\">Chris Talago<\/strong>.<\/p>\n<p class=\"aw__sc-1qwuw0s-0 aw__sc-ngllmo-0 epAWpq fzYpjk yle__article__paragraph\">Talago vakuuttaa, ettei Kouvolan ongelmilla ole vaikutusta Sein\u00e4joen hankkeeseen.<\/p>\n<p class=\"aw__sc-1qwuw0s-0 aw__sc-ngllmo-0 epAWpq fzYpjk yle__article__paragraph\">\u2013 Ei vaikuta mitenk\u00e4\u00e4n, vastaa Talago s\u00e4hk\u00f6postilla.<\/p>\n<p class=\"aw__sc-1qwuw0s-0 aw__sc-ngllmo-0 epAWpq fzYpjk yle__article__paragraph\">H\u00e4n ei voi vastata CTS Nordicsia koskeviin kysymyksiin, vaan kehottaa ottamaan yhteytt\u00e4 suoraan heihin.<\/p>\n<p>Rakentaminen aikataulussa<\/p>\n<p class=\"aw__sc-1qwuw0s-0 aw__sc-ngllmo-0 epAWpq fzYpjk yle__article__paragraph\">My\u00f6s Sein\u00e4joen datakeskushankkeen kehitysyhti\u00f6 SDC Project Ventures oy:n hallituksen puheenjohtaja <strong class=\"aw__sc-ngllmo-2 gdRrun yle__article__strong\">Jukka-Pekka Joensuu<\/strong> vastaa v\u00e4h\u00e4sanaisesti.<\/p>\n<p class=\"aw__sc-1qwuw0s-0 aw__sc-ngllmo-0 epAWpq fzYpjk yle__article__paragraph\">\u2013 En voi valitettavasti kertoa yksityiskohtia, mutta lienee selv\u00e4\u00e4, ett\u00e4 CTS toimii ja he vastaavat mielell\u00e4\u00e4n itse kysymyksiin.<\/p>\n<p class=\"aw__sc-1qwuw0s-0 aw__sc-ngllmo-0 epAWpq fzYpjk yle__article__paragraph\">Joensuu vakuuttaa niin ik\u00e4\u00e4n, ettei Sein\u00e4joen hankkeessa ole ongelmia.<\/p>\n<p class=\"aw__sc-1qwuw0s-0 aw__sc-ngllmo-0 epAWpq fzYpjk yle__article__paragraph\">\u2013 Meill\u00e4 on selke\u00e4 suunnitelma rakentamisen edist\u00e4misess\u00e4 ja rakentaminen menee t\u00e4ll\u00e4 hetkell\u00e4 hyvin aikataulussa, toteaa Joensuu.<\/p>\n","protected":false},"excerpt":{"rendered":"P\u00e4\u00e4urakoitsija j\u00e4tti Kouvolan data\u00adkeskus\u00adhankkeen kesken, mutta asia ei vaikuta Sein\u00e4joelle, vakuuttaa investoinnista vastaavan Pure DC:n Chris Talago. Avaa&hellip;\n","protected":false},"author":2,"featured_media":339758,"comment_status":"","ping_status":"","sticky":false,"template":"","format":"standard","meta":{"footnotes":"","_share_on_mastodon":"0"},"categories":[76],"tags":[79,3465,77,1377,33,31,30,71,1431,1003,2007,680,32,78,1072,1356],"class_list":["post-339757","post","type-post","status-publish","format-standard","has-post-thumbnail","category-talous","tag-business","tag-datakeskus","tag-economy","tag-etela-pohjanmaa","tag-fi","tag-finland","tag-finnish","tag-kotimaa","tag-palvelinkeskukset","tag-rakentaminen","tag-sahko","tag-seinajoki","tag-suomi","tag-talous","tag-tietotekniikka","tag-yritykset"],"share_on_mastodon":{"url":"https:\/\/pubeurope.com\/@fi\/117202689432464634","error":""},"_links":{"self":[{"href":"https:\/\/www.europesays.com\/fi\/wp-json\/wp\/v2\/posts\/339757","targetHints":{"allow":["GET"]}}],"collection":[{"href":"https:\/\/www.europesays.com\/fi\/wp-json\/wp\/v2\/posts"}],"about":[{"href":"https:\/\/www.europesays.com\/fi\/wp-json\/wp\/v2\/types\/post"}],"author":[{"embeddable":true,"href":"https:\/\/www.europesays.com\/fi\/wp-json\/wp\/v2\/users\/2"}],"replies":[{"embeddable":true,"href":"https:\/\/www.europesays.com\/fi\/wp-json\/wp\/v2\/comments?post=339757"}],"version-history":[{"count":0,"href":"https:\/\/www.europesays.com\/fi\/wp-json\/wp\/v2\/posts\/339757\/revisions"}],"wp:featuredmedia":[{"embeddable":true,"href":"https:\/\/www.europesays.com\/fi\/wp-json\/wp\/v2\/media\/339758"}],"wp:attachment":[{"href":"https:\/\/www.europesays.com\/fi\/wp-json\/wp\/v2\/media?parent=339757"}],"wp:term":[{"taxonomy":"category","embeddable":true,"href":"https:\/\/www.europesays.com\/fi\/wp-json\/wp\/v2\/categories?post=339757"},{"taxonomy":"post_tag","embeddable":true,"href":"https:\/\/www.europesays.com\/fi\/wp-json\/wp\/v2\/tags?post=339757"}],"curies":[{"name":"wp","href":"https:\/\/api.w.org\/{rel}","templated":true}]}}