{"id":339761,"date":"2026-09-02T17:45:12","date_gmt":"2026-09-02T17:45:12","guid":{"rendered":"https:\/\/www.europesays.com\/fi\/339761\/"},"modified":"2026-09-02T17:45:12","modified_gmt":"2026-09-02T17:45:12","slug":"jymy-voiton-paassa-finaalista","status":"publish","type":"post","link":"https:\/\/www.europesays.com\/fi\/339761\/","title":{"rendered":"Jymy voiton p\u00e4\u00e4ss\u00e4 finaalista!"},"content":{"rendered":"<p><img decoding=\"async\" class=\"image image-show image-preview\" src=\"https:\/\/www.europesays.com\/fi\/wp-content\/uploads\/2026\/09\/d43d01e04223f0b28ef4a69457112998e3e820d72d5054f2902e48c2b6e4ceb9.jpg\" alt=\"\"\/><img decoding=\"async\" class=\"image image-show\" src=\"https:\/\/www.europesays.com\/fi\/wp-content\/uploads\/2026\/09\/1788371112_251_d43d01e04223f0b28ef4a69457112998e3e820d72d5054f2902e48c2b6e4ceb9.jpg\" alt=\"\"\/><\/p>\n<p>Roope Korhonen on kokenut kettu syksyn peleiss\u00e4. Tomi Natri \/ All Over Press<\/p>\n<p class=\"paragraph\">Sotkamon Jymy kellisti Kouvolan Pallonly\u00f6j\u00e4t toistamiseen ja on voiton p\u00e4\u00e4ss\u00e4 miesten Superpesiksen finaalipaikasta. Jymy johtaa ottelusarjaa voitoin 2\u20130.<\/p>\n<p class=\"paragraph\">Jymy kellisti KPL:n keskiviikkoiltana Kouvolassa kotiutusly\u00f6ntikilpailun j\u00e4lkeen 0\u20131 (2\u20132, 3\u20133, 0\u20130, 0\u20132). Pallonly\u00f6jien kotiuttaminen t\u00f6kki pahemman kerran t\u00e4rkeill\u00e4 hetkill\u00e4.<\/p>\n<p class=\"paragraph\">Sotkamolaisten ykk\u00f6sk\u00e4rki pelasi vahvan ottelun. Erityisesti ykk\u00f6sk\u00e4rjen <strong>Jere Vikstr\u00f6m<\/strong> (k\u00e4rkily\u00f6nnit 6\/8) ja <strong>Kalle Kuosmanen<\/strong> (1 tuotu juoksu, k\u00e4rkily\u00f6nnit 7\/9) onnistuivat laadukkaasti mailan varressa ja pelasivat ulkona varmasti.<\/p>\n<p class=\"paragraph\">Is\u00e4nnilt\u00e4 parhaimmassa vireess\u00e4 olivat vahvaa sis\u00e4- ja ulkopeli\u00e4 pelannut lukkari Elias Pitk\u00e4nen (2 ly\u00f6ty\u00e4 juoksua, 6\/9 k\u00e4rkily\u00f6nnit) ja vikkel\u00e4kinttuinen k\u00e4rkietenij\u00e4 Patrik Vartama (2 tuotua juoksua, 7\/8 k\u00e4rkily\u00f6nnit).<\/p>\n<p class=\"paragraph\">Kainuulaiset v\u00e4\u00e4nsiv\u00e4t tiukan voiton, vaikka kaikkien aikojen ly\u00f6j\u00e4 <strong>Roope Korhonen<\/strong> j\u00e4i ottelussa nollaan ly\u00f6tyyn juoksuun.<\/p>\n<p class=\"paragraph\">Jymyll\u00e4 on mahdollisuus varmistaa finaalipaikka perjantaina kotikent\u00e4ll\u00e4\u00e4n.<\/p>\n<p class=\"paragraph\">Toinen v\u00e4lier\u00e4sarja Vimpelin Vedon ja Manse PP:n v\u00e4lill\u00e4 on Vedolle 1\u20130.<\/p>\n<p class=\"paragraph\">Naisten Superpesiksess\u00e4 v\u00e4lier\u00e4t pelataan paras seitsem\u00e4st\u00e4 -systeemill\u00e4, ja Sein\u00e4joen Jussittaret ja Manse PP ovat ottaneet tiukan niskalenkin vastustajistaan.<\/p>\n<p class=\"paragraph\">Manse PP johtaa Joensuun Mailaa voitoin 3\u20130 ja Jussittaret Porin Pes\u00e4karhuja voitoin 3\u20130.<\/p>\n","protected":false},"excerpt":{"rendered":"Roope Korhonen on kokenut kettu syksyn peleiss\u00e4. Tomi Natri \/ All Over Press Sotkamon Jymy kellisti Kouvolan Pallonly\u00f6j\u00e4t&hellip;\n","protected":false},"author":2,"featured_media":339762,"comment_status":"","ping_status":"","sticky":false,"template":"","format":"standard","meta":{"footnotes":"","_share_on_mastodon":"0"},"categories":[12],"tags":[35,22,23,26,27,33,31,30,17,3921,24,25,41,4290,28,29,15,18,21,3442,32,19,20,161,16],"class_list":["post-339761","post","type-post","status-publish","format-standard","has-post-thumbnail","category-suomi","tag-24h","tag-breaking-news","tag-breakingnews","tag-featured-news","tag-featurednews","tag-fi","tag-finland","tag-finnish","tag-headlines","tag-ita-suomen-laani-hist","tag-latest-news","tag-latestnews","tag-liikunta-ja-urheilu","tag-lounais-suomi","tag-main-news","tag-mainnews","tag-news","tag-otsikot","tag-paauutiset","tag-pohjois-suomi","tag-suomi","tag-top-stories","tag-topstories","tag-urheilutapahtumat","tag-uutiset"],"share_on_mastodon":{"url":"https:\/\/pubeurope.com\/@fi\/117202696988523713","error":""},"_links":{"self":[{"href":"https:\/\/www.europesays.com\/fi\/wp-json\/wp\/v2\/posts\/339761","targetHints":{"allow":["GET"]}}],"collection":[{"href":"https:\/\/www.europesays.com\/fi\/wp-json\/wp\/v2\/posts"}],"about":[{"href":"https:\/\/www.europesays.com\/fi\/wp-json\/wp\/v2\/types\/post"}],"author":[{"embeddable":true,"href":"https:\/\/www.europesays.com\/fi\/wp-json\/wp\/v2\/users\/2"}],"replies":[{"embeddable":true,"href":"https:\/\/www.europesays.com\/fi\/wp-json\/wp\/v2\/comments?post=339761"}],"version-history":[{"count":0,"href":"https:\/\/www.europesays.com\/fi\/wp-json\/wp\/v2\/posts\/339761\/revisions"}],"wp:featuredmedia":[{"embeddable":true,"href":"https:\/\/www.europesays.com\/fi\/wp-json\/wp\/v2\/media\/339762"}],"wp:attachment":[{"href":"https:\/\/www.europesays.com\/fi\/wp-json\/wp\/v2\/media?parent=339761"}],"wp:term":[{"taxonomy":"category","embeddable":true,"href":"https:\/\/www.europesays.com\/fi\/wp-json\/wp\/v2\/categories?post=339761"},{"taxonomy":"post_tag","embeddable":true,"href":"https:\/\/www.europesays.com\/fi\/wp-json\/wp\/v2\/tags?post=339761"}],"curies":[{"name":"wp","href":"https:\/\/api.w.org\/{rel}","templated":true}]}}