{"id":339767,"date":"2026-09-02T18:06:11","date_gmt":"2026-09-02T18:06:11","guid":{"rendered":"https:\/\/www.europesays.com\/fi\/339767\/"},"modified":"2026-09-02T18:06:11","modified_gmt":"2026-09-02T18:06:11","slug":"etta-peruu-syksyn-kiertueensa-suosittu-rap-artisti-tarvitsee-taukoa","status":"publish","type":"post","link":"https:\/\/www.europesays.com\/fi\/339767\/","title":{"rendered":"Etta peruu syksyn kiertueensa: Suosittu rap-artisti tarvitsee taukoa"},"content":{"rendered":"<p>\n            20260228, Tampere. UMK 2026 finaali. Kuvassa Etta.<br \/>\n            Timo Korhonen\n        <\/p>\n<p class=\"subtitle \">Nuoresta i\u00e4st\u00e4\u00e4n huolimatta jo pitk\u00e4n uran tehnyt Etta jakoi koskettavan julkaisun, jossa kertoi suuresta p\u00e4\u00e4t\u00f6ksest\u00e4\u00e4n.<\/p>\n<p class=\"article-content article-content-width !bg-background\">Suosittu rap-artisti , 29, ilmoitti yll\u00e4tt\u00e4en peruvansa syksyn kiertueensa.<\/p>\n<p class=\"font-weight-bold m-font-weight-bold article-content article-content-width !bg-background\">Video: UMK-kilpailijat paljastavat uransa nolot hetket.<\/p>\n<p>Onnistumisia ja ep\u00e4varmuutta<\/p>\n<p class=\"article-content article-content-width !bg-background\">My\u00f6s UMK:sta tuttu Etta on keikkaillut ahkerasti l\u00e4pi kes\u00e4n ymp\u00e4ri Suomea. Nyt jo vuosia pinnalla ollut artisti kuitenkin kertoo tarvitsevansa taukoa.\u00a0<\/p>\n<p class=\"article-content article-content-width !bg-background\">\u2013 Oon keikkaillut vuodesta 2019 asti. Laitoin bootsit jalkaa, enk\u00e4 kattonut taakse. N\u00e4ihin vuosiin on mahtunut enemm\u00e4n ku osasin ikin\u00e4 kuvitella &#8211; mestoja, ihmisi\u00e4, onnistumisia, ep\u00e4varmuutta, kasvua ja ennen kaikkea rakkautta musaa kohtaan, Etta kertoo keskiviikkona (2.9.) tekem\u00e4ss\u00e4\u00e4n julkaisussa.\u00a0<\/p>\n<p class=\"article-content article-content-width !bg-background\">\u00c4mm\u00e4-kappaleesta tunnettua artistia on kutsuttu Suomen menestyneimm\u00e4ksi naispuoliseksi r\u00e4pp\u00e4riksi. Useita Emma-ehdokkuutta urallaan saanut laulaja ottaa kuitenkin nyt askeleen sivuun.<\/p>\n<p class=\"article-content article-content-width !bg-background\">\u2013 T\u00e4\u00e4 vuosi on ollu mulle kaikkien aikojen vuosi. Nyt kuitenkin tuntuu silt\u00e4, ett\u00e4 on oikea hetki pys\u00e4hty\u00e4. Oon p\u00e4\u00e4tt\u00e4nyt perua t\u00e4n syksyn kiertueen ja ottaa hetkeksi happea. Haluun antaa itelleni aikaa mietti\u00e4, kuka oon ja mit\u00e4 seuraavaks, Etta kirjoittaa.<\/p>\n<p>        <a itemprop=\"url\" href=\"https:\/\/www.seiska.fi\/kotimaa\/paula-vesala-ympyra-sulkeutui\/2211599\" rel=\"nofollow noopener\" target=\"_blank\"><\/p>\n<p>\nPaula Vesala:\n<\/p>\n<p class=\"section-date\">\n        <strong class=\"article-section\" data-section=\"kotimaa\"><br \/>\n            kotimaa<br \/>\n        <\/strong><br \/>\n        18.7. 14:00\n    <\/p>\n<p>Paula Vesala: &#8221;Ympyr\u00e4 sulkeutui&#8221;\n    <\/p>\n<p itemprop=\"description\" class=\"subtitle \">\n    Muusikko Paula Vesala on tehnyt pitk\u00e4n uran esiintyj\u00e4n\u00e4, mutta aivan kaikkia lavoja ei h\u00e4nk\u00e4\u00e4n ole viel\u00e4 kiert\u00e4nyt.\n<\/p>\n<p>        <\/a><\/p>\n<p>P\u00e4\u00e4t\u00f6s sai tukea<\/p>\n<p class=\"article-content article-content-width !bg-background\">Vuonna 2022 Etta teki historiaa, kun h\u00e4nen Tykk\u00e4\u00e4t kummiski \u2013albuminsa nousi listaykk\u00f6seksi, ensimm\u00e4isen\u00e4 naispuolisen r\u00e4pp\u00e4rin levyn\u00e4 koskaan Suomessa.<\/p>\n<p class=\"article-content article-content-width !bg-background\">\u2013 N\u00e4h\u00e4\u00e4 taas, ku on sen aika. Rakkaudella, Etta, artisti kirjoittaa julkaisun lopuksi. Yht\u00e4 selv\u00e4\u00e4 syyt\u00e4 keikkojensa perumiselleen Etta ei anna, mutta rivien v\u00e4list\u00e4 paistaa tarve levolle.\u00a0<\/p>\n<p class=\"article-content article-content-width !bg-background\">Julkaisun kommenttikentt\u00e4 t\u00e4yttyi artistia tukevista viesteist\u00e4, joista v\u00e4littyi ymm\u00e4rrys tauon ottamista kohtaan.<\/p>\n<p class=\"article-content article-content-width !bg-background\">\u2013 Ota iisi\u00e4 ja tervetuloa takas sitten kun aika on oikea! kannusti joku.<\/p>\n<p class=\"article-content article-content-width !bg-background\">\u2013 Halaus ja tsemppi\u00e4 paljon muista oot niin s\u00e4dehtiv\u00e4n upee, kirjoitti toinen.<\/p>\n<p>        <a itemprop=\"url\" href=\"https:\/\/www.seiska.fi\/kotimaa\/femina-villegalle-kokeili-botoxia\/2202201\" rel=\"nofollow noopener\" target=\"_blank\"><\/p>\n<p>\nFemina:\n<\/p>\n<p class=\"section-date\">\n        <strong class=\"article-section\" data-section=\"kotimaa\"><br \/>\n            kotimaa<br \/>\n        <\/strong><br \/>\n        9.7. 09:00\n    <\/p>\n<p>Femina: VilleGalle kokeili botoxia\n    <\/p>\n<p itemprop=\"description\" class=\"subtitle \">\n    Suosikkir\u00e4pp\u00e4ri kertoo kokeilleensa botoxia.\n<\/p>\n<p>        <\/a><\/p>\n","protected":false},"excerpt":{"rendered":"20260228, Tampere. UMK 2026 finaali. Kuvassa Etta. Timo Korhonen Nuoresta i\u00e4st\u00e4\u00e4n huolimatta jo pitk\u00e4n uran tehnyt Etta jakoi&hellip;\n","protected":false},"author":2,"featured_media":339768,"comment_status":"","ping_status":"","sticky":false,"template":"","format":"standard","meta":{"footnotes":"","_share_on_mastodon":"0"},"categories":[130],"tags":[137,24480,33,31,30,5207,7136,32,12170,109],"class_list":["post-339767","post","type-post","status-publish","format-standard","has-post-thumbnail","category-viihde","tag-entertainment","tag-etta","tag-fi","tag-finland","tag-finnish","tag-kiertue","tag-rap-artisti","tag-suomi","tag-tauko","tag-viihde"],"share_on_mastodon":{"url":"https:\/\/pubeurope.com\/@fi\/117202779485087286","error":""},"_links":{"self":[{"href":"https:\/\/www.europesays.com\/fi\/wp-json\/wp\/v2\/posts\/339767","targetHints":{"allow":["GET"]}}],"collection":[{"href":"https:\/\/www.europesays.com\/fi\/wp-json\/wp\/v2\/posts"}],"about":[{"href":"https:\/\/www.europesays.com\/fi\/wp-json\/wp\/v2\/types\/post"}],"author":[{"embeddable":true,"href":"https:\/\/www.europesays.com\/fi\/wp-json\/wp\/v2\/users\/2"}],"replies":[{"embeddable":true,"href":"https:\/\/www.europesays.com\/fi\/wp-json\/wp\/v2\/comments?post=339767"}],"version-history":[{"count":0,"href":"https:\/\/www.europesays.com\/fi\/wp-json\/wp\/v2\/posts\/339767\/revisions"}],"wp:featuredmedia":[{"embeddable":true,"href":"https:\/\/www.europesays.com\/fi\/wp-json\/wp\/v2\/media\/339768"}],"wp:attachment":[{"href":"https:\/\/www.europesays.com\/fi\/wp-json\/wp\/v2\/media?parent=339767"}],"wp:term":[{"taxonomy":"category","embeddable":true,"href":"https:\/\/www.europesays.com\/fi\/wp-json\/wp\/v2\/categories?post=339767"},{"taxonomy":"post_tag","embeddable":true,"href":"https:\/\/www.europesays.com\/fi\/wp-json\/wp\/v2\/tags?post=339767"}],"curies":[{"name":"wp","href":"https:\/\/api.w.org\/{rel}","templated":true}]}}