{"id":339769,"date":"2026-09-02T18:07:21","date_gmt":"2026-09-02T18:07:21","guid":{"rendered":"https:\/\/www.europesays.com\/fi\/339769\/"},"modified":"2026-09-02T18:07:21","modified_gmt":"2026-09-02T18:07:21","slug":"hallitus-haluaa-muuttaa-suot-metsiksi-asiantuntijat-jarjetonta-kotimaa","status":"publish","type":"post","link":"https:\/\/www.europesays.com\/fi\/339769\/","title":{"rendered":"Hallitus haluaa muuttaa suot metsiksi \u2013 asiantuntijat: j\u00e4rjet\u00f6nt\u00e4 | Kotimaa"},"content":{"rendered":"<p class=\"aw__sc-1qwuw0s-0 aw__sc-ngllmo-0 epAWpq fzYpjk yle__article__paragraph\">Hallitus kaavailee uutta tukea, jonka avulla voitaisiin metsitt\u00e4\u00e4 muun muassa entisi\u00e4 turpeennostoalueita.<\/p>\n<p class=\"aw__sc-1qwuw0s-0 aw__sc-ngllmo-0 epAWpq fzYpjk yle__article__paragraph\">Esitetty tuki on saanut kuitenkin runsaasti kritiikki\u00e4. Kritiikki liittyy siihen, miksi turvealueet pit\u00e4isi ylip\u00e4\u00e4t\u00e4\u00e4n muuttaa metsiksi, kun ne ovat alun perin olleet yleens\u00e4 soita.<\/p>\n<p class=\"aw__sc-1qwuw0s-0 aw__sc-ngllmo-0 epAWpq fzYpjk yle__article__paragraph\"><strong class=\"aw__sc-ngllmo-2 gdRrun yle__article__strong\">Yle vieraili Siikajoella entisell\u00e4 turpeennostoalueella sek\u00e4 ennallistetulla turpeennostoalueella:<\/strong><\/p>\n<p class=\"aw__sc-1qwuw0s-0 aw__sc-ngllmo-0 epAWpq fzYpjk yle__article__paragraph\">Tukea perustellaan ennen kaikkea ilmastosyill\u00e4 ja metsien kasvun lis\u00e4\u00e4misell\u00e4.<\/p>\n<p class=\"aw__sc-1qwuw0s-0 aw__sc-ngllmo-0 epAWpq fzYpjk yle__article__paragraph\">Moni kuitenkin pelk\u00e4\u00e4 sen johtavan ennemminkin haittoihin ilmastolle, luonnon monimuotoisuudelle ja vesist\u00f6lle.<\/p>\n<p class=\"aw__sc-1qwuw0s-0 aw__sc-ngllmo-0 epAWpq fzYpjk yle__article__paragraph\">Huolena on, ett\u00e4 metsitt\u00e4minen korvaisi luonnon kannalta paremman vaihtoehdon eli alueiden ennallistamisen vett\u00e4m\u00e4ll\u00e4. Vett\u00e4misess\u00e4 vedenpinta nostetaan takaisin l\u00e4helle maanpinnan tasoa. Se vaatii esimerkiksi ojien tukkimista.<\/p>\n<p class=\"aw__sc-1qwuw0s-0 aw__sc-ngllmo-0 epAWpq fzYpjk yle__article__paragraph\">Huolen nostivat esiin lausuntokierroksella muun muassa ymp\u00e4rist\u00f6j\u00e4rjest\u00f6t, Suomen ymp\u00e4rist\u00f6keskus, Geologian tutkimuskeskus, Luontopaneeli, Luonnonvarakeskus, osa elinvoimakeskuksista ja ymp\u00e4rist\u00f6ministeri\u00f6.<\/p>\n<ul class=\"aw__sc-1yb43iq-0 gFXHv yle__article__list yle__article__list--ul\">\n<li class=\"aw__sc-1yb43iq-1 gVAzbt\">Hallitus suunnittelee tukea entisten turvetuotantoalueiden metsitt\u00e4miseen. Tuki on saanut voimakasta kritiikki\u00e4 asiantuntijoilta.<\/li>\n<li class=\"aw__sc-1yb43iq-1 gVAzbt\">Huoli on, ett\u00e4 tuki ohjaa metsitt\u00e4m\u00e4\u00e4n alueita, jotka pit\u00e4isi ennallistaa soiksi. Vett\u00e4minen eli ennallistaminen olisi parempi ilmastolle ja luonnolle.<\/li>\n<li class=\"aw__sc-1yb43iq-1 gVAzbt\">Metsitystuki on 2\u00a0400 euroa hehtaarilta, turvetuotantoalueiden ennallistamiseen yksityiset eiv\u00e4t saa tukea.<\/li>\n<li class=\"aw__sc-1yb43iq-1 gVAzbt\">Maa- ja mets\u00e4talousministeri\u00f6 ei usko tuen ohjaavan liiaksi metsitt\u00e4miseen.<\/li>\n<\/ul>\n<p><img decoding=\"async\" alt=\"Ilmakuva avohakkuualueesta, jonka suorat urat n\u00e4kyv\u00e4t mets\u00e4n keskell\u00e4, ja alueella on vett\u00e4.\" src=\"https:\/\/www.europesays.com\/fi\/wp-content\/uploads\/2026\/09\/1788261969.jpeg\" loading=\"lazy\" class=\"aw__sc-dklauk-0 LPzKX\"\/><\/p>\n<p>Avaa kuvien katselu<\/p>\n<p>Kuvassa on Huhtinevan entinen turvetuotantoalue Siikajoella. Kuva: Rami Moilanen \/ Yle<\/p>\n<p class=\"aw__sc-1qwuw0s-0 aw__sc-ngllmo-0 epAWpq fzYpjk yle__article__paragraph\">My\u00f6s esitysluonnoksessa on mainittu, ett\u00e4 ilmastop\u00e4\u00e4st\u00f6jen kannalta paras ratkaisu olisi usein turpeennostoalueen vett\u00e4minen. Esityksess\u00e4 my\u00f6s tiedostetaan riskit metsitt\u00e4misen vesist\u00f6p\u00e4\u00e4st\u00f6ist\u00e4.<\/p>\n<p class=\"aw__sc-1qwuw0s-0 aw__sc-ngllmo-0 epAWpq fzYpjk yle__article__paragraph\">M\u00e4\u00e4r\u00e4aikainen metsitystuki on tarkoitus vied\u00e4 eduskunnalle viel\u00e4 syksyn aikana. Se koskee my\u00f6s esimerkiksi paksuturpeisten turvepeltojen metsitt\u00e4mist\u00e4.<\/p>\n<p>Tukea saisi selv\u00e4sti enemm\u00e4n kuin ennallistamiseen<\/p>\n<p class=\"aw__sc-1qwuw0s-0 aw__sc-ngllmo-0 epAWpq fzYpjk yle__article__paragraph\">Geologian tutkimuskeskuksen GTK:n erikoistutkijan <strong class=\"aw__sc-ngllmo-2 gdRrun yle__article__strong\">Liisa Maanaviljan<\/strong> mukaan metsitt\u00e4minen voi monissa tapauksissa olla perusteltua jatkok\u00e4ytt\u00f6\u00e4 turpeennostoalueelle.<\/p>\n<p class=\"aw__sc-1qwuw0s-0 aw__sc-ngllmo-0 epAWpq fzYpjk yle__article__paragraph\">Ongelma kuitenkin on siin\u00e4, jos metsitt\u00e4minen korvaa vett\u00e4misen.<\/p>\n<p class=\"aw__sc-1qwuw0s-0 aw__sc-ngllmo-0 epAWpq fzYpjk yle__article__paragraph\">Luonnon monimuotoisuuden kannalta olisi t\u00e4rke\u00e4\u00e4, ett\u00e4 turpeennostoalueita palautettaisiin my\u00f6s kosteikoiksi ja soiksi. Suomi on my\u00f6s sitoutunut EU:n ennallistamisasetukseen ja ennallistamaan merkitt\u00e4v\u00e4n m\u00e4\u00e4r\u00e4n turvemaita.<\/p>\n<p><img decoding=\"async\" alt=\"Ilmakuva laajasta suoalueesta, jossa on vett\u00e4, mets\u00e4\u00e4 ja avoimia turvealueita; taustalla n\u00e4kyy peltoja.\" src=\"https:\/\/www.europesays.com\/fi\/wp-content\/uploads\/2026\/09\/1788261976.jpeg\" loading=\"lazy\" class=\"aw__sc-dklauk-0 LPzKX\"\/><\/p>\n<p>Avaa kuvien katselu<\/p>\n<p>Vett\u00e4misess\u00e4 vedenpinta nostetaan takaisin l\u00e4helle maanpinnan tasoa. Se vaatii esimerkiksi ojien tukkimista. Kuva on ennallistetulta turvetuotantoalueelta Siikajoen Karjonevalta. Kuva: Rami Moilanen \/ Yle<\/p>\n<p class=\"aw__sc-1qwuw0s-0 aw__sc-ngllmo-0 epAWpq fzYpjk yle__article__paragraph\">Ilmaston kannalta metsitt\u00e4minen ja vett\u00e4minen ovat molemmat nykytiedon mukaan hyvi\u00e4 vaihtoehtoja entisill\u00e4 turpeennostoalueilla, Maanavilja sanoo. Pitk\u00e4ll\u00e4, satojen vuosien aikaj\u00e4nteell\u00e4 vett\u00e4minen kuitenkin vie voiton.<\/p>\n<p class=\"aw__sc-1qwuw0s-0 aw__sc-ngllmo-0 epAWpq fzYpjk yle__article__paragraph\">Maanaviljan mukaan my\u00f6s ymp\u00e4r\u00f6ivien alueiden ennallistaminen vaikeutuu, jos kiinteist\u00f6nomistaja p\u00e4\u00e4tyy metsitt\u00e4m\u00e4\u00e4n alueensa. Yleens\u00e4 turvetuotantoalueilla on useita omistajia.<\/p>\n<p class=\"aw__sc-1qwuw0s-0 aw__sc-ngllmo-0 epAWpq fzYpjk yle__article__paragraph\">Turvetuotantoalueen ennallistamiseen voi hakea EU-tukea 300\u2013500 euroa hehtaarilta, mutta yksityishenkil\u00f6t eiv\u00e4t sit\u00e4 saa.<\/p>\n<p class=\"aw__sc-1qwuw0s-0 aw__sc-ngllmo-0 epAWpq fzYpjk yle__article__paragraph\">Esitetty metsitystuki olisi 2\u00a0400 euroa hehtaarilta, ja sit\u00e4 voisi saada my\u00f6s yksityishenkil\u00f6. Lis\u00e4ksi metsitt\u00e4m\u00e4ll\u00e4 alueesta saa my\u00f6hemmin puutuloja.<\/p>\n<p class=\"aw__sc-1qwuw0s-0 aw__sc-ngllmo-0 epAWpq fzYpjk yle__article__paragraph\">\u2013 Tuki entisest\u00e4\u00e4n lis\u00e4\u00e4 metsitt\u00e4misen taloudellista kannattavuutta verrattuna vett\u00e4miseen, Maanavilja sanoo.<\/p>\n<p><img decoding=\"async\" alt=\"M\u00e4rk\u00e4 ja mutainen maa-alue, jonka ymp\u00e4rill\u00e4 kasvaa ruohoa ja muuta kasvillisuutta.\" src=\"https:\/\/www.europesays.com\/fi\/wp-content\/uploads\/2026\/09\/1788261985.jpeg\" loading=\"lazy\" class=\"aw__sc-dklauk-0 LPzKX\"\/><\/p>\n<p>Avaa kuvien katselu<\/p>\n<p>Metsitt\u00e4minen voi aiheuttaa my\u00f6s vesist\u00f6p\u00e4\u00e4st\u00f6j\u00e4. Ongelma korostuu happamilla sulfiittimailla kuten Siikajoen alueella. Huhtinevalta otetussa kuvassa n\u00e4kyy sulfiittisavea, joka on p\u00e4\u00e4tynyt maanpinnalle turvetuotannossa. Kuva: Rami Moilanen \/ Yle<img decoding=\"async\" alt=\"Ihminen pitelee likaisessa k\u00e4dess\u00e4\u00e4n pient\u00e4 harmaata savikokkaretta ulkotiloissa.\" src=\"https:\/\/www.europesays.com\/fi\/wp-content\/uploads\/2026\/09\/1788261949.jpeg\" loading=\"lazy\" class=\"aw__sc-dklauk-0 LPzKX\"\/><\/p>\n<p>Avaa kuvien katselu<\/p>\n<p>Sulfiittisavi aiheuttaa vesist\u00f6\u00f6n p\u00e4\u00e4tyess\u00e4\u00e4n merkitt\u00e4v\u00e4\u00e4 happamoitumista. Kuva: Rami Moilanen \/ Yle<\/p>\n<p class=\"aw__sc-1qwuw0s-0 aw__sc-ngllmo-0 epAWpq fzYpjk yle__article__paragraph\">Metsitt\u00e4mistuen saaja sitoutuu hoitamaan aluetta mets\u00e4n\u00e4 kymmenen vuotta.<\/p>\n<p class=\"aw__sc-1qwuw0s-0 aw__sc-ngllmo-0 epAWpq fzYpjk yle__article__paragraph\">T\u00e4m\u00e4n j\u00e4lkeen samalle alueelle voi toki hakea ennallistamistukea. Metsitetyn suon ennallistamiseen voi yksityishenkil\u00f6kin saada rahaa Helmi-ohjelman kautta.<\/p>\n<p>Ministeri\u00f6ss\u00e4 ei uskota, ett\u00e4 metsitt\u00e4minen kiinnostaisi liikaa<\/p>\n<p class=\"aw__sc-1qwuw0s-0 aw__sc-ngllmo-0 epAWpq fzYpjk yle__article__paragraph\">Maa- ja mets\u00e4talousministeri\u00f6st\u00e4 kerrotaan, ett\u00e4 tuen tarkoituksena on vahvistaa hiilinieluja ja lis\u00e4t\u00e4 metsien pinta-alaa.<\/p>\n<p class=\"aw__sc-1qwuw0s-0 aw__sc-ngllmo-0 epAWpq fzYpjk yle__article__paragraph\">\u2013 Tarvitsemme monenlaisia toimenpiteit\u00e4 hiilinielujen vahvistamiseksi. Valmisteltava metsitystuki on yksi niist\u00e4, sanoo mets\u00e4biotalousyksik\u00f6n p\u00e4\u00e4llikk\u00f6, mets\u00e4neuvos <strong class=\"aw__sc-ngllmo-2 gdRrun yle__article__strong\">Erno J\u00e4rvinen<\/strong>.<\/p>\n<p><img decoding=\"async\" alt=\"Ilmakuva suolta, jossa vihreit\u00e4 kasvillisuuden laikkuja ja ruskeaa vett\u00e4; oikeassa reunassa mets\u00e4\u00e4.\" src=\"https:\/\/www.europesays.com\/fi\/wp-content\/uploads\/2026\/09\/1788261994.jpeg\" loading=\"lazy\" class=\"aw__sc-dklauk-0 LPzKX\"\/><\/p>\n<p>Avaa kuvien katselu<\/p>\n<p>Karjonevan turvetuotantoalue ennallistettiin noin viisitoista vuotta sitten. Kuva: Rami Moilanen \/ Yle<\/p>\n<p class=\"aw__sc-1qwuw0s-0 aw__sc-ngllmo-0 epAWpq fzYpjk yle__article__paragraph\">J\u00e4rvinen ei usko, ett\u00e4 uusi tuki saisi maanomistajia metsitt\u00e4m\u00e4\u00e4n merkitt\u00e4vi\u00e4 m\u00e4\u00e4ri\u00e4 sellaisia turpeennostoalueita, jotka soveltuvat paremmin vetett\u00e4viksi.<\/p>\n<p class=\"aw__sc-1qwuw0s-0 aw__sc-ngllmo-0 epAWpq fzYpjk yle__article__paragraph\">\u2013 Pid\u00e4n t\u00e4t\u00e4 aika teoreettisena vaihtoehtona.<\/p>\n<p class=\"aw__sc-1qwuw0s-0 aw__sc-ngllmo-0 epAWpq fzYpjk yle__article__paragraph\">Paksuturpeiset alueet ovat usein todella hankalia metsitt\u00e4\u00e4. Lis\u00e4ksi monia maanomistajia kiinnostava vaihtoehto on vuokrata alue aurinkovoiman tuotantoon.<\/p>\n<p class=\"aw__sc-1qwuw0s-0 aw__sc-ngllmo-0 epAWpq fzYpjk yle__article__paragraph\">Osa tukihakemuksista voidaan hyl\u00e4t\u00e4, J\u00e4rvinen muistuttaa.<\/p>\n<p>Tutkija syytt\u00e4\u00e4 naamioiduksi tehomets\u00e4talouden tueksi<\/p>\n<p class=\"aw__sc-1qwuw0s-0 aw__sc-ngllmo-0 epAWpq fzYpjk yle__article__paragraph\">Suomessa on pitk\u00e4 historia soiden metsitt\u00e4miselle. Sotien j\u00e4lkeen valtio tuki voimakkaasti ojien kaivamista soille, jotta niist\u00e4 saatiin kuivattua mets\u00e4\u00e4.<\/p>\n<p class=\"aw__sc-1qwuw0s-0 aw__sc-ngllmo-0 epAWpq fzYpjk yle__article__paragraph\">Nykytiedon valossa tiedet\u00e4\u00e4n, ett\u00e4 t\u00e4llaisista suometsist\u00e4 tulee isot ilmasto- ja vesist\u00f6p\u00e4\u00e4st\u00f6t varsinkin hakkuiden yhteydess\u00e4. Lis\u00e4ksi suoluonto on k\u00e4rsinyt, kun paikoin jopa 90 prosenttia soista on ojitettu.<\/p>\n<p class=\"aw__sc-1qwuw0s-0 aw__sc-ngllmo-0 epAWpq fzYpjk yle__article__paragraph\">Suomen ymp\u00e4rist\u00f6keskuksen tutkija, Luonnonperint\u00f6s\u00e4\u00e4ti\u00f6n suojelup\u00e4\u00e4llikk\u00f6 <strong class=\"aw__sc-ngllmo-2 gdRrun yle__article__strong\">Ari-Pekka Auvinen<\/strong> ajattelee, ett\u00e4 uusi tuki olisi k\u00e4yt\u00e4nn\u00f6ss\u00e4 t\u00e4ysin jatkumoa t\u00e4lle toiminnalle.<\/p>\n<p class=\"aw__sc-1qwuw0s-0 aw__sc-ngllmo-0 epAWpq fzYpjk yle__article__paragraph\">\u2013 Taasko t\u00e4m\u00e4 jatkuu? Nyt ei onneksi olla en\u00e4\u00e4 avosoita ojittamassa, mutta samalla tavalla t\u00e4m\u00e4 on tehomets\u00e4talouden tukea.<\/p>\n<p><img decoding=\"async\" alt=\"Mies istuu kosteikolla heinien keskell\u00e4 taivas pilvinen, musta t-paita jossa vaalea logo vasemmalla.\" src=\"https:\/\/www.europesays.com\/fi\/wp-content\/uploads\/2026\/09\/1788261960.jpeg\" loading=\"lazy\" class=\"aw__sc-dklauk-0 LPzKX\"\/><\/p>\n<p>Avaa kuvien katselu<\/p>\n<p>Ari-Pekka Auvisen mukaan luonnon monimuotoisuuden kannalta Suomeen ei tarvita en\u00e4\u00e4 uusia talousmetsi\u00e4. Niit\u00e4 on jo paljon. Kuva: Rami Moilanen \/ Yle<\/p>\n<p class=\"aw__sc-1qwuw0s-0 aw__sc-ngllmo-0 epAWpq fzYpjk yle__article__paragraph\">Auvinen huomauttaa, ett\u00e4 mets\u00e4n kasvupaikoiksi sopivat turvetuotantoalueet l\u00e4htev\u00e4t kyll\u00e4 itsekseenkin kasvamaan puuta, mutta se voi olla esimerkiksi lehtipuita.<\/p>\n<p class=\"aw__sc-1qwuw0s-0 aw__sc-ngllmo-0 epAWpq fzYpjk yle__article__paragraph\">Metsitt\u00e4misess\u00e4 on h\u00e4nen mukaansa kyse siit\u00e4, ett\u00e4 pyrit\u00e4\u00e4n kasvattamaan taloudellisesti kannattavia yksipuulajisia havupuumetsi\u00e4 usein vastoin kasvupaikan luontaisia olosuhteita.<\/p>\n<p><img decoding=\"async\" alt=\"Etualalla n\u00e4kyy pieni kuusi vesiuoman varrella, taustalla avointa suoniitty\u00e4 ja mets\u00e4nreuna.\" src=\"https:\/\/www.europesays.com\/fi\/wp-content\/uploads\/2026\/09\/1788372441_593_1788261960.jpeg\" loading=\"lazy\" class=\"aw__sc-dklauk-0 LPzKX\"\/><\/p>\n<p>Avaa kuvien katselu<\/p>\n<p>Huhtinevan turvetuotantoalueen kuivimmissa paikoissa puskee jo havu- mutta l\u00e4hinn\u00e4 lehtipuita. Alue on ollut pois turvetuotannosta muutaman vuoden. Kuva: Rami Moilanen \/ Yle<\/p>\n<p>Turvealueilla on paljon kysynt\u00e4\u00e4<\/p>\n<p class=\"aw__sc-1qwuw0s-0 aw__sc-ngllmo-0 epAWpq fzYpjk yle__article__paragraph\">Ari-Pekka Auvisen toinen ty\u00f6nantaja Luonnonperint\u00f6s\u00e4\u00e4ti\u00f6 muun muassa ennallistaa soita lahjoittajilta ker\u00e4\u00e4mill\u00e4\u00e4n rahoilla.<\/p>\n<p class=\"aw__sc-1qwuw0s-0 aw__sc-ngllmo-0 epAWpq fzYpjk yle__article__paragraph\">Siin\u00e4 ty\u00f6ss\u00e4 h\u00e4n on huomannut, kuinka hankalaa monia entisen turvetuotantoalueen omistajia on saada kiinnostumaan ennallistamisesta.<\/p>\n<p class=\"aw__sc-1qwuw0s-0 aw__sc-ngllmo-0 epAWpq fzYpjk yle__article__paragraph\">Maanomistajat haluavat puutuloja ja metsitt\u00e4v\u00e4t my\u00f6s sellaisia alueita, jotka vaativat j\u00e4reit\u00e4 lis\u00e4ojituksia kuivuakseen eiv\u00e4tk\u00e4 v\u00e4ltt\u00e4m\u00e4tt\u00e4 koskaan kasva kovin tuottavaa mets\u00e4\u00e4.<\/p>\n<p class=\"aw__sc-1qwuw0s-0 aw__sc-ngllmo-0 epAWpq fzYpjk yle__article__paragraph\">Auvinen ihmettelee sit\u00e4, miksi ylip\u00e4\u00e4t\u00e4\u00e4n ennallistaminen ja sen kustannukset ovat t\u00e4ll\u00e4 hetkell\u00e4 yksityisten maanomistajien ja yleishy\u00f6dyllisten organisaatioiden vastuulla.<\/p>\n<p class=\"aw__sc-1qwuw0s-0 aw__sc-ngllmo-0 epAWpq fzYpjk yle__article__paragraph\">\u2013 Voisi tietenkin ajatella ja toivoa, ett\u00e4 my\u00f6s firmoilla, jotka ovat muuttaneet n\u00e4m\u00e4 ekosysteemit t\u00e4ysin toisiksi, olisi jokin vastuu palauttaa niiden luontoa.<\/p>\n","protected":false},"excerpt":{"rendered":"Hallitus kaavailee uutta tukea, jonka avulla voitaisiin metsitt\u00e4\u00e4 muun muassa entisi\u00e4 turpeennostoalueita. Esitetty tuki on saanut kuitenkin runsaasti&hellip;\n","protected":false},"author":2,"featured_media":339770,"comment_status":"","ping_status":"","sticky":false,"template":"","format":"standard","meta":{"footnotes":"","_share_on_mastodon":"0"},"categories":[112],"tags":[1297,33,31,30,1921,1096,71,72,823,41915,728,118,32,119],"class_list":["post-339769","post","type-post","status-publish","format-standard","has-post-thumbnail","category-tiede","tag-ennallistaminen","tag-fi","tag-finland","tag-finnish","tag-hiilinielut","tag-ilmasto","tag-kotimaa","tag-luonto","tag-metsat","tag-metsitys","tag-pohjois-pohjanmaa","tag-science","tag-suomi","tag-tiede"],"share_on_mastodon":{"url":"https:\/\/pubeurope.com\/@fi\/117202783898037270","error":""},"_links":{"self":[{"href":"https:\/\/www.europesays.com\/fi\/wp-json\/wp\/v2\/posts\/339769","targetHints":{"allow":["GET"]}}],"collection":[{"href":"https:\/\/www.europesays.com\/fi\/wp-json\/wp\/v2\/posts"}],"about":[{"href":"https:\/\/www.europesays.com\/fi\/wp-json\/wp\/v2\/types\/post"}],"author":[{"embeddable":true,"href":"https:\/\/www.europesays.com\/fi\/wp-json\/wp\/v2\/users\/2"}],"replies":[{"embeddable":true,"href":"https:\/\/www.europesays.com\/fi\/wp-json\/wp\/v2\/comments?post=339769"}],"version-history":[{"count":0,"href":"https:\/\/www.europesays.com\/fi\/wp-json\/wp\/v2\/posts\/339769\/revisions"}],"wp:featuredmedia":[{"embeddable":true,"href":"https:\/\/www.europesays.com\/fi\/wp-json\/wp\/v2\/media\/339770"}],"wp:attachment":[{"href":"https:\/\/www.europesays.com\/fi\/wp-json\/wp\/v2\/media?parent=339769"}],"wp:term":[{"taxonomy":"category","embeddable":true,"href":"https:\/\/www.europesays.com\/fi\/wp-json\/wp\/v2\/categories?post=339769"},{"taxonomy":"post_tag","embeddable":true,"href":"https:\/\/www.europesays.com\/fi\/wp-json\/wp\/v2\/tags?post=339769"}],"curies":[{"name":"wp","href":"https:\/\/api.w.org\/{rel}","templated":true}]}}