{"id":339785,"date":"2026-09-02T18:36:10","date_gmt":"2026-09-02T18:36:10","guid":{"rendered":"https:\/\/www.europesays.com\/fi\/339785\/"},"modified":"2026-09-02T18:36:10","modified_gmt":"2026-09-02T18:36:10","slug":"media-hegseth-haluaa-presidentiksi-nyt-puhuu-trump","status":"publish","type":"post","link":"https:\/\/www.europesays.com\/fi\/339785\/","title":{"rendered":"Media: Hegseth haluaa presidentiksi \u2013 Nyt puhuu Trump"},"content":{"rendered":"<p>Huhut presidenttiehdokkuudesta kiiriv\u00e4t jopa Yhdysvaltain presidentin korviin.<\/p>\n<p><img decoding=\"async\" class=\"image image-show image-preview\" src=\"https:\/\/www.europesays.com\/fi\/wp-content\/uploads\/2026\/09\/163e39f461177e2ae82c19dff3ccc1d2f9b6171131f046cbe37452d61e8f934f.jpg\" alt=\"\"\/><img decoding=\"async\" class=\"image image-show\" src=\"https:\/\/www.europesays.com\/fi\/wp-content\/uploads\/2026\/09\/1788374170_217_163e39f461177e2ae82c19dff3ccc1d2f9b6171131f046cbe37452d61e8f934f.jpg\" alt=\"\"\/><\/p>\n<p>Puolustusministeri Pete Hegsethin huhutaan hamuavan presidenttiehdokkuutta. Arkistokuva.  JIM LO SCALZO, AOP<\/p>\n<p class=\"paragraph\"><a href=\"https:\/\/www.nbcnews.com\/politics\/2028-election\/pete-hegseth-talking-possible-run-president-2028-sources-say-rcna594891\" target=\"_blank\" rel=\"noopener nofollow\">NBC Newsin<\/a> mukaan Yhdysvaltain puolustusministeri <a href=\"https:\/\/www.iltalehti.fi\/henkilot\/Pete Hegseth\" class=\"article-link-person-page\" rel=\"nofollow noopener\" target=\"_blank\">Pete Hegseth<\/a> harkitsee asettuvansa ehdolle vuoden 2028 presidentinvaaleihin.<\/p>\n<p class=\"paragraph\">Kaksi asiasta perill\u00e4 olevaa l\u00e4hdett\u00e4 kertoo lehdelle, ett\u00e4 Hegseth on kertonut l\u00e4heisille yst\u00e4villeen ja liittolaisilleen harkitsevansa presidenttiehdokkuutta.<\/p>\n<p class=\"paragraph\">Hegseth kuitenkin tyrm\u00e4si NBC Newsin tiedot sosiaalisessa mediassa.<\/p>\n<p class=\"paragraph\">\u2013 100-prosenttisesti valetta. Sanoimme niin NBC:lle, mutta he vain valehtelevat nimett\u00f6mien \u201dl\u00e4hteiden\u201d perusteella, Hegseth vastasi <a href=\"https:\/\/x.com\/PeteHegseth\/status\/2093475499242934557\" target=\"_blank\" rel=\"noopener nofollow\">X-alustalla<\/a>.<\/p>\n<p>Trumpin mukaan hallitus keskittyy nyt l\u00e4henevist\u00e4 v\u00e4livaaleista selviytymiseen. Arkistokuva.  Allison Robbert\/UPI\/Shutterstock, AOP<\/p>\n<p class=\"paragraph\">Huhut presidenttiehdokkuudesta kiiriv\u00e4t jopa Yhdysvaltain presidentti <a href=\"https:\/\/www.iltalehti.fi\/henkilot\/Donald Trump\" class=\"article-link-person-page\" rel=\"nofollow noopener\" target=\"_blank\">Donald Trumpin<\/a> korviin, kertoo <a href=\"https:\/\/thehill.com\/homenews\/administration\/6061917-trump-dismisses-hegseth-2028-run\/\" target=\"_blank\" rel=\"noopener nofollow\">The Hill<\/a>. Presidentti kommentoi aihetta toimittajille maanantaina.<\/p>\n<p class=\"paragraph\">\u2013 Mielest\u00e4ni h\u00e4n tekee loistavaa ty\u00f6t\u00e4, mutta on viel\u00e4 liian aikaista puhua siit\u00e4. Meid\u00e4n t\u00e4ytyy ensin selviyty\u00e4 v\u00e4livaaleista, Trump toppuutteli.<\/p>\n<p class=\"paragraph\"><a href=\"https:\/\/www.war.gov\/News\/Releases\/Release\/Article\/4040940\/secretary-hegseths-message-to-the-force\/\" target=\"_blank\" rel=\"noopener nofollow\">Hegseth tunnetaan<\/a> erityisesti k\u00e4rkk\u00e4ist\u00e4 lausunnoistaan ja pyrkimyksist\u00e4\u00e4n palauttaa \u201dsoturihenki\u201d Yhdysvaltain armeijaan.<\/p>\n<p class=\"paragraph\"><a href=\"https:\/\/www.war.gov\/News\/Transcripts\/Transcript\/article\/4318689\/secretary-of-war-pete-hegseth-addresses-general-and-flag-officers-at-quantico-v\/\" target=\"_blank\" rel=\"noopener nofollow\">Hegseth on julistanut<\/a> poistavansa armeijasta \u201dwoke-roskan\u201d, kuten \u201didentiteettiin perustuvat kuukaudet\u201d, \u201dmiehet mekoissa\u201d sek\u00e4 \u201dmoninaisuus, yhdenvertaisuus ja osallisuus -politiikan\u201d.<\/p>\n<p>Hegseth on julistanut useaan otteeseen pyrkiv\u00e4ns\u00e4 palauttamaan \u201dsoturihengen\u201d armeijaan. Arkistokuva.  Stella Pictures, AOP<\/p>\n<p class=\"paragraph\">Hegseth on k\u00e4ytt\u00e4nyt sotaministerin titteli\u00e4 vuodesta 2025 asti, jolloin Trump p\u00e4\u00e4tti vaihtaa puolustusministeri\u00f6n nimen sotaministeri\u00f6ksi.<\/p>\n<p class=\"paragraph\">Todellisuudessa nimi ei ole viel\u00e4 vaihtunut, koska vain kongressi muuttaa liittovaltion ministeri\u00f6n nime\u00e4.<\/p>\n","protected":false},"excerpt":{"rendered":"Huhut presidenttiehdokkuudesta kiiriv\u00e4t jopa Yhdysvaltain presidentin korviin. Puolustusministeri Pete Hegsethin huhutaan hamuavan presidenttiehdokkuutta. Arkistokuva. JIM LO SCALZO, AOP&hellip;\n","protected":false},"author":2,"featured_media":339786,"comment_status":"","ping_status":"","sticky":false,"template":"","format":"standard","meta":{"footnotes":"","_share_on_mastodon":"0"},"categories":[14],"tags":[35,22,23,26,27,33,31,30,17,24,25,28,29,15,18,21,142,637,144,32,19,20,56,16,638,59,60,61,143],"class_list":["post-339785","post","type-post","status-publish","format-standard","has-post-thumbnail","category-ulkomaat","tag-24h","tag-breaking-news","tag-breakingnews","tag-featured-news","tag-featurednews","tag-fi","tag-finland","tag-finnish","tag-headlines","tag-latest-news","tag-latestnews","tag-main-news","tag-mainnews","tag-news","tag-otsikot","tag-paauutiset","tag-poliitikot","tag-politiikka","tag-presidentti","tag-suomi","tag-top-stories","tag-topstories","tag-ulkomaat","tag-uutiset","tag-valtiovalta","tag-world","tag-world-news","tag-worldnews","tag-yhdysvaltain-politiikka"],"share_on_mastodon":{"url":"https:\/\/pubeurope.com\/@fi\/117202897415379422","error":""},"_links":{"self":[{"href":"https:\/\/www.europesays.com\/fi\/wp-json\/wp\/v2\/posts\/339785","targetHints":{"allow":["GET"]}}],"collection":[{"href":"https:\/\/www.europesays.com\/fi\/wp-json\/wp\/v2\/posts"}],"about":[{"href":"https:\/\/www.europesays.com\/fi\/wp-json\/wp\/v2\/types\/post"}],"author":[{"embeddable":true,"href":"https:\/\/www.europesays.com\/fi\/wp-json\/wp\/v2\/users\/2"}],"replies":[{"embeddable":true,"href":"https:\/\/www.europesays.com\/fi\/wp-json\/wp\/v2\/comments?post=339785"}],"version-history":[{"count":0,"href":"https:\/\/www.europesays.com\/fi\/wp-json\/wp\/v2\/posts\/339785\/revisions"}],"wp:featuredmedia":[{"embeddable":true,"href":"https:\/\/www.europesays.com\/fi\/wp-json\/wp\/v2\/media\/339786"}],"wp:attachment":[{"href":"https:\/\/www.europesays.com\/fi\/wp-json\/wp\/v2\/media?parent=339785"}],"wp:term":[{"taxonomy":"category","embeddable":true,"href":"https:\/\/www.europesays.com\/fi\/wp-json\/wp\/v2\/categories?post=339785"},{"taxonomy":"post_tag","embeddable":true,"href":"https:\/\/www.europesays.com\/fi\/wp-json\/wp\/v2\/tags?post=339785"}],"curies":[{"name":"wp","href":"https:\/\/api.w.org\/{rel}","templated":true}]}}