{"id":339791,"date":"2026-09-02T18:39:14","date_gmt":"2026-09-02T18:39:14","guid":{"rendered":"https:\/\/www.europesays.com\/fi\/339791\/"},"modified":"2026-09-02T18:39:14","modified_gmt":"2026-09-02T18:39:14","slug":"kemilaiset-surevat-vanhan-omenapuun-kohtaloa-puistopuolen-mukaan-noin-70-vuotiaan-puun-kunto-oli-monen-asian-summa-lappi","status":"publish","type":"post","link":"https:\/\/www.europesays.com\/fi\/339791\/","title":{"rendered":"Kemil\u00e4iset surevat vanhan omenapuun kohtaloa \u2013 puistopuolen mukaan noin 70-vuotiaan puun kunto oli monen asian summa | Lappi"},"content":{"rendered":"<p class=\"aw__sc-1qwuw0s-0 aw__sc-1vg2sqm-0 epAWpq ecELkD yle__article__paragraph\">Kemin Meripuistossa sijaitseva vanha omenapuu on ollut suosittu leikkipaikka, kuvauskohde ja alueen maamerkki.<\/p>\n<p><img decoding=\"async\" alt=\"Vanha omenapuu n\u00e4ytt\u00e4\u00e4 haljenneen juuresta kahtia.\" src=\"https:\/\/www.europesays.com\/fi\/wp-content\/uploads\/2026\/09\/1788336748.jpeg\" class=\"aw__sc-dklauk-0 LPzKX\"\/><\/p>\n<p>Avaa kuvien katselu<\/p>\n<p>Puu n\u00e4ytt\u00e4\u00e4 haljenneen keskelt\u00e4 kahtia. Kuva: Kati Siponmaa \/ Yle<\/p>\n<p class=\"aw__sc-1qwuw0s-0 aw__sc-ngllmo-0 epAWpq fzYpjk yle__article__paragraph\">Kemin Meripuistossa kasvanut omenapuuvanhus on romahtanut venetsialaisviikonloppuna. Kaupunki tiedotti aiheesta omalla somekanavallaan, jossa siihen ovat reagoineet sadat ihmiset.<\/p>\n<p class=\"aw__sc-1qwuw0s-0 aw__sc-ngllmo-0 epAWpq fzYpjk yle__article__paragraph\">Puistoty\u00f6njohtaja <strong class=\"aw__sc-ngllmo-2 gdRrun yle__article__strong\">Katri Lassila<\/strong> kertoo, ett\u00e4 lasten leikkialueen vieress\u00e4 kasvaneen puun alastulo huomattiin maanantaina, kun tehtiin kunnossapitot\u00f6it\u00e4.<\/p>\n<p class=\"aw__sc-1qwuw0s-0 aw__sc-ngllmo-0 epAWpq fzYpjk yle__article__paragraph\">\u2013 Tyviosan huono kunto ja lahoviat paljastuivat meille ison oksiston romahtamisen yhteydess\u00e4, Lassila kertoo.<\/p>\n<p>Vanha puu kantaa pieni\u00e4 hedelmi\u00e4 hapertuneilla oksillaan. Video: Kati Siponmaa \/ Yle<\/p>\n<p class=\"aw__sc-1qwuw0s-0 aw__sc-ngllmo-0 epAWpq fzYpjk yle__article__paragraph\">Lassilan mukaan oksiston niukkalehtisyys kuluvana kes\u00e4n\u00e4 viittasi vanhan puun hiipumiseen.<\/p>\n<p class=\"aw__sc-1qwuw0s-0 aw__sc-ngllmo-0 epAWpq fzYpjk yle__article__paragraph\">\u2013 Ajattelimme sen johtuvan useista per\u00e4kk\u00e4isist\u00e4, haastavista talviolosuhteista, jotka vaikuttavat puiden selvi\u00e4miseen.<\/p>\n<p class=\"aw__sc-1qwuw0s-0 aw__sc-ngllmo-0 epAWpq fzYpjk yle__article__paragraph\">Lassila ei tied\u00e4 tarkemmin puun historiasta, mutta kertoo kuulopuheiden mukaan sen olleen sijoillaan l\u00e4hes 70 vuoden ajan.<\/p>\n<p>Kiipeily sallittua, vahingoittaminen ei<\/p>\n<p class=\"aw__sc-1qwuw0s-0 aw__sc-ngllmo-0 epAWpq fzYpjk yle__article__paragraph\">Puun mahtava muoto ja sijainti leikkipaikan l\u00e4hell\u00e4 on houkutellut kiipeilyyn, ja se on ollut t\u00e4ysin sallittua.<\/p>\n<p class=\"aw__sc-1qwuw0s-0 aw__sc-ngllmo-0 epAWpq fzYpjk yle__article__paragraph\">\u2013 Sen sijaan mink\u00e4 tahansa puun osien veist\u00e4minen, polttaminen tai oksien katkominen ei ole soveliasta tai hyv\u00e4ksytt\u00e4v\u00e4\u00e4 toimintaa. T\u00e4t\u00e4 on jatkunut vuosien ajan, mik\u00e4 ei ole voinut olla vaikuttamatta lopputulokseen, Lassila toteaa.<\/p>\n<p class=\"aw__sc-1qwuw0s-0 aw__sc-ngllmo-0 epAWpq fzYpjk yle__article__paragraph\">Lassila toivookin, ett\u00e4 ihmiset kiinnitt\u00e4isiv\u00e4t huomiota kaikkien yhteiseen omaisuuteen ja ymp\u00e4rist\u00f6n vaalimiseen.<\/p>\n<p class=\"aw__sc-1qwuw0s-0 aw__sc-ngllmo-0 epAWpq fzYpjk yle__article__paragraph\">Lassilan mukaan puistopuoli valmistelee uuden puun istuttamista Meripuistoon. Vanha omenapuu on ollut suosittu leikkipaikka, kuvauskohde ja alueen maamerkki.<\/p>\n","protected":false},"excerpt":{"rendered":"Kemin Meripuistossa sijaitseva vanha omenapuu on ollut suosittu leikkipaikka, kuvauskohde ja alueen maamerkki. Avaa kuvien katselu Puu n\u00e4ytt\u00e4\u00e4&hellip;\n","protected":false},"author":2,"featured_media":339792,"comment_status":"","ping_status":"","sticky":false,"template":"","format":"standard","meta":{"footnotes":"","_share_on_mastodon":"0"},"categories":[117],"tags":[33,31,30,40467,665,667,72,758,1397,476,41916,118,32,119,477],"class_list":["post-339791","post","type-post","status-publish","format-standard","has-post-thumbnail","category-luonto","tag-fi","tag-finland","tag-finnish","tag-hedelmapuut","tag-kemi","tag-lappi","tag-luonto","tag-luonto-ja-ymparisto","tag-meri-lappi","tag-nature","tag-omenapuut","tag-science","tag-suomi","tag-tiede","tag-wildlife"],"share_on_mastodon":{"url":"https:\/\/pubeurope.com\/@fi\/117202909521628139","error":""},"_links":{"self":[{"href":"https:\/\/www.europesays.com\/fi\/wp-json\/wp\/v2\/posts\/339791","targetHints":{"allow":["GET"]}}],"collection":[{"href":"https:\/\/www.europesays.com\/fi\/wp-json\/wp\/v2\/posts"}],"about":[{"href":"https:\/\/www.europesays.com\/fi\/wp-json\/wp\/v2\/types\/post"}],"author":[{"embeddable":true,"href":"https:\/\/www.europesays.com\/fi\/wp-json\/wp\/v2\/users\/2"}],"replies":[{"embeddable":true,"href":"https:\/\/www.europesays.com\/fi\/wp-json\/wp\/v2\/comments?post=339791"}],"version-history":[{"count":0,"href":"https:\/\/www.europesays.com\/fi\/wp-json\/wp\/v2\/posts\/339791\/revisions"}],"wp:featuredmedia":[{"embeddable":true,"href":"https:\/\/www.europesays.com\/fi\/wp-json\/wp\/v2\/media\/339792"}],"wp:attachment":[{"href":"https:\/\/www.europesays.com\/fi\/wp-json\/wp\/v2\/media?parent=339791"}],"wp:term":[{"taxonomy":"category","embeddable":true,"href":"https:\/\/www.europesays.com\/fi\/wp-json\/wp\/v2\/categories?post=339791"},{"taxonomy":"post_tag","embeddable":true,"href":"https:\/\/www.europesays.com\/fi\/wp-json\/wp\/v2\/tags?post=339791"}],"curies":[{"name":"wp","href":"https:\/\/api.w.org\/{rel}","templated":true}]}}