{"id":339825,"date":"2026-09-02T19:51:13","date_gmt":"2026-09-02T19:51:13","guid":{"rendered":"https:\/\/www.europesays.com\/fi\/339825\/"},"modified":"2026-09-02T19:51:13","modified_gmt":"2026-09-02T19:51:13","slug":"menovinkit-didrichsenille-avautuu-harvoin-nahty-nayttely-new-articles","status":"publish","type":"post","link":"https:\/\/www.europesays.com\/fi\/339825\/","title":{"rendered":"Menovinkit | Didrichsenille avautuu harvoin n\u00e4hty n\u00e4yttely | New Articles"},"content":{"rendered":"<p>Didrichsenin taidemuseossa avautuu 12. syyskuuta Elin Danielson-Gambogi \u2013 Katseita ja kohtaamisia -n\u00e4yttely, jossa esitell\u00e4\u00e4n sek\u00e4 tunnettuja ett\u00e4 harvoin n\u00e4htyj\u00e4 teoksia suomalaisen taiteen uudistajiin kuuluneelta <strong>Elin Danielson-Gambogilta <\/strong>(1861\u20131919).<\/p>\n<p>N\u00e4yttelyss\u00e4 on esill\u00e4 muun muassa teokset Balda-t\u00e4din ajanviete (1886) ja P\u00e4\u00e4ttynyt aamiainen (1890), jotka ovat harvoin olleet yleis\u00f6n n\u00e4ht\u00e4vill\u00e4.<\/p>\n<p>N\u00e4yttelyss\u00e4 korostuvat Danielson-Gambogin tarkkan\u00e4k\u00f6inen ote ymp\u00e4r\u00f6iv\u00e4\u00e4n maailmaan sek\u00e4 h\u00e4nen tapansa kuvata naisten arkea ja rooleja aikana, jolloin naisten mahdollisuudet olivat rajalliset.<\/p>\n<p>N\u00e4yttely poikkeaa tavallisuudesta siksikin, ett\u00e4 museo pyysi viime syksyn\u00e4 yleis\u00f6lt\u00e4 apua n\u00e4yttelyn toteutukseen.<\/p>\n<p>Esill\u00e4 olevat teokset tarjoavat k\u00e4vij\u00f6ille nyt mahdollisuuden pohtia taiteilijuutta, naiseutta ja oman paikan etsimist\u00e4 yhteiskunnassa.<\/p>\n<p>N\u00e4yttely on avoinna 31. tammikuuta 2027 saakka.<\/p>\n<p>\t\t\t\t\t<img class=\"diks-card__image\" src=\"https:\/\/www.europesays.com\/fi\/wp-content\/uploads\/2026\/09\/10573058.jpg\"   loading=\"lazy\" decoding=\"sync\" alt=\"\"\/><\/p>\n<p>\t\t\t\t\t<img class=\"diks-card__image\" src=\"https:\/\/www.europesays.com\/fi\/wp-content\/uploads\/2026\/09\/11478523.jpg\"   loading=\"lazy\" decoding=\"sync\" alt=\"\"\/><\/p>\n<p>\t\t\t\t\t<img class=\"diks-card__image\" src=\"https:\/\/www.europesays.com\/fi\/wp-content\/uploads\/2026\/09\/8956235.jpg\"   loading=\"lazy\" decoding=\"sync\" alt=\"\"\/><\/p>\n","protected":false},"excerpt":{"rendered":"Didrichsenin taidemuseossa avautuu 12. syyskuuta Elin Danielson-Gambogi \u2013 Katseita ja kohtaamisia -n\u00e4yttely, jossa esitell\u00e4\u00e4n sek\u00e4 tunnettuja ett\u00e4 harvoin&hellip;\n","protected":false},"author":2,"featured_media":339826,"comment_status":"","ping_status":"","sticky":false,"template":"","format":"standard","meta":{"footnotes":"","_share_on_mastodon":"0"},"categories":[130],"tags":[137,33,31,30,32018,763,4585,32,397,485,398,109],"class_list":["post-339825","post","type-post","status-publish","format-standard","has-post-thumbnail","category-viihde","tag-entertainment","tag-fi","tag-finland","tag-finnish","tag-hyvat-uutiset","tag-kulttuuri-ja-viihde","tag-nayttely","tag-suomi","tag-taide","tag-taide-yleista","tag-taiteilija","tag-viihde"],"share_on_mastodon":{"url":"https:\/\/pubeurope.com\/@fi\/117203192320127836","error":""},"_links":{"self":[{"href":"https:\/\/www.europesays.com\/fi\/wp-json\/wp\/v2\/posts\/339825","targetHints":{"allow":["GET"]}}],"collection":[{"href":"https:\/\/www.europesays.com\/fi\/wp-json\/wp\/v2\/posts"}],"about":[{"href":"https:\/\/www.europesays.com\/fi\/wp-json\/wp\/v2\/types\/post"}],"author":[{"embeddable":true,"href":"https:\/\/www.europesays.com\/fi\/wp-json\/wp\/v2\/users\/2"}],"replies":[{"embeddable":true,"href":"https:\/\/www.europesays.com\/fi\/wp-json\/wp\/v2\/comments?post=339825"}],"version-history":[{"count":0,"href":"https:\/\/www.europesays.com\/fi\/wp-json\/wp\/v2\/posts\/339825\/revisions"}],"wp:featuredmedia":[{"embeddable":true,"href":"https:\/\/www.europesays.com\/fi\/wp-json\/wp\/v2\/media\/339826"}],"wp:attachment":[{"href":"https:\/\/www.europesays.com\/fi\/wp-json\/wp\/v2\/media?parent=339825"}],"wp:term":[{"taxonomy":"category","embeddable":true,"href":"https:\/\/www.europesays.com\/fi\/wp-json\/wp\/v2\/categories?post=339825"},{"taxonomy":"post_tag","embeddable":true,"href":"https:\/\/www.europesays.com\/fi\/wp-json\/wp\/v2\/tags?post=339825"}],"curies":[{"name":"wp","href":"https:\/\/api.w.org\/{rel}","templated":true}]}}