{"id":339839,"date":"2026-09-02T20:18:12","date_gmt":"2026-09-02T20:18:12","guid":{"rendered":"https:\/\/www.europesays.com\/fi\/339839\/"},"modified":"2026-09-02T20:18:12","modified_gmt":"2026-09-02T20:18:12","slug":"tama-k18-kauhuleffa-on-niin-taynna-paljasta-pintaa-etta-sita-kutsuttiin-aikuisviihteeksi-nyt-suoratoistossa","status":"publish","type":"post","link":"https:\/\/www.europesays.com\/fi\/339839\/","title":{"rendered":"T\u00e4m\u00e4 K18-kauhuleffa on niin t\u00e4ynn\u00e4 paljasta pintaa, ett\u00e4 sit\u00e4 kutsuttiin aikuisviihteeksi \u2013 nyt suoratoistossa"},"content":{"rendered":"<p class=\"wp-block-paragraph\">SkyShowtimen valikoimaan on lis\u00e4tty Friday The 13th (2009).<\/p>\n<p class=\"wp-block-paragraph\"><strong>Marcus Nispelin<\/strong> ohjaama kauhuelokuva on uusintaversio vuoden 1980 Perjantai 13. p\u00e4iv\u00e4 -klassikkoleffasta. Kadonnutta sisartaan etsiv\u00e4 Clay suuntaa Crystal-j\u00e4rve\u00e4 ymp\u00e4r\u00f6iviin metsiin etsim\u00e4\u00e4n johtolankoja ja kohtaa bileviikonloppua viett\u00e4vi\u00e4 opiskelijoita sek\u00e4 tappaja Jason Voorhesin, joka vainoaa aluetta.<\/p>\n<p class=\"wp-block-paragraph\">P\u00e4\u00e4osissa n\u00e4hd\u00e4\u00e4n <strong>Jared Padalecki<\/strong>, <strong>Danielle Panabaker<\/strong>, <strong>Travis Van Winkle<\/strong>, <strong>Julianna Guill<\/strong>, <strong>Aaron Yoo<\/strong>, <strong>Amanda Righetti<\/strong> ja <strong>Derek Mears<\/strong>.<\/p>\n<p>Lue my\u00f6s: <a href=\"https:\/\/www.episodi.fi\/uutiset\/netflixiin-lisattiin-kehuttu-aikamatkatrilleri-elokuvan-97-minuuttia-suorastaan-lentavat-ohi\/\" title=\"Netflixiin lis\u00e4ttiin kehuttu aikamatkatrilleri \u2013 \u201dElokuvan 97 minuuttia suorastaan lent\u00e4v\u00e4t ohi\u201d\" class=\"underline-custom !font-heading !font-bold !underline-offset-4 !decoration-4 !decoration-accent !text-md\" rel=\"nofollow noopener\" target=\"_blank\">Netflixiin lis\u00e4ttiin kehuttu aikamatkatrilleri \u2013 \u201dElokuvan 97 minuuttia suorastaan lent\u00e4v\u00e4t ohi\u201d<\/a><\/p>\n<p>Lue my\u00f6s: <a href=\"https:\/\/www.episodi.fi\/uutiset\/tama-kauhukomedia-murhaa-paahenkilonsa-uudestaan-ja-uudestaan-vuoden-2017-elokuva-nyt-suoratoistossa\/\" title=\"T\u00e4m\u00e4 kauhukomedia murhaa p\u00e4\u00e4henkil\u00f6ns\u00e4 uudestaan ja uudestaan \u2013 vuoden 2017 elokuva nyt suoratoistossa\" class=\"underline-custom !font-heading !font-bold !underline-offset-4 !decoration-4 !decoration-accent !text-md\" rel=\"nofollow noopener\" target=\"_blank\">T\u00e4m\u00e4 kauhukomedia murhaa p\u00e4\u00e4henkil\u00f6ns\u00e4 uudestaan ja uudestaan \u2013 vuoden 2017 elokuva nyt suoratoistossa<\/a><\/p>\n<p class=\"wp-block-paragraph\">Friday The 13th sai Suomessa K18-ik\u00e4rajan. Eritt\u00e4in v\u00e4kivaltainen elokuva sis\u00e4lt\u00e4\u00e4 paljasta pintaa ja seksikohtauksia sen verran, ett\u00e4 <a href=\"https:\/\/www.episodi.fi\/uutiset\/seksikohtaukset-lahtivat-lapasesta-nama-kauhuelokuvat-oikeastaan-pornoa\/\" rel=\"nofollow noopener\" target=\"_blank\">WhatCulture-sivusto kutsui leffaa pornoksi<\/a>.<\/p>\n<p class=\"wp-block-paragraph\">Friday The 13th ei saanut kriitikoilta kovin innostunutta vastaanottoa: leffan <a href=\"https:\/\/www.rottentomatoes.com\/m\/friday_the_13th_prequel\" target=\"_blank\" rel=\"noreferrer noopener nofollow\">Rotten Tomatoes -prosentti<\/a> on 25.<\/p>\n<p class=\"wp-block-paragraph\">Triviana voidaan mainita, ett\u00e4 elokuvalla on yhdist\u00e4v\u00e4 tekij\u00e4 vuoden 2007 Transformers-elokuvaan. Travis Van Winkle esitt\u00e4\u00e4 kummassakin elokuvassa samaa hahmoa eli Trent DeMarcoa. Eli t\u00e4m\u00e4n perusteella voi tulkita, ett\u00e4 autobotit ja Jason Voorhees seikkailevat samassa elokuvauniversumissa! Transformersin ohjannut <strong>Michael Bay<\/strong> oli yksi Friday The 13th -leffan tuottajista.<\/p>\n<p class=\"wp-block-paragraph\">Katso traileri alta.<\/p>\n<p><img loading=\"lazy\" decoding=\"async\" alt=\"Youtube video\" width=\"480\" height=\"360\" data-pin-nopin=\"true\" nopin=\"nopin\" class=\"perfmatters-lazy\" src=\"https:\/\/www.europesays.com\/fi\/wp-content\/uploads\/2026\/09\/1788380292_575_hqdefault.jpg\"\/><\/p>\n<p>Lue my\u00f6s: <a href=\"https:\/\/www.episodi.fi\/uutiset\/renny-harlinin-vuoden-2023-toimintaelokuva-saapui-suoratoistoon-yon-ritari-tahti-ontaydellinen-tappokone\/\" title=\"Renny Harlinin vuoden 2023 toimintaelokuva saapui suoratoistoon \u2013 Y\u00f6n ritari -t\u00e4hti on \u201dt\u00e4ydellinen tappokone\u201d\" class=\"underline-custom !font-heading !font-bold !underline-offset-4 !decoration-4 !decoration-accent !text-md\" rel=\"nofollow noopener\" target=\"_blank\">Renny Harlinin vuoden 2023 toimintaelokuva saapui suoratoistoon \u2013 Y\u00f6n ritari -t\u00e4hti on \u201dt\u00e4ydellinen tappokone\u201d<\/a><\/p>\n<p>Lue my\u00f6s: <a href=\"https:\/\/www.episodi.fi\/uutiset\/leonardo-dicaprion-mysteerielokuva-vuodelta-2010-lisattiin-suoratoistoon-loppuratkaisu-on-poikkeuksellisen-jarkyttava\/\" title=\"Leonardo DiCaprion mysteerielokuva vuodelta 2010 lis\u00e4ttiin suoratoistoon \u2013 \u201dLoppuratkaisu on poikkeuksellisen j\u00e4rkytt\u00e4v\u00e4\u201d\" class=\"underline-custom !font-heading !font-bold !underline-offset-4 !decoration-4 !decoration-accent !text-md\" rel=\"nofollow noopener\" target=\"_blank\">Leonardo DiCaprion mysteerielokuva vuodelta 2010 lis\u00e4ttiin suoratoistoon \u2013 \u201dLoppuratkaisu on poikkeuksellisen j\u00e4rkytt\u00e4v\u00e4\u201d<\/a><\/p>\n","protected":false},"excerpt":{"rendered":"SkyShowtimen valikoimaan on lis\u00e4tty Friday The 13th (2009). Marcus Nispelin ohjaama kauhuelokuva on uusintaversio vuoden 1980 Perjantai 13.&hellip;\n","protected":false},"author":2,"featured_media":339840,"comment_status":"","ping_status":"","sticky":false,"template":"","format":"standard","meta":{"footnotes":"","_share_on_mastodon":"0"},"categories":[130],"tags":[137,33,31,30,341,32,109],"class_list":["post-339839","post","type-post","status-publish","format-standard","has-post-thumbnail","category-viihde","tag-entertainment","tag-fi","tag-finland","tag-finnish","tag-skyshowtime","tag-suomi","tag-viihde"],"share_on_mastodon":{"url":"https:\/\/pubeurope.com\/@fi\/117203298931246277","error":""},"_links":{"self":[{"href":"https:\/\/www.europesays.com\/fi\/wp-json\/wp\/v2\/posts\/339839","targetHints":{"allow":["GET"]}}],"collection":[{"href":"https:\/\/www.europesays.com\/fi\/wp-json\/wp\/v2\/posts"}],"about":[{"href":"https:\/\/www.europesays.com\/fi\/wp-json\/wp\/v2\/types\/post"}],"author":[{"embeddable":true,"href":"https:\/\/www.europesays.com\/fi\/wp-json\/wp\/v2\/users\/2"}],"replies":[{"embeddable":true,"href":"https:\/\/www.europesays.com\/fi\/wp-json\/wp\/v2\/comments?post=339839"}],"version-history":[{"count":0,"href":"https:\/\/www.europesays.com\/fi\/wp-json\/wp\/v2\/posts\/339839\/revisions"}],"wp:featuredmedia":[{"embeddable":true,"href":"https:\/\/www.europesays.com\/fi\/wp-json\/wp\/v2\/media\/339840"}],"wp:attachment":[{"href":"https:\/\/www.europesays.com\/fi\/wp-json\/wp\/v2\/media?parent=339839"}],"wp:term":[{"taxonomy":"category","embeddable":true,"href":"https:\/\/www.europesays.com\/fi\/wp-json\/wp\/v2\/categories?post=339839"},{"taxonomy":"post_tag","embeddable":true,"href":"https:\/\/www.europesays.com\/fi\/wp-json\/wp\/v2\/tags?post=339839"}],"curies":[{"name":"wp","href":"https:\/\/api.w.org\/{rel}","templated":true}]}}