{"id":339843,"date":"2026-09-02T20:22:09","date_gmt":"2026-09-02T20:22:09","guid":{"rendered":"https:\/\/www.europesays.com\/fi\/339843\/"},"modified":"2026-09-02T20:22:09","modified_gmt":"2026-09-02T20:22:09","slug":"naisen-korvat-eivat-auenneet-lennon-jalkeen-usassa-laakari-teki-jarkyttavan-loydon","status":"publish","type":"post","link":"https:\/\/www.europesays.com\/fi\/339843\/","title":{"rendered":"Naisen korvat eiv\u00e4t auenneet lennon j\u00e4lkeen USA:ssa \u2013 L\u00e4\u00e4k\u00e4ri teki j\u00e4rkytt\u00e4v\u00e4n l\u00f6yd\u00f6n"},"content":{"rendered":"<p>L\u00e4\u00e4k\u00e4rit eiv\u00e4t olleet n\u00e4hneet mit\u00e4\u00e4n vastaavaa.<\/p>\n<p><img decoding=\"async\" class=\"image image-show image-preview\" src=\"https:\/\/www.europesays.com\/fi\/wp-content\/uploads\/2026\/09\/00e4de47b3f547bfa590fcf3394ebf3908bb3606d248715d34152177669cd4db.jpg\" alt=\"\"\/><img decoding=\"async\" class=\"image image-show\" src=\"https:\/\/www.europesays.com\/fi\/wp-content\/uploads\/2026\/09\/1788380529_172_00e4de47b3f547bfa590fcf3394ebf3908bb3606d248715d34152177669cd4db.jpg\" alt=\"\"\/><\/p>\n<p>Aida Burkins huomasi ensimm\u00e4iset oireet lent\u00e4ess\u00e4\u00e4n Chicagoon. Kuvassa sairaanhoitaja viem\u00e4ss\u00e4 paareja p\u00e4ivystykseen. Mostphotos<\/p>\n<p class=\"paragraph\">Amerikkalaisnaisen lennon j\u00e4lkeen tekem\u00e4 huomio johti kammottavaan diagnoosiin, <a href=\"https:\/\/www.newsweek.com\/woman-notices-ear-did-not-pop-after-flight-horrifying-diagnosis-12374560\" rel=\"noopener nofollow\" target=\"_blank\">Newsweek kertoo.<\/a><\/p>\n<p class=\"paragraph\">Kaikki alkoi, kun kalifornialainen <strong>Aida Burkins<\/strong> lensi Chicagoon toukokuussa 2025.<\/p>\n<p class=\"paragraph\">22-vuotiaan kahden lapsen \u00e4idin korvat meniv\u00e4t lennon aikana lukkoon, eiv\u00e4tk\u00e4 ne auenneet normaalisti lennon j\u00e4lkeen.<\/p>\n<p class=\"paragraph\">Kun nainen palasi kotiin, tilanne oli heikentynyt huomattavasti.<\/p>\n<p class=\"paragraph\">Burkins alkoi k\u00e4rsi\u00e4 kurkkuun valuvasta verenvuodosta. Veri tuli ulos nen\u00e4st\u00e4 ainoastaan, jos nainen kumartui 90 asteen kulmaan.<\/p>\n<p class=\"paragraph\">Lis\u00e4ksi h\u00e4nen kuulonsa heikkeni, ja h\u00e4n k\u00e4rsi jatkuvasti pahenevasta v\u00e4symyksest\u00e4. My\u00f6s naisen paino alkoi tippua.<\/p>\n<p>Kyhmyj\u00e4 ja patteja<\/p>\n<p class=\"paragraph\">Nainen hakeutui terveydenhuollon pariin, jossa vaivat kuitattiin vuoristotautina, joka menisi kyll\u00e4 ohi. N\u00e4in ei kuitenkaan k\u00e4ynyt.<\/p>\n<p class=\"paragraph\">Kuukaudet kuluivat, ja tilanne vain paheni. Kaikki \u00e4\u00e4net kuulostivat vaimeilta, ja Burkins k\u00e4rsi korvien jatkuvasta soimisesta.<\/p>\n<p class=\"paragraph\">Lopulta l\u00e4\u00e4k\u00e4ri totesi verenvuodon johtuvan korvatorvea tukkivasta massasta ja ohjasi Burkinsin korva-, nen\u00e4- ja kurkkutautien erikoisl\u00e4\u00e4k\u00e4rille.<\/p>\n<p class=\"paragraph\">L\u00e4\u00e4k\u00e4ri havaitsi massan ja totesi sen olevan mahdollisesti sy\u00f6p\u00e4\u00e4, vaikka piti sit\u00e4 ep\u00e4todenn\u00e4k\u00f6isen\u00e4 Burkinsin i\u00e4n vuoksi.<\/p>\n<p class=\"paragraph\">Burkins odotti koepalan tuloksia kaksi kuukautta. Tuona aikana h\u00e4nen kaulansa vasen puoli turposi niin voimakkaasti, ett\u00e4 se peitti h\u00e4nen leukalinjansa.<\/p>\n<p class=\"paragraph\">\u2013 L\u00e4\u00e4k\u00e4ri sanoi minulle, ettei h\u00e4n ollut koskaan n\u00e4hnyt mit\u00e4\u00e4n vastaavaa.<\/p>\n<p class=\"paragraph\">Burkinsilta otettiin toinen koepala.<\/p>\n<p class=\"paragraph\">Lopulta kuvantamistutkimus paljasti, ett\u00e4 Burkinsilla oli \u201dkyhmyj\u00e4 ja patteja kaikkialla\u201d. Helmikuussa 2026 koepala vahvisti ep\u00e4ilyt sy\u00f6v\u00e4st\u00e4.<\/p>\n<p class=\"paragraph\">Burkins sai diagnoosin nen\u00e4nielun karsinoomasta.<\/p>\n<p>FAKTATNen\u00e4nielun karsinooma<\/p>\n<ul>\n<li>Nen\u00e4nielun limakalvon pahanlaatuinen kasvain. <\/li>\n<li>Harvinainen Pohjois-Euroopassa. Suomessa todetaan noin kymmenell\u00e4 potilaalla vuosittain. <\/li>\n<li>Korkean esiintyvyyden alueilla yleisin aiheuttaja on Epstein-Barrin viruksen aiheuttama pitk\u00e4aikainen infektio. <\/li>\n<\/ul>\n<p class=\"paragraph\">L\u00e4hde: LL Miia Ruuskasen v\u00e4it\u00f6s (10.5.2019)<\/p>\n<p>\u201dHirvitt\u00e4v\u00e4\u00e4\u201d<\/p>\n<p class=\"paragraph\">1- ja 3-vuotiaiden lasten \u00e4iti oli kauhuissaan.<\/p>\n<p class=\"paragraph\">\u2013 Kun kuulin, ett\u00e4 minulla on sy\u00f6p\u00e4, pystyin ajattelemaan vain sit\u00e4, etten ehk\u00e4 n\u00e4kisi lasteni kasvavan aikuisiksi. Se oli hirvitt\u00e4v\u00e4\u00e4.<\/p>\n<p class=\"paragraph\">Burkins on saanut solunsalpaaja- ja s\u00e4dehoitoja, jotka ovat nyt loppusuoralla.<\/p>\n<p class=\"paragraph\">Kasvaimet ovat pienentyneet, ja l\u00e4\u00e4k\u00e4rit ovat optimistisia h\u00e4nen parantumisensa suhteen.<\/p>\n<p class=\"paragraph\">Burkins toivoo, ett\u00e4 h\u00e4nen tarinansa voisi toimia varoittavana esimerkkin\u00e4 ihmisille, jotka k\u00e4rsiv\u00e4t samanlaisista oireista kuin h\u00e4n aikoinaan.<\/p>\n<p class=\"paragraph\">Burkins muistuttaa my\u00f6s, ett\u00e4 nuorikin voi sairastua.<\/p>\n<p class=\"paragraph\">\u2013 Sy\u00f6p\u00e4 ei katso, kehen se iskee.<\/p>\n","protected":false},"excerpt":{"rendered":"L\u00e4\u00e4k\u00e4rit eiv\u00e4t olleet n\u00e4hneet mit\u00e4\u00e4n vastaavaa. Aida Burkins huomasi ensimm\u00e4iset oireet lent\u00e4ess\u00e4\u00e4n Chicagoon. Kuvassa sairaanhoitaja viem\u00e4ss\u00e4 paareja p\u00e4ivystykseen.&hellip;\n","protected":false},"author":2,"featured_media":339844,"comment_status":"","ping_status":"","sticky":false,"template":"","format":"standard","meta":{"footnotes":"","_share_on_mastodon":"0"},"categories":[14],"tags":[35,722,22,23,26,27,33,31,30,17,1391,24,25,28,29,15,18,21,764,32,765,502,167,19,20,56,16,59,60,61],"class_list":["post-339843","post","type-post","status-publish","format-standard","has-post-thumbnail","category-ulkomaat","tag-24h","tag-amerikka","tag-breaking-news","tag-breakingnews","tag-featured-news","tag-featurednews","tag-fi","tag-finland","tag-finnish","tag-headlines","tag-ihmisten-ja-elainten-ruumiit","tag-latest-news","tag-latestnews","tag-main-news","tag-mainnews","tag-news","tag-otsikot","tag-paauutiset","tag-sairaudet","tag-suomi","tag-taudit-ja-hairiot","tag-terveydenhoito","tag-terveys","tag-top-stories","tag-topstories","tag-ulkomaat","tag-uutiset","tag-world","tag-world-news","tag-worldnews"],"share_on_mastodon":{"url":"https:\/\/pubeurope.com\/@fi\/117203314391528065","error":""},"_links":{"self":[{"href":"https:\/\/www.europesays.com\/fi\/wp-json\/wp\/v2\/posts\/339843","targetHints":{"allow":["GET"]}}],"collection":[{"href":"https:\/\/www.europesays.com\/fi\/wp-json\/wp\/v2\/posts"}],"about":[{"href":"https:\/\/www.europesays.com\/fi\/wp-json\/wp\/v2\/types\/post"}],"author":[{"embeddable":true,"href":"https:\/\/www.europesays.com\/fi\/wp-json\/wp\/v2\/users\/2"}],"replies":[{"embeddable":true,"href":"https:\/\/www.europesays.com\/fi\/wp-json\/wp\/v2\/comments?post=339843"}],"version-history":[{"count":0,"href":"https:\/\/www.europesays.com\/fi\/wp-json\/wp\/v2\/posts\/339843\/revisions"}],"wp:featuredmedia":[{"embeddable":true,"href":"https:\/\/www.europesays.com\/fi\/wp-json\/wp\/v2\/media\/339844"}],"wp:attachment":[{"href":"https:\/\/www.europesays.com\/fi\/wp-json\/wp\/v2\/media?parent=339843"}],"wp:term":[{"taxonomy":"category","embeddable":true,"href":"https:\/\/www.europesays.com\/fi\/wp-json\/wp\/v2\/categories?post=339843"},{"taxonomy":"post_tag","embeddable":true,"href":"https:\/\/www.europesays.com\/fi\/wp-json\/wp\/v2\/tags?post=339843"}],"curies":[{"name":"wp","href":"https:\/\/api.w.org\/{rel}","templated":true}]}}