{"id":339845,"date":"2026-09-02T20:23:08","date_gmt":"2026-09-02T20:23:08","guid":{"rendered":"https:\/\/www.europesays.com\/fi\/339845\/"},"modified":"2026-09-02T20:23:08","modified_gmt":"2026-09-02T20:23:08","slug":"hyvinkaalaismetsasta-loytyi-sodanaikainen-rajahde-puolustusvoimat-rajaytti-sen-paikalliset","status":"publish","type":"post","link":"https:\/\/www.europesays.com\/fi\/339845\/","title":{"rendered":"Hyvink\u00e4\u00e4l\u00e4ismets\u00e4st\u00e4 l\u00f6ytyi sodanaikainen r\u00e4j\u00e4hde &#8211; Puolustusvoimat r\u00e4j\u00e4ytti sen | Paikalliset"},"content":{"rendered":"<p>Ulkoilija ilmoitti h\u00e4t\u00e4keskukseen keskiviikkona 2. syyskuuta kello 14.30 l\u00f6yt\u00e4neens\u00e4 Hyvink\u00e4\u00e4n Vihtilammen maastosta ep\u00e4illyn sodanaikaisen r\u00e4j\u00e4hteen. It\u00e4-Uudenmaan poliisilaitos kertoo asiasta tiedotteessaan.<\/p>\n<p>Soittajan ilmoittamalle paikalle saapunut poliisipartio totesi havainnon oikeaksi ja paikalle pyydettiin puolustusvoimat.<\/p>\n<p>Puolustusvoimien raivaajat totesivat tapahtumapaikalla, ett\u00e4 r\u00e4j\u00e4hdett\u00e4 ei ole mahdollista siirt\u00e4\u00e4. R\u00e4j\u00e4hde h\u00e4vitettiin kohteessa r\u00e4j\u00e4ytt\u00e4m\u00e4ll\u00e4. T\u00e4st\u00e4 aiheutui alueelle noin kello 21.00 aikaan voimakas r\u00e4j\u00e4hdyksen \u00e4\u00e4ni.<\/p>\n<p>\u2013\u2009Tapahtuma ei aiheuttanut vaaraa sivullisille, tiedotteessa kerrotaan.<\/p>\n","protected":false},"excerpt":{"rendered":"Ulkoilija ilmoitti h\u00e4t\u00e4keskukseen keskiviikkona 2. syyskuuta kello 14.30 l\u00f6yt\u00e4neens\u00e4 Hyvink\u00e4\u00e4n Vihtilammen maastosta ep\u00e4illyn sodanaikaisen r\u00e4j\u00e4hteen. It\u00e4-Uudenmaan poliisilaitos kertoo&hellip;\n","protected":false},"author":2,"featured_media":339846,"comment_status":"","ping_status":"","sticky":false,"template":"","format":"standard","meta":{"footnotes":"","_share_on_mastodon":"0"},"categories":[12],"tags":[820,22,23,26,27,33,31,30,17,5201,24,25,28,29,15,18,21,122,52,32,19,20,546,16],"class_list":["post-339845","post","type-post","status-publish","format-standard","has-post-thumbnail","category-suomi","tag-aseet","tag-breaking-news","tag-breakingnews","tag-featured-news","tag-featurednews","tag-fi","tag-finland","tag-finnish","tag-headlines","tag-hyvinkaa","tag-latest-news","tag-latestnews","tag-main-news","tag-mainnews","tag-news","tag-otsikot","tag-paauutiset","tag-pelastaminen","tag-poliisi","tag-suomi","tag-top-stories","tag-topstories","tag-turvallisuus","tag-uutiset"],"share_on_mastodon":{"url":"https:\/\/pubeurope.com\/@fi\/117203317796201552","error":""},"_links":{"self":[{"href":"https:\/\/www.europesays.com\/fi\/wp-json\/wp\/v2\/posts\/339845","targetHints":{"allow":["GET"]}}],"collection":[{"href":"https:\/\/www.europesays.com\/fi\/wp-json\/wp\/v2\/posts"}],"about":[{"href":"https:\/\/www.europesays.com\/fi\/wp-json\/wp\/v2\/types\/post"}],"author":[{"embeddable":true,"href":"https:\/\/www.europesays.com\/fi\/wp-json\/wp\/v2\/users\/2"}],"replies":[{"embeddable":true,"href":"https:\/\/www.europesays.com\/fi\/wp-json\/wp\/v2\/comments?post=339845"}],"version-history":[{"count":0,"href":"https:\/\/www.europesays.com\/fi\/wp-json\/wp\/v2\/posts\/339845\/revisions"}],"wp:featuredmedia":[{"embeddable":true,"href":"https:\/\/www.europesays.com\/fi\/wp-json\/wp\/v2\/media\/339846"}],"wp:attachment":[{"href":"https:\/\/www.europesays.com\/fi\/wp-json\/wp\/v2\/media?parent=339845"}],"wp:term":[{"taxonomy":"category","embeddable":true,"href":"https:\/\/www.europesays.com\/fi\/wp-json\/wp\/v2\/categories?post=339845"},{"taxonomy":"post_tag","embeddable":true,"href":"https:\/\/www.europesays.com\/fi\/wp-json\/wp\/v2\/tags?post=339845"}],"curies":[{"name":"wp","href":"https:\/\/api.w.org\/{rel}","templated":true}]}}