{"id":339847,"date":"2026-09-02T20:24:11","date_gmt":"2026-09-02T20:24:11","guid":{"rendered":"https:\/\/www.europesays.com\/fi\/339847\/"},"modified":"2026-09-02T20:24:11","modified_gmt":"2026-09-02T20:24:11","slug":"marius-teki-yllattavan-ratkaisun-syyna-hautajaiset","status":"publish","type":"post","link":"https:\/\/www.europesays.com\/fi\/339847\/","title":{"rendered":"Marius teki yll\u00e4tt\u00e4v\u00e4n ratkaisun \u2013 Syyn\u00e4 hautajaiset"},"content":{"rendered":"<p>Marius Borg H\u00f8iby ei vastusta tutkintavankeuden jatkamista. <\/p>\n<p><img decoding=\"async\" class=\"image image-show image-preview\" src=\"https:\/\/www.europesays.com\/fi\/wp-content\/uploads\/2026\/09\/04daad18182654787fe40d6908854fab6701e8c16853ebd0726e4ae7fdb451c3.jpg\" alt=\"\"\/><img decoding=\"async\" class=\"image image-show\" src=\"https:\/\/www.europesays.com\/fi\/wp-content\/uploads\/2026\/09\/1788380651_390_04daad18182654787fe40d6908854fab6701e8c16853ebd0726e4ae7fdb451c3.jpg\" alt=\"\"\/><\/p>\n<p>Marius on saanut osallistua Haraldin kuolemaan liittyviin tilaisuuksiin. Kuva viime sunnuntailta.  <\/p>\n<p class=\"paragraph\"><a href=\"https:\/\/www.vg.no\/nyheter\/i\/6q16v8\/nettavisen-vil-begjaere-fire-nye-uker-varetekt-for-marius-borg-hoeiby\" target=\"_blank\" rel=\"noopener nofollow\">VG-lehden mukaan<\/a> kuningatar <a href=\"https:\/\/www.iltalehti.fi\/henkilot\/Mette-Marit\" class=\"article-link-person-page\" rel=\"nofollow noopener\" target=\"_blank\">Mette-Maritin<\/a> esikoispoika <strong>Marius Borg H\u00f8iby<\/strong> ei vastusta tutkintavankeuden jatkamista. T\u00e4h\u00e4n asti h\u00e4n on sit\u00e4 vastustanut.<\/p>\n<p class=\"paragraph\">Koska Marius ei sit\u00e4 vastusta, tutkintavankeus mit\u00e4 ilmeisimmin jatkuu.<\/p>\n<p class=\"paragraph\">Mariuksella on nilkkapanta, ja h\u00e4n on saanut olla kotona sek\u00e4 osallistua kuningas Haraldin poismenoon liittyviin tilaisuuksiin.<\/p>\n<p class=\"paragraph\">Marius suostuu jatkoon tiett\u00e4v\u00e4sti juuri hautajaisten takia.<\/p>\n<p class=\"paragraph\">\u2013 H\u00f8iby on edelleen sit\u00e4 mielt\u00e4, ettei rikosten uusimisvaaraa ole, mutta ottaen huomioon vallitsevan tilanteen ja hautajaiset, h\u00e4n suostuu tutkintavankeuden jatkamiseen, Mariuksen asianajaja <strong>Petar Sekulic<\/strong> sanoi VG:lle.<\/p>\n<p class=\"paragraph\">\u2013 Marius ei halua mit\u00e4\u00e4n kohua ja huomiota vangitsemisasian ymp\u00e4rille, ja siksi h\u00e4n suostuu, Sekulic sanoo.<\/p>\n<p class=\"paragraph\">Syytt\u00e4j\u00e4 hakee Mariukselle nelj\u00e4n viikon jatkoa tutkintavankeudelle.<\/p>\n<p class=\"paragraph\">Marius<a href=\"https:\/\/www.iltalehti.fi\/kuninkaalliset\/9146b58c-0436-4eaa-803a-a5cd692ca898\" rel=\"nofollow noopener\" target=\"_blank\"> tuomittiin<\/a> aiemmin t\u00e4n\u00e4 vuonna useista rikoksista nelj\u00e4ksi vuodeksi vankeuteen. Osan rikoksista Marius my\u00f6nsi, mutta raiskaukset ja pahoinpitelyt h\u00e4n kiist\u00e4\u00e4, ja niiden osalta h\u00e4n on valittanut tuomiostaan.<\/p>\n<p>Marius saattoi kuningasperheen kanssa kuningas Haraldin arkkua viime sunnuntaina. AOP<\/p>\n","protected":false},"excerpt":{"rendered":"Marius Borg H\u00f8iby ei vastusta tutkintavankeuden jatkamista. Marius on saanut osallistua Haraldin kuolemaan liittyviin tilaisuuksiin. Kuva viime sunnuntailta.&hellip;\n","protected":false},"author":2,"featured_media":339848,"comment_status":"","ping_status":"","sticky":false,"template":"","format":"standard","meta":{"footnotes":"","_share_on_mastodon":"0"},"categories":[5],"tags":[35,22,23,26,27,33,31,30,17,53,24,25,28,29,15,18,21,98,52,978,38,32,19,20,16],"class_list":["post-339847","post","type-post","status-publish","format-standard","has-post-thumbnail","category-otsikot","tag-24h","tag-breaking-news","tag-breakingnews","tag-featured-news","tag-featurednews","tag-fi","tag-finland","tag-finnish","tag-headlines","tag-laki-oikeus-ja-rikos","tag-latest-news","tag-latestnews","tag-main-news","tag-mainnews","tag-news","tag-otsikot","tag-paauutiset","tag-perhe","tag-poliisi","tag-rikoksen-teko","tag-rikos","tag-suomi","tag-top-stories","tag-topstories","tag-uutiset"],"share_on_mastodon":{"url":"https:\/\/pubeurope.com\/@fi\/117203322480832279","error":""},"_links":{"self":[{"href":"https:\/\/www.europesays.com\/fi\/wp-json\/wp\/v2\/posts\/339847","targetHints":{"allow":["GET"]}}],"collection":[{"href":"https:\/\/www.europesays.com\/fi\/wp-json\/wp\/v2\/posts"}],"about":[{"href":"https:\/\/www.europesays.com\/fi\/wp-json\/wp\/v2\/types\/post"}],"author":[{"embeddable":true,"href":"https:\/\/www.europesays.com\/fi\/wp-json\/wp\/v2\/users\/2"}],"replies":[{"embeddable":true,"href":"https:\/\/www.europesays.com\/fi\/wp-json\/wp\/v2\/comments?post=339847"}],"version-history":[{"count":0,"href":"https:\/\/www.europesays.com\/fi\/wp-json\/wp\/v2\/posts\/339847\/revisions"}],"wp:featuredmedia":[{"embeddable":true,"href":"https:\/\/www.europesays.com\/fi\/wp-json\/wp\/v2\/media\/339848"}],"wp:attachment":[{"href":"https:\/\/www.europesays.com\/fi\/wp-json\/wp\/v2\/media?parent=339847"}],"wp:term":[{"taxonomy":"category","embeddable":true,"href":"https:\/\/www.europesays.com\/fi\/wp-json\/wp\/v2\/categories?post=339847"},{"taxonomy":"post_tag","embeddable":true,"href":"https:\/\/www.europesays.com\/fi\/wp-json\/wp\/v2\/tags?post=339847"}],"curies":[{"name":"wp","href":"https:\/\/api.w.org\/{rel}","templated":true}]}}