{"id":339851,"date":"2026-09-02T20:46:08","date_gmt":"2026-09-02T20:46:08","guid":{"rendered":"https:\/\/www.europesays.com\/fi\/339851\/"},"modified":"2026-09-02T20:46:08","modified_gmt":"2026-09-02T20:46:08","slug":"jos-tatuoinnit-herattaa-paheksuntaa-niin-se-on-hyva-asia-shirly-karvisella-meni-vati-nurin-veronica-verhon-ulkonaon-arvostelusta","status":"publish","type":"post","link":"https:\/\/www.europesays.com\/fi\/339851\/","title":{"rendered":"&#8221;Jos tatuoinnit her\u00e4tt\u00e4\u00e4 paheksuntaa, niin se on hyv\u00e4 asia&#8221; \u2013 Shirly Karvisella meni vati nurin Veronica Verhon ulkon\u00e4\u00f6n arvostelusta"},"content":{"rendered":"<p class=\"wp-block-paragraph\">Sunnuntaina 30. elokuuta\u00a0<a href=\"https:\/\/www.voice.fi\/viihde\/han-on-uusi-ttk-juontaja\" target=\"_blank\" rel=\"noopener nofollow\">selvisi pitk\u00e4n odotuksen j\u00e4lkeen vihdoin<\/a>, ett\u00e4 uusi\u00a0Tanssii t\u00e4htien kanssa\u00a0-kilpailun juontaja on sek\u00e4 tv:n, radion ett\u00e4 Youtuben puolelta tuttu\u00a0<strong>Veronica Verho<\/strong>.<\/p>\n<p class=\"wp-block-paragraph\">L\u00e4hes v\u00e4litt\u00f6m\u00e4sti uuden juontajan paljastuttua alkoi sosiaalisessa mediassa kuhina. Moni oli uudesta juontajavalinnasta iloinen, mutta my\u00f6s kritiikki\u00e4 tuli runsaasti <a href=\"https:\/\/www.voice.fi\/viihde\/ei-sovi-nain-juhlavaan-ohjelmaan-uusi-ttk-juontaja-veronica-verho-aiheutti-somemyllakan\" target=\"_blank\" rel=\"noreferrer noopener nofollow\">erityisesti Verhon n\u00e4kyvist\u00e4 tatuoinneista<\/a>.<\/p>\n<p>Lue my\u00f6s: <a href=\"https:\/\/www.voice.fi\/viihde\/soihdun-vaihto-vappu-pimia-vei-manttelinperijansa-veronica-verhon-illalliselle-kotiinlahto-venahti\" title=\"\u201dSoihdun vaihto\u201d \u2013 Vappu Pimi\u00e4 vei manttelinperij\u00e4ns\u00e4 Veronica Verhon illalliselle: kotiinl\u00e4ht\u00f6 ven\u00e4hti\" class=\"underline-custom !font-heading !font-bold !underline-offset-4 !decoration-4 !decoration-accent !text-md\" rel=\"nofollow noopener\" target=\"_blank\">\u201dSoihdun vaihto\u201d \u2013 Vappu Pimi\u00e4 vei manttelinperij\u00e4ns\u00e4 Veronica Verhon illalliselle: kotiinl\u00e4ht\u00f6 ven\u00e4hti<\/a><\/p>\n<p>Lue my\u00f6s: <a href=\"https:\/\/www.voice.fi\/viihde\/ei-sovi-nain-juhlavaan-ohjelmaan-uusi-ttk-juontaja-veronica-verho-aiheutti-somemyllakan\" title=\"\u201dEi sovi n\u00e4in juhlavaan ohjelmaan\u201d \u2013 Uusi TTK-juontaja Veronica Verho aiheutti somemyll\u00e4k\u00e4n\" class=\"underline-custom !font-heading !font-bold !underline-offset-4 !decoration-4 !decoration-accent !text-md\" rel=\"nofollow noopener\" target=\"_blank\">\u201dEi sovi n\u00e4in juhlavaan ohjelmaan\u201d \u2013 Uusi TTK-juontaja Veronica Verho aiheutti somemyll\u00e4k\u00e4n<\/a><\/p>\n<p class=\"wp-block-paragraph\">\u2013 Valitettavasti en tykk\u00e4\u00e4. Mielest\u00e4ni ei sovi n\u00e4in juhlavaan ohjelmaan, toivottavasti tatuoinnit peitet\u00e4\u00e4n, kirjoitti er\u00e4skin somekommentoija.<\/p>\n<p class=\"wp-block-paragraph\">Nyt my\u00f6s juontaja ja vuoden 2016 Miss Suomi\u00a0<strong>Shirly Karvinen<\/strong>\u00a0on ottanut osaa keskusteluun tuoreessa Instagram-tarinassaan. Tarinat ovat katsottavissa 24 tuntia niiden julkaisusta.<\/p>\n<p class=\"wp-block-paragraph\">\u2013 M\u00e4 en ymm\u00e4rr\u00e4, miksi se on naisten kohdalla niin yleist\u00e4, ett\u00e4 sen sijaan ett\u00e4 keskitytt\u00e4isiin siihen, mit\u00e4 ihminen tekee, keskityt\u00e4\u00e4n enemm\u00e4n siihen, milt\u00e4 h\u00e4n n\u00e4ytt\u00e4\u00e4 sit\u00e4 asiaa tehdess\u00e4\u00e4n, Karvinen aloittaa.<\/p>\n<p class=\"wp-block-paragraph\">H\u00e4n kertoo selanneensa iltap\u00e4iv\u00e4lehte\u00e4 ja lukeneensa ihmisten p\u00f6yristyneen Verhon tatuoinneista.<\/p>\n<p class=\"wp-block-paragraph\">\u2013 2026 keskityt\u00e4\u00e4n naisten kohdalla siihen, milt\u00e4 h\u00e4n n\u00e4ytt\u00e4\u00e4 eik\u00e4 siihen, mink\u00e4 energian t\u00e4n tuo, mik\u00e4 on h\u00e4nen ulosantinsa, mitk\u00e4 h\u00e4nen saavutuksensa tai persoonansa on. Kun se ulkon\u00e4k\u00f6 on tuossa hommassa ihan toissijainen asia, Karvinen pauhaa.<\/p>\n<p>Lue my\u00f6s: <a href=\"https:\/\/www.voice.fi\/viihde\/kyl-niist-hyvat-tuli-julianna-jokela-on-kasvattanut-rintojaan-voilla-ja-kertoo-raivostuvansa-frisbeegolfista\" title=\"\u201dKyl niist hyv\u00e4t tuli\u201d \u2013 Julianna Jokela on kasvattanut rintojaan voilla ja kertoo raivostuvansa frisbeegolfista\" class=\"underline-custom !font-heading !font-bold !underline-offset-4 !decoration-4 !decoration-accent !text-md\" rel=\"nofollow noopener\" target=\"_blank\">\u201dKyl niist hyv\u00e4t tuli\u201d \u2013 Julianna Jokela on kasvattanut rintojaan voilla ja kertoo raivostuvansa frisbeegolfista<\/a><\/p>\n<p>Lue my\u00f6s: <a href=\"https:\/\/www.voice.fi\/viihde\/is-jenni-poikelus-palaa-hetkeksi-televisioon-sitten-voin-jatkaa-vauvakuplassa\" title=\"IS: Jenni Poikelus palaa hetkeksi televisioon \u2013 \u201dSitten voin jatkaa vauvakuplassa\u201d\" class=\"underline-custom !font-heading !font-bold !underline-offset-4 !decoration-4 !decoration-accent !text-md\" rel=\"nofollow noopener\" target=\"_blank\">IS: Jenni Poikelus palaa hetkeksi televisioon \u2013 \u201dSitten voin jatkaa vauvakuplassa\u201d<\/a><\/p>\n<p class=\"wp-block-paragraph\">\u2013 Jos tatuoinnit her\u00e4tt\u00e4\u00e4 noin hirveesti paheksuntaa, niin se on hyv\u00e4 asia. Sit ihmisi\u00e4 pit\u00e4\u00e4kin v\u00e4h\u00e4n ravisuttaa ja her\u00e4tell\u00e4 t\u00e4h\u00e4n p\u00e4iv\u00e4\u00e4n, Karvinen lataa.<\/p>\n<p class=\"wp-block-paragraph\">\u2013 Tatuoinneissa ei ole mit\u00e4\u00e4n shokeeraavaa, vaan se on upeeta. Olitpa s\u00e4 sitten nainen, mies tai muunsukupuolinen, niin s\u00e4 ilmaiset itse\u00e4si ja sun persoonaa vaikka sitten tatuointien avulla. Tai joillain muilla avuilla, ihan se ja sama.<\/p>\n<p class=\"wp-block-paragraph\">Karvinen jatkaa viel\u00e4 kertomalla, ett\u00e4 nuorempana h\u00e4nellekin tolkutettiin, ettei pid\u00e4 ottaa tatuointeja varsinkaan n\u00e4kyville paikoille, tai h\u00e4n ei saa t\u00f6it\u00e4 ja \u201ckaikki on p\u00e4in persett\u00e4\u201d.<\/p>\n<p class=\"wp-block-paragraph\">\u2013 Se ei kyll\u00e4 pid\u00e4 paikkaansa. S\u00e4 voit laittaa niit\u00e4 niin n\u00e4kyv\u00e4lle paikalle kuin haluat, niin saakeli p\u00e4\u00e4dyt TTK-juontajaksi, Karvinen niittaa loppuun.<\/p>\n","protected":false},"excerpt":{"rendered":"Sunnuntaina 30. elokuuta\u00a0selvisi pitk\u00e4n odotuksen j\u00e4lkeen vihdoin, ett\u00e4 uusi\u00a0Tanssii t\u00e4htien kanssa\u00a0-kilpailun juontaja on sek\u00e4 tv:n, radion ett\u00e4 Youtuben&hellip;\n","protected":false},"author":2,"featured_media":339852,"comment_status":"","ping_status":"","sticky":false,"template":"","format":"standard","meta":{"footnotes":"","_share_on_mastodon":"0"},"categories":[130],"tags":[137,33,31,30,41919,5457,2905,32,903,9548,3099,41886,2843,109],"class_list":["post-339851","post","type-post","status-publish","format-standard","has-post-thumbnail","category-viihde","tag-entertainment","tag-fi","tag-finland","tag-finnish","tag-paheksunta","tag-shirly-karvinen","tag-somekohu","tag-suomi","tag-tanssii-tahtien-kanssa","tag-tatuoinnit","tag-ttk","tag-uusi-juontaja","tag-veronica-verho","tag-viihde"],"share_on_mastodon":{"url":"","error":""},"_links":{"self":[{"href":"https:\/\/www.europesays.com\/fi\/wp-json\/wp\/v2\/posts\/339851","targetHints":{"allow":["GET"]}}],"collection":[{"href":"https:\/\/www.europesays.com\/fi\/wp-json\/wp\/v2\/posts"}],"about":[{"href":"https:\/\/www.europesays.com\/fi\/wp-json\/wp\/v2\/types\/post"}],"author":[{"embeddable":true,"href":"https:\/\/www.europesays.com\/fi\/wp-json\/wp\/v2\/users\/2"}],"replies":[{"embeddable":true,"href":"https:\/\/www.europesays.com\/fi\/wp-json\/wp\/v2\/comments?post=339851"}],"version-history":[{"count":0,"href":"https:\/\/www.europesays.com\/fi\/wp-json\/wp\/v2\/posts\/339851\/revisions"}],"wp:featuredmedia":[{"embeddable":true,"href":"https:\/\/www.europesays.com\/fi\/wp-json\/wp\/v2\/media\/339852"}],"wp:attachment":[{"href":"https:\/\/www.europesays.com\/fi\/wp-json\/wp\/v2\/media?parent=339851"}],"wp:term":[{"taxonomy":"category","embeddable":true,"href":"https:\/\/www.europesays.com\/fi\/wp-json\/wp\/v2\/categories?post=339851"},{"taxonomy":"post_tag","embeddable":true,"href":"https:\/\/www.europesays.com\/fi\/wp-json\/wp\/v2\/tags?post=339851"}],"curies":[{"name":"wp","href":"https:\/\/api.w.org\/{rel}","templated":true}]}}