{"id":339855,"date":"2026-09-02T20:50:16","date_gmt":"2026-09-02T20:50:16","guid":{"rendered":"https:\/\/www.europesays.com\/fi\/339855\/"},"modified":"2026-09-02T20:50:16","modified_gmt":"2026-09-02T20:50:16","slug":"brigitte-macronin-tyttaren-tiphaine-auzieren-suhde-nousi-otsikoihin-ranskassa","status":"publish","type":"post","link":"https:\/\/www.europesays.com\/fi\/339855\/","title":{"rendered":"Brigitte Macronin tytt\u00e4ren Tiphaine Auzieren suhde nousi otsikoihin Ranskassa"},"content":{"rendered":"<p>Ranskan Ensimm\u00e4isen naisen tytt\u00e4ren suhde nousi otsikoihin Ranskassa.<\/p>\n<p><img decoding=\"async\" src=\"https:\/\/www.europesays.com\/fi\/wp-content\/uploads\/2026\/09\/1788382214_216_468.jpg\" alt=\"Brigitte Macronin tyt\u00e4r Tiphaine Auziere l\u00f6ysi rakkauden 20 vuotta nuoremmasta miehest\u00e4.\" class=\"_Img_1rerz_1\" style=\"aspect-ratio:1920\/1080\" loading=\"eager\"\/><\/p>\n<p class=\"font-(family-name:--picture-caption-font-family) text-(length:--picture-caption-font-size) leading-(--picture-caption-leading) font-(--picture-caption-font-weight) text-(color:--picture-caption-color)\">Brigitte Macronin tyt\u00e4r Tiphaine Auziere l\u00f6ysi rakkauden 20 vuotta nuoremmasta miehest\u00e4. Kuva:\u00a0DOMINIQUE JACOVIDES \/ Bestimage \/ MVPhotos<\/p>\n<p class=\"article-body mb-(--paragraph-margin-b) px-nof-16\">Mit\u00e4 \u00e4iti edell\u00e4, sit\u00e4 tyt\u00e4r per\u00e4ss\u00e4. Tai omena ei kauas puusta putoa \u2013 ihan miten vaan.<\/p>\n<p class=\"article-body mb-(--paragraph-margin-b) px-nof-16\">Ranskan presidentill\u00e4 <a class=\"font-bold underline-offset-[0.12em] [text-decoration:var(--person-link-text-decoration)] [text-decoration-color:var(--person-link-text-decoration-color)]!\" href=\"https:\/\/www.is.fi\/haku\/?query=Emmanuel%20Macronilla\" rel=\"nofollow noopener\" target=\"_blank\">Emmanuel Macronilla<\/a>, 48, ja h\u00e4nen vaimollaan <a class=\"font-bold underline-offset-[0.12em] [text-decoration:var(--person-link-text-decoration)] [text-decoration-color:var(--person-link-text-decoration-color)]!\" href=\"https:\/\/www.is.fi\/haku\/?query=Brigitte%20Macronilla\" rel=\"nofollow noopener\" target=\"_blank\">Brigitte Macronilla<\/a>, 73, on ik\u00e4eroa 25 vuotta.<\/p>\n<p class=\"article-body mb-(--paragraph-margin-b) px-nof-16\">Lue lis\u00e4\u00e4: <a class=\"underline underline-offset-[0.12em] [text-decoration-thickness:var(--generic-link-underline-thickness)] [text-decoration-color:var(--generic-link-underline-color)] [text-decoration-skip-ink:var(--generic-link-underline-skip-ink)] break-words\" href=\"https:\/\/www.is.fi\/menaiset\/ihmiset-ja-suhteet\/art-2000009872815.html\" rel=\"nofollow noopener\" target=\"_blank\">5 tunnettua suomalaista naista kertoo, millaista on, kun mies on rutkasti nuorempi \u2013 \u201dPaheksunnan saattoi aistia\u201d<\/a><\/p>\n<p class=\"article-body mb-(--paragraph-margin-b) px-nof-16\">My\u00f6s Brigitte Macronin (entinen Auziere) tyt\u00e4r <a class=\"font-bold underline-offset-[0.12em] [text-decoration:var(--person-link-text-decoration)] [text-decoration-color:var(--person-link-text-decoration-color)]!\" href=\"https:\/\/www.is.fi\/haku\/?query=Tiphaine%20Auziere\" rel=\"nofollow noopener\" target=\"_blank\">Tiphaine Auziere<\/a> on l\u00f6yt\u00e4nyt rakkauden huomattavasti nuoremmasta miehest\u00e4. Auziere, 42, on kertonut julkisesti suhteestaan 22-vuotiaan kauppakorkeakouluopiskelijan ja vesiurheiluohjaajan <a class=\"font-bold underline-offset-[0.12em] [text-decoration:var(--person-link-text-decoration)] [text-decoration-color:var(--person-link-text-decoration-color)]!\" href=\"https:\/\/www.is.fi\/haku\/?query=Antoine%20Lecomten\" rel=\"nofollow noopener\" target=\"_blank\">Antoine Lecomten<\/a> kanssa. Ik\u00e4eroa parilla on 20 vuotta.<\/p>\n<p class=\"article-body mb-(--paragraph-margin-b) px-nof-16\">Asiasta kertoivat mm. brittilehti <a class=\"underline underline-offset-[0.12em] [text-decoration-thickness:var(--generic-link-underline-thickness)] [text-decoration-color:var(--generic-link-underline-color)] [text-decoration-skip-ink:var(--generic-link-underline-skip-ink)] break-words\" href=\"https:\/\/www.thetimes.com\/article\/568f9c2e-a776-4933-b4be-66de627db189?shareToken=5817987b4467128f93ce4f3a39aa1f20\" rel=\"nofollow noopener\" target=\"_blank\">The Times<\/a> sek\u00e4 saksalaislehti <a class=\"underline underline-offset-[0.12em] [text-decoration-thickness:var(--generic-link-underline-thickness)] [text-decoration-color:var(--generic-link-underline-color)] [text-decoration-skip-ink:var(--generic-link-underline-skip-ink)] break-words italic\" href=\"https:\/\/www.bild.de\/unterhaltung\/stars-und-leute\/brigitte-macrons-tochter-liebt-20-jahre-juengeren-studenten-6a968533518a586e1855f0d4\" rel=\"nofollow noopener\" target=\"_blank\">Bild<\/a>.<\/p>\n<p><img decoding=\"async\" src=\"https:\/\/www.europesays.com\/fi\/wp-content\/uploads\/2026\/09\/1788382215_77_468.jpg\" alt=\"Emmanuel (oik.) ja Brigitte Macronilla on ik\u00e4eroa 25 vuotta.\" class=\"_Img_1rerz_1\" style=\"aspect-ratio:1280\/1920\" loading=\"eager\"\/><\/p>\n<p class=\"font-(family-name:--picture-caption-font-family) text-(length:--picture-caption-font-size) leading-(--picture-caption-leading) font-(--picture-caption-font-weight) text-(color:--picture-caption-color) picture-with-caption__caption picture-with-caption__caption--default-full\">Emmanuel (oik.) ja Brigitte Macronilla on ik\u00e4eroa 25 vuotta. Kuva:\u00a0Kalle Koponen<\/p>\n<p class=\"article-body mb-(--paragraph-margin-b) px-nof-16\">Auzieren ja Lecomten romanssi alkoi kes\u00e4n alussa Pohjois-Ranskassa Le Touquet&#8217;n merenrantakaupungissa, kun Auziere otti surffaustunteja Lecomten opastuksessa.<\/p>\n<p class=\"article-body mb-(--paragraph-margin-b) px-nof-16\">Viime sunnuntaina Auziere julkaisi sosiaalisessa mediassa videon yhdess\u00e4 Lecomten kanssa. My\u00f6s Lecomte jakoi videon Amsterdamin-hotellilomasta Instgram-tilill\u00e4\u00e4n. Videolla pari pit\u00e4\u00e4 hauskaa ja jakaa huoneen hulppeassa, rakennusnosturiin rakennetussa Farlada-hotellissa.<\/p>\n<p class=\"article-body mb-(--paragraph-margin-b) px-nof-16\">Ranskassa media oli hiiskunut Auzieren ja Lecomten suhteesta jo elokuun aikana.<\/p>\n<p class=\"article-body mb-(--paragraph-margin-b) px-nof-16\">\u2013\u2009Koska heid\u00e4n v\u00e4lill\u00e4\u00e4n on 20 vuoden ik\u00e4ero, pari tiet\u00e4\u00e4, ett\u00e4 heid\u00e4n suhteensa saattaa aiheuttaa kohua Le Touquet\u2019ssa ja muualla, aivan kuten Brigitte ja Emmanuel Macronin suhde aikanaan. Mutta heit\u00e4 ei kiinnosta, julkkislehti Galassa kirjoitettiin.<\/p>\n<p class=\"article-body mb-(--paragraph-margin-b) px-nof-16\">Auzieren yst\u00e4v\u00e4 sanoi Galalle, ett\u00e4 Tiphaine on hyvin samanlainen kuin \u00e4itins\u00e4.<\/p>\n<p class=\"article-body mb-(--paragraph-margin-b) px-nof-16\">\u2013\u2009Brigitten tavoin h\u00e4n seuraa syd\u00e4nt\u00e4\u00e4n eik\u00e4 v\u00e4lit\u00e4, mit\u00e4 muut ihmiset ajattelevat. Ainoa mielipide, jolla on h\u00e4nelle merkityst\u00e4, on h\u00e4nen perheens\u00e4 mielipide, yst\u00e4v\u00e4 sanoi lehdess\u00e4.<\/p>\n<p><img decoding=\"async\" src=\"https:\/\/www.europesays.com\/fi\/wp-content\/uploads\/2026\/09\/1788382216_27_468.jpg\" alt=\"Tiphaine Auziere onnittelee \u201dis\u00e4puoltaan\u201d Emmanuel Macronia, kun t\u00e4m\u00e4 valittiin toiselle presidenttikaudelle toukokuussa 2022.\" class=\"_Img_1rerz_1\" style=\"aspect-ratio:1920\/1280\" loading=\"eager\"\/><\/p>\n<p class=\"font-(family-name:--picture-caption-font-family) text-(length:--picture-caption-font-size) leading-(--picture-caption-leading) font-(--picture-caption-font-weight) text-(color:--picture-caption-color) picture-with-caption__caption picture-with-caption__caption--default-full\">Tiphaine Auziere onnittelee \u201dis\u00e4puoltaan\u201d Emmanuel Macronia, kun t\u00e4m\u00e4 valittiin toiselle presidenttikaudelle toukokuussa 2022. Kuva:\u00a0Gonzalo Fuentes \/ Reuters<\/p>\n<p class=\"article-body mb-(--paragraph-margin-b) px-nof-16\">Auzierella on kaksi reilu 10-vuotiasta lasta entisest\u00e4 suhteestaan.<\/p>\n<p class=\"article-body mb-(--paragraph-margin-b) px-nof-16\">Toinen yst\u00e4v\u00e4 kuvasi, ett\u00e4 rakkaus roihahti kaksikon v\u00e4lille heti ensisilm\u00e4yksell\u00e4.<\/p>\n<p class=\"article-body mb-(--paragraph-margin-b) px-nof-16\">Brigitte Macronilla on ensimm\u00e4isest\u00e4 avioliitostaan kolme lasta. Tiphaine Auziere on heist\u00e4 nuorin.<\/p>\n","protected":false},"excerpt":{"rendered":"Ranskan Ensimm\u00e4isen naisen tytt\u00e4ren suhde nousi otsikoihin Ranskassa. Brigitte Macronin tyt\u00e4r Tiphaine Auziere l\u00f6ysi rakkauden 20 vuotta nuoremmasta&hellip;\n","protected":false},"author":2,"featured_media":339856,"comment_status":"","ping_status":"","sticky":false,"template":"","format":"standard","meta":{"footnotes":"","_share_on_mastodon":"0"},"categories":[14],"tags":[22,23,26,27,33,31,30,17,34,24,25,28,29,15,18,21,32,19,20,56,16,59,60,61],"class_list":["post-339855","post","type-post","status-publish","format-standard","has-post-thumbnail","category-ulkomaat","tag-breaking-news","tag-breakingnews","tag-featured-news","tag-featurednews","tag-fi","tag-finland","tag-finnish","tag-headlines","tag-ilta-sanomat","tag-latest-news","tag-latestnews","tag-main-news","tag-mainnews","tag-news","tag-otsikot","tag-paauutiset","tag-suomi","tag-top-stories","tag-topstories","tag-ulkomaat","tag-uutiset","tag-world","tag-world-news","tag-worldnews"],"share_on_mastodon":{"url":"https:\/\/pubeurope.com\/@fi\/117203424532240486","error":""},"_links":{"self":[{"href":"https:\/\/www.europesays.com\/fi\/wp-json\/wp\/v2\/posts\/339855","targetHints":{"allow":["GET"]}}],"collection":[{"href":"https:\/\/www.europesays.com\/fi\/wp-json\/wp\/v2\/posts"}],"about":[{"href":"https:\/\/www.europesays.com\/fi\/wp-json\/wp\/v2\/types\/post"}],"author":[{"embeddable":true,"href":"https:\/\/www.europesays.com\/fi\/wp-json\/wp\/v2\/users\/2"}],"replies":[{"embeddable":true,"href":"https:\/\/www.europesays.com\/fi\/wp-json\/wp\/v2\/comments?post=339855"}],"version-history":[{"count":0,"href":"https:\/\/www.europesays.com\/fi\/wp-json\/wp\/v2\/posts\/339855\/revisions"}],"wp:featuredmedia":[{"embeddable":true,"href":"https:\/\/www.europesays.com\/fi\/wp-json\/wp\/v2\/media\/339856"}],"wp:attachment":[{"href":"https:\/\/www.europesays.com\/fi\/wp-json\/wp\/v2\/media?parent=339855"}],"wp:term":[{"taxonomy":"category","embeddable":true,"href":"https:\/\/www.europesays.com\/fi\/wp-json\/wp\/v2\/categories?post=339855"},{"taxonomy":"post_tag","embeddable":true,"href":"https:\/\/www.europesays.com\/fi\/wp-json\/wp\/v2\/tags?post=339855"}],"curies":[{"name":"wp","href":"https:\/\/api.w.org\/{rel}","templated":true}]}}