{"id":339859,"date":"2026-09-02T20:52:10","date_gmt":"2026-09-02T20:52:10","guid":{"rendered":"https:\/\/www.europesays.com\/fi\/339859\/"},"modified":"2026-09-02T20:52:10","modified_gmt":"2026-09-02T20:52:10","slug":"hyvinkaalla-kuului-voimakas-rajahdys-tasta-oli-kyse","status":"publish","type":"post","link":"https:\/\/www.europesays.com\/fi\/339859\/","title":{"rendered":"Hyvink\u00e4\u00e4ll\u00e4 kuului voimakas r\u00e4j\u00e4hdys \u2013 t\u00e4st\u00e4 oli kyse"},"content":{"rendered":"<p>Hyvink\u00e4\u00e4ll\u00e4 kuului iltayhdeks\u00e4lt\u00e4 voimakas r\u00e4j\u00e4hdyksen \u00e4\u00e4ni.<\/p>\n<p class=\"article-body mb-(--paragraph-margin-b) px-nof-16\">Hyvink\u00e4\u00e4n Vihtilammen maastosta l\u00f6ytyi sodanaikainen r\u00e4j\u00e4hde, kertoo It\u00e4-Uudenmaan poliisi.<\/p>\n<p class=\"article-body mb-(--paragraph-margin-b) px-nof-16\">Poliisi pyysi paikalle Puolustusvoimat. Paikalla todettiin, ett\u00e4 r\u00e4j\u00e4hdett\u00e4 ei voi siirt\u00e4\u00e4, joten se r\u00e4j\u00e4ytettiin l\u00f6yt\u00f6paikalla keskiviikkona noin kello 21.<\/p>\n<p class=\"article-body mb-(--paragraph-margin-b) px-nof-16\">Alueen asukkaat ovat voineet kuulla voimakkaan r\u00e4j\u00e4hdyksen \u00e4\u00e4nen. Tapahtumasta ei poliisin mukaan aiheutunut vaaraa sivullisille.<\/p>\n<p class=\"article-body mb-(--paragraph-margin-b) px-nof-16\">Poliisin mukaan ulkoilija oli l\u00f6yt\u00e4nyt r\u00e4j\u00e4hteen ja ilmoittanut siit\u00e4 h\u00e4t\u00e4keskukseen keskiviikkona iltap\u00e4iv\u00e4ll\u00e4 puoli kolmen aikaan.<\/p>\n","protected":false},"excerpt":{"rendered":"Hyvink\u00e4\u00e4ll\u00e4 kuului iltayhdeks\u00e4lt\u00e4 voimakas r\u00e4j\u00e4hdyksen \u00e4\u00e4ni. Hyvink\u00e4\u00e4n Vihtilammen maastosta l\u00f6ytyi sodanaikainen r\u00e4j\u00e4hde, kertoo It\u00e4-Uudenmaan poliisi. Poliisi pyysi paikalle&hellip;\n","protected":false},"author":2,"featured_media":339860,"comment_status":"","ping_status":"","sticky":false,"template":"","format":"standard","meta":{"footnotes":"","_share_on_mastodon":"0"},"categories":[5],"tags":[22,23,26,27,33,31,30,17,34,24,25,28,29,15,18,21,32,19,20,16],"class_list":["post-339859","post","type-post","status-publish","format-standard","has-post-thumbnail","category-otsikot","tag-breaking-news","tag-breakingnews","tag-featured-news","tag-featurednews","tag-fi","tag-finland","tag-finnish","tag-headlines","tag-ilta-sanomat","tag-latest-news","tag-latestnews","tag-main-news","tag-mainnews","tag-news","tag-otsikot","tag-paauutiset","tag-suomi","tag-top-stories","tag-topstories","tag-uutiset"],"share_on_mastodon":{"url":"","error":""},"_links":{"self":[{"href":"https:\/\/www.europesays.com\/fi\/wp-json\/wp\/v2\/posts\/339859","targetHints":{"allow":["GET"]}}],"collection":[{"href":"https:\/\/www.europesays.com\/fi\/wp-json\/wp\/v2\/posts"}],"about":[{"href":"https:\/\/www.europesays.com\/fi\/wp-json\/wp\/v2\/types\/post"}],"author":[{"embeddable":true,"href":"https:\/\/www.europesays.com\/fi\/wp-json\/wp\/v2\/users\/2"}],"replies":[{"embeddable":true,"href":"https:\/\/www.europesays.com\/fi\/wp-json\/wp\/v2\/comments?post=339859"}],"version-history":[{"count":0,"href":"https:\/\/www.europesays.com\/fi\/wp-json\/wp\/v2\/posts\/339859\/revisions"}],"wp:featuredmedia":[{"embeddable":true,"href":"https:\/\/www.europesays.com\/fi\/wp-json\/wp\/v2\/media\/339860"}],"wp:attachment":[{"href":"https:\/\/www.europesays.com\/fi\/wp-json\/wp\/v2\/media?parent=339859"}],"wp:term":[{"taxonomy":"category","embeddable":true,"href":"https:\/\/www.europesays.com\/fi\/wp-json\/wp\/v2\/categories?post=339859"},{"taxonomy":"post_tag","embeddable":true,"href":"https:\/\/www.europesays.com\/fi\/wp-json\/wp\/v2\/tags?post=339859"}],"curies":[{"name":"wp","href":"https:\/\/api.w.org\/{rel}","templated":true}]}}