{"id":339861,"date":"2026-09-02T21:05:12","date_gmt":"2026-09-02T21:05:12","guid":{"rendered":"https:\/\/www.europesays.com\/fi\/339861\/"},"modified":"2026-09-02T21:05:12","modified_gmt":"2026-09-02T21:05:12","slug":"marko-maunuksela-nauttii-isoisyydesta-lapsenlapsensa-kanssa","status":"publish","type":"post","link":"https:\/\/www.europesays.com\/fi\/339861\/","title":{"rendered":"Marko Maunuksela nauttii isoisyydest\u00e4 lapsenlapsensa kanssa"},"content":{"rendered":"<p>\n  Tangokuningas Marko Maunukselasta tuli 48-vuotiaana pappa. Ensimm\u00e4inen lapsen\u00adlapsi sai h\u00e4net muuttamaan vaimoineen Ouluun.<\/p>\n<p>\n            Teksti:          <\/p>\n<p>\n            Linda Martikainen          <\/p>\n<p><a href=\"https:\/\/www.markomaunuksela.fi\/\" target=\"_blank\" rel=\"noreferrer noopener nofollow\">Laulaja <\/a><strong>Marko Maunuksela<\/strong> on mukana my\u00f6s Tom of Finland -musikaalissa.<\/p>\n<p>Viev\u00e4tk\u00f6 teatterity\u00f6t enemm\u00e4n aikaasi kuin laulukeikat?<\/p>\n<p>\u201dEn sanoisi niink\u00e4\u00e4n. Kolmisen vuotta sitten n\u00e4yttelin paljon. Se alkoi olla p\u00e4\u00e4ty\u00f6. N\u00e4ytteleminen j\u00e4i, kun menin juonta\u00adjaksi aamuradioon Aito Iskelm\u00e4lle kev\u00e4\u00e4ll\u00e4 2023. Lopetin radioty\u00f6t vuosi sitten, kun muutimme Ouluun. <\/p>\n<p>Minulla on intohimo tehd\u00e4 teatteria ja varsinkin musikaaleja. Olen panostanut my\u00f6s keikkoihin Fantasia-yhtyeen kanssa ja teen yh\u00e4 <strong><a href=\"https:\/\/seura.fi\/viihde\/julkkikset\/tangokuningas-jukka-hallikainen-on-kohta-isoisa-papan-roolini-painottuu-hauskanpitoon\/\" rel=\"nofollow noopener\" target=\"_blank\">Jukka Hallikaisen<\/a><\/strong> kanssa kimppakeikkoja, joulukiertueenkin.\u201d<\/p>\n<p>Milt\u00e4 uusi el\u00e4m\u00e4 Oulussa on maistunut?<\/p>\n<p>\u201dHyv\u00e4lt\u00e4! Muutimme vaimoni <strong>Taijan<\/strong> kanssa Ouluun suurelta osin lapsenlapsemme takia. Halusimme p\u00e4\u00e4st\u00e4 l\u00e4helle h\u00e4nt\u00e4, ja h\u00e4nest\u00e4 onkin tullut t\u00e4rke\u00e4 pala meid\u00e4n el\u00e4m\u00e4\u00e4mme. H\u00e4n tulee muppalaan aina mielell\u00e4\u00e4n ja on luonamme kuin kotonaan. H\u00e4n on ensimm\u00e4inen ja ainoa lapsenlapsemme ja t\u00e4ytt\u00e4\u00e4 syyskuussa nelj\u00e4. Minusta tuli pappa 48-vuotiaana.\u201d<\/p>\n<p>Paapotko lapsenlasta enemm\u00e4n kuin omia lapsia?<\/p>\n<p>\u201dVarmasti. Lapsenlapsen kanssa saa parhaat p\u00e4\u00e4lt\u00e4. Paras \u00adjuttu isoisyydess\u00e4 on, ett\u00e4 luonamme pojalla on v\u00e4h\u00e4n eri s\u00e4\u00e4nn\u00f6t kuin kotona. Kunnioitamme tietysti vanhempien asettamia rajoja ja yrit\u00e4mme noudattaa niit\u00e4, mutta annamme ehk\u00e4 herkemmin periksi vaikka herkuttelussa. <\/p>\n<p>\u00adIhailen lapseni kasvatusmetodia: tv, tabletit ja k\u00e4nnyk\u00e4t eiv\u00e4t ole \u00adolleet lapsenlapsen el\u00e4m\u00e4ss\u00e4 mink\u00e4\u00e4nlaisessa roolissa. \u00adLuemme paljon kirjoja ja touhuamme muuta.\u201d<\/p>\n<p>Millainen tuki ja turva Taija-vaimosi on ollut sinulle vuosien aikana?<\/p>\n<p>\u201dH\u00e4n merkitsee minulle tosi paljon. Meist\u00e4 kumpikaan ei ole \u00adsamanlainen kuin alkaessamme olla yhdess\u00e4 teinein\u00e4. Ammatit ovat muuttuneet ja mukaan on tullut julkisuuskin. Toisen muutos pit\u00e4\u00e4 n\u00e4hd\u00e4 ja hyv\u00e4ksy\u00e4, ett\u00e4 muuttuu itsekin.<\/p>\n<p>Parhaimmillaan voi rakastua samaan ihmiseen aina uudestaan. Olemme erilaisia siin\u00e4, ett\u00e4 Taija ei halua olla esill\u00e4. Meiss\u00e4 on my\u00f6s paljon samaa. P\u00e4\u00e4t\u00f6sten edess\u00e4 kiihdymme nollasta sataan ja teemme nopeita valintoja. Syksyll\u00e4 juhlimme vaimon 50-kymppisi\u00e4 sek\u00e4 30-vuotish\u00e4\u00e4p\u00e4iv\u00e4\u00e4mme.\u201d<\/p>\n<p><a href=\"https:\/\/seura.fi\/viihde\/julkkikset\/laulaja-marko-maunuksela\/\" target=\"_blank\" rel=\"noreferrer noopener nofollow\">Lue my\u00f6s: Laulaja Marko Maunuksela iski silm\u00e4ns\u00e4 tulevaan Taija-puolisoonsa jo opiskeluaikana \u2013 \u201dSattumilla ja kohtalolla on el\u00e4m\u00e4ss\u00e4 lopulta aika iso rooli\u201d<\/a><\/p>\n","protected":false},"excerpt":{"rendered":"Tangokuningas Marko Maunukselasta tuli 48-vuotiaana pappa. Ensimm\u00e4inen lapsen\u00adlapsi sai h\u00e4net muuttamaan vaimoineen Ouluun. Teksti: Linda Martikainen Laulaja Marko&hellip;\n","protected":false},"author":2,"featured_media":339862,"comment_status":"","ping_status":"","sticky":false,"template":"","format":"standard","meta":{"footnotes":"","_share_on_mastodon":"0"},"categories":[136],"tags":[407,137,33,31,30,408,23591,1496,32,41920,3336,109],"class_list":["post-339861","post","type-post","status-publish","format-standard","has-post-thumbnail","category-julkkikset","tag-celebrities","tag-entertainment","tag-fi","tag-finland","tag-finnish","tag-julkkikset","tag-marko-maunuksela","tag-parisuhde","tag-suomi","tag-tangokuninkaat","tag-teatteri","tag-viihde"],"share_on_mastodon":{"url":"https:\/\/pubeurope.com\/@fi\/117203482913096283","error":""},"_links":{"self":[{"href":"https:\/\/www.europesays.com\/fi\/wp-json\/wp\/v2\/posts\/339861","targetHints":{"allow":["GET"]}}],"collection":[{"href":"https:\/\/www.europesays.com\/fi\/wp-json\/wp\/v2\/posts"}],"about":[{"href":"https:\/\/www.europesays.com\/fi\/wp-json\/wp\/v2\/types\/post"}],"author":[{"embeddable":true,"href":"https:\/\/www.europesays.com\/fi\/wp-json\/wp\/v2\/users\/2"}],"replies":[{"embeddable":true,"href":"https:\/\/www.europesays.com\/fi\/wp-json\/wp\/v2\/comments?post=339861"}],"version-history":[{"count":0,"href":"https:\/\/www.europesays.com\/fi\/wp-json\/wp\/v2\/posts\/339861\/revisions"}],"wp:featuredmedia":[{"embeddable":true,"href":"https:\/\/www.europesays.com\/fi\/wp-json\/wp\/v2\/media\/339862"}],"wp:attachment":[{"href":"https:\/\/www.europesays.com\/fi\/wp-json\/wp\/v2\/media?parent=339861"}],"wp:term":[{"taxonomy":"category","embeddable":true,"href":"https:\/\/www.europesays.com\/fi\/wp-json\/wp\/v2\/categories?post=339861"},{"taxonomy":"post_tag","embeddable":true,"href":"https:\/\/www.europesays.com\/fi\/wp-json\/wp\/v2\/tags?post=339861"}],"curies":[{"name":"wp","href":"https:\/\/api.w.org\/{rel}","templated":true}]}}