{"id":339865,"date":"2026-09-02T21:13:08","date_gmt":"2026-09-02T21:13:08","guid":{"rendered":"https:\/\/www.europesays.com\/fi\/339865\/"},"modified":"2026-09-02T21:13:08","modified_gmt":"2026-09-02T21:13:08","slug":"maustetytot-vastaa-kysyntaan-ja-soittaa-ulkomaan-kiireiden-ohella-toisen-syksyisen-suomen-keikan","status":"publish","type":"post","link":"https:\/\/www.europesays.com\/fi\/339865\/","title":{"rendered":"Maustetyt\u00f6t vastaa kysynt\u00e4\u00e4n ja soittaa ulkomaan kiireiden ohella toisen syksyisen Suomen keikan"},"content":{"rendered":"<p>\t\t\t\t<b>Maustetyt\u00f6t<\/b> kiert\u00e4\u00e4 syyskuussa Skandinavian keikoilla ja joulukuussa on vuorossa Euroopan kierros.<\/p>\n<p>Suomen ainoa syksyinen keikka osuu p\u00e4iv\u00e4m\u00e4\u00e4r\u00e4lle 21.11, paikkana Dubrovnik, Vallilan konepaja (Helsinki).<\/p>\n<p>Paitsi ett\u00e4 Dubrovnikin keikka myi loppuun vuorokaudessa &#8211; luvassa on lis\u00e4keikka perjantaille 20.11. <\/p>\n<p>&#8221;Loppuvuonna oli tosiaan tarkoitus soittaa vain Skandi- ja Euroopan kiertueet, mutta p\u00e4\u00e4tettiin sittenkin tehd\u00e4 my\u00f6s spesiaalikeikka Aki Kaurism\u00e4en sinemaattisella Dubrovnik-klubilla Helsingiss\u00e4, koska t\u00e4m\u00e4 tuntui niin sopivalta idealta l\u00e4mmitell\u00e4 Euroopan kiertuetta, jolle ei ensink\u00e4\u00e4n oltaisi l\u00e4hd\u00f6ss\u00e4 ilman Kaurism\u00e4ke\u00e4. Tervetuloa&#8221;.<\/p>\n<blockquote class=\"instagram-media\" data-instgrm-captioned=\"\" data-instgrm-permalink=\"https:\/\/www.instagram.com\/p\/DcxnL8FsG-N\/?utm_source=ig_embed&amp;utm_campaign=loading\" data-instgrm-version=\"14\" style=\" background:#FFF; border:0; border-radius:3px; box-shadow:0 0 1px 0 rgba(0,0,0,0.5),0 1px 10px 0 rgba(0,0,0,0.15); margin: 1px; max-width:540px; min-width:326px; padding:0; width:99.375%; width:-webkit-calc(100% - 2px); width:calc(100% - 2px);\"\/>\n<tr>\n<td><img loading=\"lazy\" decoding=\"async\" src=\"https:\/\/www.europesays.com\/fi\/wp-content\/uploads\/2026\/09\/pic1.jpg\" width=\"520\" height=\"293\" alt=\"\"\/><\/td>\n<\/tr>\n<p><b>V2.fi | J.A. Kaunisto <\/b>\n\t\t\t\t<\/p>\n<p>\t\t\t<script async src=\"\/\/www.instagram.com\/embed.js\"><\/script><\/p>\n","protected":false},"excerpt":{"rendered":"Maustetyt\u00f6t kiert\u00e4\u00e4 syyskuussa Skandinavian keikoilla ja joulukuussa on vuorossa Euroopan kierros. Suomen ainoa syksyinen keikka osuu p\u00e4iv\u00e4m\u00e4\u00e4r\u00e4lle 21.11,&hellip;\n","protected":false},"author":2,"featured_media":339866,"comment_status":"","ping_status":"","sticky":false,"template":"","format":"standard","meta":{"footnotes":"","_share_on_mastodon":"0"},"categories":[130],"tags":[137,33,31,30,188,191,192,185,150,189,187,32,193,194,109,186,190],"class_list":["post-339865","post","type-post","status-publish","format-standard","has-post-thumbnail","category-viihde","tag-entertainment","tag-fi","tag-finland","tag-finnish","tag-keskustelu","tag-nintendo","tag-pc-pelit","tag-peli","tag-pelit","tag-playstation","tag-starat","tag-suomi","tag-video","tag-videopelit","tag-viihde","tag-viihdeuutiset","tag-xbox"],"share_on_mastodon":{"url":"https:\/\/pubeurope.com\/@fi\/117203515031560317","error":""},"_links":{"self":[{"href":"https:\/\/www.europesays.com\/fi\/wp-json\/wp\/v2\/posts\/339865","targetHints":{"allow":["GET"]}}],"collection":[{"href":"https:\/\/www.europesays.com\/fi\/wp-json\/wp\/v2\/posts"}],"about":[{"href":"https:\/\/www.europesays.com\/fi\/wp-json\/wp\/v2\/types\/post"}],"author":[{"embeddable":true,"href":"https:\/\/www.europesays.com\/fi\/wp-json\/wp\/v2\/users\/2"}],"replies":[{"embeddable":true,"href":"https:\/\/www.europesays.com\/fi\/wp-json\/wp\/v2\/comments?post=339865"}],"version-history":[{"count":0,"href":"https:\/\/www.europesays.com\/fi\/wp-json\/wp\/v2\/posts\/339865\/revisions"}],"wp:featuredmedia":[{"embeddable":true,"href":"https:\/\/www.europesays.com\/fi\/wp-json\/wp\/v2\/media\/339866"}],"wp:attachment":[{"href":"https:\/\/www.europesays.com\/fi\/wp-json\/wp\/v2\/media?parent=339865"}],"wp:term":[{"taxonomy":"category","embeddable":true,"href":"https:\/\/www.europesays.com\/fi\/wp-json\/wp\/v2\/categories?post=339865"},{"taxonomy":"post_tag","embeddable":true,"href":"https:\/\/www.europesays.com\/fi\/wp-json\/wp\/v2\/tags?post=339865"}],"curies":[{"name":"wp","href":"https:\/\/api.w.org\/{rel}","templated":true}]}}