{"id":339871,"date":"2026-09-02T21:18:13","date_gmt":"2026-09-02T21:18:13","guid":{"rendered":"https:\/\/www.europesays.com\/fi\/339871\/"},"modified":"2026-09-02T21:18:13","modified_gmt":"2026-09-02T21:18:13","slug":"27-vuotias-nainen-kateissa-kajaanissa-poliisi-pyytaa-havaintoja","status":"publish","type":"post","link":"https:\/\/www.europesays.com\/fi\/339871\/","title":{"rendered":"27-vuotias nainen kateissa Kajaanissa \u2013 poliisi pyyt\u00e4\u00e4 havaintoja"},"content":{"rendered":"<p class=\"article__paragraph\">\n      Poliisi pyyt\u00e4\u00e4 havaintoja Kajaanissa kadonneesta naisesta.\n    <\/p>\n<p class=\"article__paragraph\">\n      27-vuotias nainen on ilmoitettu kadonneeksi keskiviikkona 2. syyskuuta. Poliisin mukaan viimeisimm\u00e4t havainnot h\u00e4nest\u00e4 on tehty Kajaanin keskustan l\u00e4hettyvilt\u00e4 tiistaina 1. syyskuuta.\n    <\/p>\n<p class=\"article__paragraph\">\n      Nainen on noin 170 senttimetri\u00e4 pitk\u00e4 ja h\u00e4nell\u00e4 on tummat hiukset. Katoamishetkell\u00e4 h\u00e4nell\u00e4 on todenn\u00e4k\u00f6isesti ollut p\u00e4\u00e4ll\u00e4\u00e4n tummat housut, tumma paita sek\u00e4 lenkkarit.\n    <\/p>\n<p class=\"article__paragraph\">\n      Havainnot kadonneesta voi ilmoittaa poliisin vihjepuhelimeen numeroon 0295 416 194.\n    <\/p>\n<p>    <img decoding=\"async\" class=\"responsive-image article__image-image lozad\"   src=\"https:\/\/www.europesays.com\/fi\/wp-content\/uploads\/2026\/09\/Qlh8ZeTlPMK_dtZN_2gMqzLdo3hqoYt-peO0DW-4QXA_fdp5KKF793RoOI3u5lHjMewkn4EkG-hYKGvQbXh392ggR77roKxPIdnm.jpeg\" alt=\"-\"\/><\/p>\n","protected":false},"excerpt":{"rendered":"Poliisi pyyt\u00e4\u00e4 havaintoja Kajaanissa kadonneesta naisesta. 27-vuotias nainen on ilmoitettu kadonneeksi keskiviikkona 2. syyskuuta. Poliisin mukaan viimeisimm\u00e4t havainnot&hellip;\n","protected":false},"author":2,"featured_media":339872,"comment_status":"","ping_status":"","sticky":false,"template":"","format":"standard","meta":{"footnotes":"","_share_on_mastodon":"0"},"categories":[12],"tags":[22,23,26,27,33,31,30,17,24,25,28,29,15,18,21,32,19,20,16],"class_list":["post-339871","post","type-post","status-publish","format-standard","has-post-thumbnail","category-suomi","tag-breaking-news","tag-breakingnews","tag-featured-news","tag-featurednews","tag-fi","tag-finland","tag-finnish","tag-headlines","tag-latest-news","tag-latestnews","tag-main-news","tag-mainnews","tag-news","tag-otsikot","tag-paauutiset","tag-suomi","tag-top-stories","tag-topstories","tag-uutiset"],"share_on_mastodon":{"url":"https:\/\/pubeurope.com\/@fi\/117203534240201428","error":""},"_links":{"self":[{"href":"https:\/\/www.europesays.com\/fi\/wp-json\/wp\/v2\/posts\/339871","targetHints":{"allow":["GET"]}}],"collection":[{"href":"https:\/\/www.europesays.com\/fi\/wp-json\/wp\/v2\/posts"}],"about":[{"href":"https:\/\/www.europesays.com\/fi\/wp-json\/wp\/v2\/types\/post"}],"author":[{"embeddable":true,"href":"https:\/\/www.europesays.com\/fi\/wp-json\/wp\/v2\/users\/2"}],"replies":[{"embeddable":true,"href":"https:\/\/www.europesays.com\/fi\/wp-json\/wp\/v2\/comments?post=339871"}],"version-history":[{"count":0,"href":"https:\/\/www.europesays.com\/fi\/wp-json\/wp\/v2\/posts\/339871\/revisions"}],"wp:featuredmedia":[{"embeddable":true,"href":"https:\/\/www.europesays.com\/fi\/wp-json\/wp\/v2\/media\/339872"}],"wp:attachment":[{"href":"https:\/\/www.europesays.com\/fi\/wp-json\/wp\/v2\/media?parent=339871"}],"wp:term":[{"taxonomy":"category","embeddable":true,"href":"https:\/\/www.europesays.com\/fi\/wp-json\/wp\/v2\/categories?post=339871"},{"taxonomy":"post_tag","embeddable":true,"href":"https:\/\/www.europesays.com\/fi\/wp-json\/wp\/v2\/tags?post=339871"}],"curies":[{"name":"wp","href":"https:\/\/api.w.org\/{rel}","templated":true}]}}