{"id":339873,"date":"2026-09-02T21:19:09","date_gmt":"2026-09-02T21:19:09","guid":{"rendered":"https:\/\/www.europesays.com\/fi\/339873\/"},"modified":"2026-09-02T21:19:09","modified_gmt":"2026-09-02T21:19:09","slug":"kansanedustajan-eronpyynto-ei-ollut-lapihuutojuttu-nyt-tuli-ratkaisu","status":"publish","type":"post","link":"https:\/\/www.europesays.com\/fi\/339873\/","title":{"rendered":"Kansanedustajan eronpyynt\u00f6 ei ollut l\u00e4pihuutojuttu \u2013 Nyt tuli ratkaisu"},"content":{"rendered":"<p>Kansanedustaja Miapetra Kumpula-Natri on l\u00e4hd\u00f6ss\u00e4 Teknologiateollisuuden palvelukseen. Lopullinen sinetti asialle on luvassa huomenna eduskunnan t\u00e4ysistunnossa.<\/p>\n<p><img decoding=\"async\" class=\"image image-show image-preview\" src=\"https:\/\/www.europesays.com\/fi\/wp-content\/uploads\/2026\/09\/f0629cdaf3f09edbddd9d15bae0e06ab5b44811cfc79eb7e63d42ae1fd60ebad.jpg\" alt=\"\"\/><img decoding=\"async\" class=\"image image-show\" src=\"https:\/\/www.europesays.com\/fi\/wp-content\/uploads\/2026\/09\/1788383949_141_f0629cdaf3f09edbddd9d15bae0e06ab5b44811cfc79eb7e63d42ae1fd60ebad.jpg\" alt=\"\"\/><\/p>\n<p>SDP:n eduskuntaryhm\u00e4n puheenjohtaja Tytti Tuppurainen (vasemmalla) sanoo kansanedustaja Miapetra Kumpula-Natrin Teknologiateollisuus-pestin kertovan, ett\u00e4 SDP:n eri teht\u00e4viss\u00e4 voidaan kerrytt\u00e4\u00e4 osaamista, josta suomalaiset yritykset voivat hy\u00f6ty\u00e4. Johannes Ij\u00e4s<\/p>\n<p class=\"paragraph\">SDP:n kansanedustajan <strong>Miapetra Kumpula-Natrin<\/strong> vapautuspyynn\u00f6n puoltaminen eduskunnasta hyv\u00e4ksyttiin keskiviikkona puhemiesneuvostossa yksimielisesti.<\/p>\n<p class=\"paragraph\">Tiistaina asian k\u00e4sittely <a href=\"https:\/\/www.eduskunta.fi\/asiat-ja-aanestykset\/valtiopaivaasiat\/asiakirjat\/edktunnus\/EDK-2026-AK-39940\" target=\"_blank\" rel=\"noopener nofollow\">oli viel\u00e4 j\u00e4\u00e4nyt p\u00f6yd\u00e4lle<\/a>. Tuolloin puhemiesneuvostossa oli esill\u00e4 Miapetra Kumpula-Natrin toimittama <a href=\"https:\/\/prd-datahub-documentstoragebucketb2177f8a-pstsdnek9aok.s3.eu-north-1.amazonaws.com\/EDUKSI\/DOCUMENT\/fi\/204DEEF5-FDBD-4B5E-8F80-D0AB0578A376.pdf?x-id=GetObject&amp;X-Amz-Algorithm=AWS4-HMAC-SHA256&amp;X-Amz-Credential=ASIAVRUVSIRHGJARWJX7%2F20260902%2Feu-north-1%2Fs3%2Faws4_request&amp;X-Amz-Date=20260902T165537Z&amp;X-Amz-Expires=300&amp;X-Amz-Security-Token=IQoJb3JpZ2luX2VjEAEaCmV1LW5vcnRoLTEiSDBGAiEApD6CsGjY9iWFV6%2BsiWjeXoWiWtWjpw4wU7xffilAhMsCIQC14F0HLyWwl5Psy2Ojz15fMtiOwHKOWzrtgh4r3FwLliq%2FBAjK%2F%2F%2F%2F%2F%2F%2F%2F%2F%2F8BEAAaDDM4MTQ5MjAyMDMwMiIM1RNH%2FUBBOvjxWLQnKpMEbG9UlxBZ7l0Q0LoUyKtLwd4GdlE1UisTSZ2YHNOHqMMdptxozO4y1NYgWgitqJfIQX9SWwGydxqvVGDtP5rZQrGa2f82xD1Sn6cZkL5rqbpATFjFn0L9Oj81fx8GY7yHfKLmkZS4ObpJSvMqyUrK8hu47g81onwEF%2BeQkVt0rIXCDDufICvWhCpldb%2B%2FKyhRvwAiu3jFD%2F0s7GVUQFhKumc8FgaOJFFuIDy%2BvD2GJNb%2FitUcbZgKjdyBw9KJfn4jt1KlaZzRR1T8e%2FJGXN4fDom%2BViQiNanXVKUoR8bdNbY%2FEMz2fYAN%2BXXEqpAM9E3%2F9hYVFDmKTIo%2F63yjUFBPwiemkoLFoqs1JxqaB0YyP7ll9ITLb4G5Z944hkNxV%2FqpPS48M%2Bj24PX059BxZnTAHE%2Fc546aihAF5E26SfrlZ5flAYSnDQLb8RHX9OeS%2B9%2FrqX1kXRSKtQmYjlqCGEr7shytv2xlHyCVzvejg9tXQTws0GCOsWnEXj1NGroPGGvDWHspBFt9cYrRhwIzeuxgKlJ7YUuCON%2FqR%2BQfhgCZ3u%2Fo39vl2nS28vzys0n7B95cOfFopyCux3%2FptZTzsj79D7PZhV6AEAzPlERED%2BTE6nK5sJyBMbCtpZfY8hW1nqbMF8gGxV0ajmy%2BLv9vrXMEi4Jjzh8KHosjPCA0jpd3qr9r4myi%2B2gWqc1ebYQUdYfkJH6GMN%2Bj4dQGOqUBdk8HZdSR4atalq%2BKBZXyMfkt4CkY%2FsOIoR77%2Br3zexiVNMnuZLay3hClhw98mhd%2B1LWTvrb11U5%2F5H9WIH1AXNy5AyqQTy2xkiAtGmt1ElNOMohu0%2FRU6nbqm53nNzvJt5duMJ0GqRJdLhs4l%2B9vG8E13O7e8cqx28CqmJIhSEaG3rxeSnlIEI3i5gCuaGrJKPFZhw0rW%2FrZR8I%2B2Hrk%2FseYpW9n&amp;X-Amz-SignedHeaders=host&amp;X-Amz-Signature=15749e611302066c79647cee5a6c16dc7ba6f4c52338f682af1e9e933898e8ef\" target=\"_blank\" rel=\"noopener nofollow\">t\u00e4ydennys<\/a> vapautuspyynt\u00f6\u00f6n sek\u00e4 professori <strong>Veli-Pekka Viljasen<\/strong> <a href=\"https:\/\/prd-datahub-documentstoragebucketb2177f8a-pstsdnek9aok.s3.eu-north-1.amazonaws.com\/EDUKSI\/DOCUMENT\/fi\/45081BA4-B365-4B4A-BE4F-86535E862ECD.pdf?x-id=GetObject&amp;X-Amz-Algorithm=AWS4-HMAC-SHA256&amp;X-Amz-Credential=ASIAVRUVSIRHGJARWJX7%2F20260902%2Feu-north-1%2Fs3%2Faws4_request&amp;X-Amz-Date=20260902T165740Z&amp;X-Amz-Expires=300&amp;X-Amz-Security-Token=IQoJb3JpZ2luX2VjEAEaCmV1LW5vcnRoLTEiSDBGAiEApD6CsGjY9iWFV6%2BsiWjeXoWiWtWjpw4wU7xffilAhMsCIQC14F0HLyWwl5Psy2Ojz15fMtiOwHKOWzrtgh4r3FwLliq%2FBAjK%2F%2F%2F%2F%2F%2F%2F%2F%2F%2F8BEAAaDDM4MTQ5MjAyMDMwMiIM1RNH%2FUBBOvjxWLQnKpMEbG9UlxBZ7l0Q0LoUyKtLwd4GdlE1UisTSZ2YHNOHqMMdptxozO4y1NYgWgitqJfIQX9SWwGydxqvVGDtP5rZQrGa2f82xD1Sn6cZkL5rqbpATFjFn0L9Oj81fx8GY7yHfKLmkZS4ObpJSvMqyUrK8hu47g81onwEF%2BeQkVt0rIXCDDufICvWhCpldb%2B%2FKyhRvwAiu3jFD%2F0s7GVUQFhKumc8FgaOJFFuIDy%2BvD2GJNb%2FitUcbZgKjdyBw9KJfn4jt1KlaZzRR1T8e%2FJGXN4fDom%2BViQiNanXVKUoR8bdNbY%2FEMz2fYAN%2BXXEqpAM9E3%2F9hYVFDmKTIo%2F63yjUFBPwiemkoLFoqs1JxqaB0YyP7ll9ITLb4G5Z944hkNxV%2FqpPS48M%2Bj24PX059BxZnTAHE%2Fc546aihAF5E26SfrlZ5flAYSnDQLb8RHX9OeS%2B9%2FrqX1kXRSKtQmYjlqCGEr7shytv2xlHyCVzvejg9tXQTws0GCOsWnEXj1NGroPGGvDWHspBFt9cYrRhwIzeuxgKlJ7YUuCON%2FqR%2BQfhgCZ3u%2Fo39vl2nS28vzys0n7B95cOfFopyCux3%2FptZTzsj79D7PZhV6AEAzPlERED%2BTE6nK5sJyBMbCtpZfY8hW1nqbMF8gGxV0ajmy%2BLv9vrXMEi4Jjzh8KHosjPCA0jpd3qr9r4myi%2B2gWqc1ebYQUdYfkJH6GMN%2Bj4dQGOqUBdk8HZdSR4atalq%2BKBZXyMfkt4CkY%2FsOIoR77%2Br3zexiVNMnuZLay3hClhw98mhd%2B1LWTvrb11U5%2F5H9WIH1AXNy5AyqQTy2xkiAtGmt1ElNOMohu0%2FRU6nbqm53nNzvJt5duMJ0GqRJdLhs4l%2B9vG8E13O7e8cqx28CqmJIhSEaG3rxeSnlIEI3i5gCuaGrJKPFZhw0rW%2FrZR8I%2B2Hrk%2FseYpW9n&amp;X-Amz-SignedHeaders=host&amp;X-Amz-Signature=786190119decf3a2d7eabdd57a844136580d15249ef17ba3f36c11b836aca08f\" target=\"_blank\" rel=\"noopener nofollow\">asiantuntijalausunto<\/a> vapautuksen my\u00f6nt\u00e4misest\u00e4 edustajantoimesta.<\/p>\n<p class=\"paragraph\">Ylim\u00e4\u00e4r\u00e4isten vaiheiden taustalla oli muun muassa se, ett\u00e4 eduskunnan puhemiehen <strong>Jussi Halla-ahon<\/strong> (ps) mukaan oli haluttu saada enemm\u00e4n tietoa Kumpula-Natrin mahdollisen tulevan teht\u00e4v\u00e4n luonteesta ja mink\u00e4 tasoinen teht\u00e4v\u00e4 on. Kumpula-Natri on l\u00e4hd\u00f6ss\u00e4 johtajaksi Teknologiateollisuuteen.<\/p>\n<p class=\"paragraph\">\u2013 Tulevassa teht\u00e4v\u00e4ss\u00e4ni olen Teknologiateollisuuden johtoryhm\u00e4n j\u00e4sen ja keskeisen yksik\u00f6n johtaja suoraan toimitusjohtajan alaisuudessa, Kumpula-Natri muun muassa kirjoittaa vapautuspyynn\u00f6n t\u00e4ydennyksess\u00e4\u00e4n.<\/p>\n<p class=\"paragraph\">Jussi Halla-aho kertoi hein\u00e4kuussa Iltalehdelle, ett\u00e4 Kumpula-Natrin vapautus ei ole l\u00e4pihuutojuttu. Asiaa oli k\u00e4sitelty alun perin puhemiesneuvostossa kes\u00e4kuussa.<\/p>\n<p class=\"paragraph\">Nyt siis puhemiesneuvosto p\u00e4\u00e4tyi siihen, ett\u00e4 <a href=\"https:\/\/www.eduskunta.fi\/asiat-ja-aanestykset\/valtiopaivaasiat\/asiakirjat\/edktunnus\/EDK-2026-AK-40392\" target=\"_blank\" rel=\"noopener nofollow\">se puoltaa<\/a> Kumpula-Natrin vapautuspyynt\u00f6\u00e4. T\u00e4ysistunto p\u00e4\u00e4tt\u00e4\u00e4 asiasta jo torstaina.<\/p>\n<p>Tuppurainen: \u201dOlisi ollut edellytykset\u201d<\/p>\n<p class=\"paragraph\"><a href=\"https:\/\/www.ksml.fi\/uutissuomalainen\/9759415\" target=\"_blank\" rel=\"noopener nofollow\">STT kertoo t\u00e4n\u00e4\u00e4n<\/a>, ett\u00e4 Halla-ahon mukaan puhemiesneuvosto totesi, ettei Kumpula-Natrin tapaus sijoitu kaikkein kyseenalaisimpaan p\u00e4\u00e4h\u00e4n eronpyynt\u00f6j\u00e4 eik\u00e4 vapautuspyynn\u00f6n hyv\u00e4ksyminen siten vesit\u00e4 puhemiesneuvoston tavoitetta nostaa kynnyst\u00e4 vapautuksen my\u00f6nt\u00e4miselle. Lis\u00e4ksi huomioon otettiin se, ett\u00e4 nyt on jo vaalikauden loppu.<\/p>\n<p>Tieto Kumpula-Natri vapautuspyynn\u00f6st\u00e4 tuli aikoinaan kes\u00e4ll\u00e4 puhemiesneuvoston kokousta edelt\u00e4v\u00e4n\u00e4 p\u00e4iv\u00e4n\u00e4. Puhemies Jussi Halla-aho (ps) totesi jo aikoinaan Iltalehdelle olleen selv\u00e4\u00e4, ett\u00e4 puhemiesneuvosto ei t\u00e4ll\u00e4 aikataululla asiaan reagoi. Eduskunta oli juuri j\u00e4\u00e4m\u00e4ss\u00e4 kes\u00e4tauolle. Kumpula-Natrin asiaan palattiin t\u00e4ll\u00e4 viikolla kes\u00e4tauon j\u00e4lkeen. Inka Soveri<\/p>\n<p class=\"paragraph\">SDP:n eduskuntaryhm\u00e4n puheenjohtaja <a href=\"https:\/\/www.iltalehti.fi\/henkilot\/Tytti Tuppurainen\" class=\"article-link-person-page\" rel=\"nofollow noopener\" target=\"_blank\">Tytti Tuppurainen<\/a> sanoi medialle eduskunnassa, ett\u00e4 Kumpula-Natri j\u00e4tt\u00e4\u00e4 SDP:n eduskuntaryhm\u00e4\u00e4n ison aukon.<\/p>\n<p class=\"paragraph\">\u2013 Samaan aikaan iloitsemme h\u00e4nen uudesta pestist\u00e4\u00e4n Teknologiateollisuudessa, Tuppurainen jatkoi ja muistutti my\u00f6s, ett\u00e4 Kumpula-Natri on tehnyt pitk\u00e4n parlamentaarisen uran.<\/p>\n<p class=\"paragraph\">H\u00e4nen mukaansa pesti kertoo siit\u00e4, ett\u00e4 SDP:n eri teht\u00e4viss\u00e4 voidaan kerrytt\u00e4\u00e4 osaamista, josta suomalaiset yritykset voivat hy\u00f6ty\u00e4.<\/p>\n<p class=\"paragraph\">Puhemiesneuvoston prosessista Tuppurainen sanoi, ett\u00e4 p\u00e4\u00e4asia on, ett\u00e4 ratkaisu syntyi.<\/p>\n<p class=\"paragraph\">\u2013 Olisi ollut edellytykset tehd\u00e4 p\u00e4\u00e4t\u00f6s jo eilen ja puhemies Halla-aho on itse paras arvioimaan sit\u00e4, mink\u00e4 takia t\u00e4m\u00e4 mietint\u00e4aika t\u00e4h\u00e4n viel\u00e4 tarvittiin. Joka tapauksessa p\u00e4\u00e4t\u00f6s on syntynyt ja t\u00e4ysistunto sitten ratkaisee asian huomenna, Tuppurainen sanoi toimittajille.<\/p>\n<p class=\"paragraph\">Tuppurainen ei itse ole puhemiesneuvoston j\u00e4sen.<\/p>\n<p>Rinne tilalle?<\/p>\n<p class=\"paragraph\">Media kysyi Kumpula-Natrilta, miten h\u00e4n koki sen, ett\u00e4 h\u00e4n joutui kaivamaan puhemiesneuvostolle lis\u00e4selvityst\u00e4 asiasta.<\/p>\n<p class=\"paragraph\">H\u00e4n sanoo olevansa isossa kuvassa sit\u00e4 mielt\u00e4, ett\u00e4 eduskunta ei ole hollitupa ja on hyv\u00e4, ett\u00e4 eduskunnassa on selke\u00e4t s\u00e4\u00e4nn\u00f6t.<\/p>\n<p class=\"paragraph\">\u2013 J\u00e4tin hakemukseni omalla harkinnallani, ett\u00e4 t\u00e4m\u00e4 t\u00e4ytt\u00e4\u00e4 hyv\u00e4ksytt\u00e4v\u00e4n syyn ja on merkitt\u00e4v\u00e4 yhteiskunnallinen teht\u00e4v\u00e4.<\/p>\n<p class=\"paragraph\">\u2013 Kiusallisia extrap\u00e4ivi\u00e4, mutta eip\u00e4 ne mit\u00e4\u00e4n k\u00e4yt\u00e4nn\u00f6ss\u00e4 muuta h\u00e4iritse, h\u00e4n kommentoi prosessin kestoa.<\/p>\n<p class=\"paragraph\">Kumpula-Natri sanoo arvostavansa \u201dsuomalaisen teollisuuden puolesta\u201d sit\u00e4, ett\u00e4 Halla-aho oli kommentoinut, ettei h\u00e4nen tapauksensa sijoitu kaikkein kyseenalaisimpaan p\u00e4\u00e4h\u00e4n eronpyynt\u00f6j\u00e4. H\u00e4n tuntuu ymm\u00e4rt\u00e4v\u00e4n my\u00f6s sit\u00e4, ett\u00e4 rajanvetoa vapautuspyynn\u00f6iss\u00e4 on vaikea tehd\u00e4.<\/p>\n<p class=\"paragraph\">Kumpula-Natri sanoo, ett\u00e4 eduskunta on h\u00e4nelle tuttu vuodesta 2000 alkaen, jolloin h\u00e4n toimi p\u00e4\u00e4ministeri <a href=\"https:\/\/www.iltalehti.fi\/henkilot\/Paavo Lipponen\" class=\"article-link-person-page\" rel=\"nofollow noopener\" target=\"_blank\">Paavo Lipposen<\/a> erityisavustajana.<\/p>\n<p class=\"paragraph\">Kumpula-Natri on hakenut vapautusta eduskunnan j\u00e4senyydest\u00e4 30. syyskuuta 2026 alkaen. Varasijalta eduskuntaan h\u00e4nen tilalleen olisi varasijalta nousemassa entinen p\u00e4\u00e4ministeri <strong>Antti Rinne<\/strong> (sd). Rinne ei kommentoinut Iltalehdelle tilannettaan.<\/p>\n","protected":false},"excerpt":{"rendered":"Kansanedustaja Miapetra Kumpula-Natri on l\u00e4hd\u00f6ss\u00e4 Teknologiateollisuuden palvelukseen. Lopullinen sinetti asialle on luvassa huomenna eduskunnan t\u00e4ysistunnossa. SDP:n eduskuntaryhm\u00e4n puheenjohtaja&hellip;\n","protected":false},"author":2,"featured_media":339874,"comment_status":"","ping_status":"","sticky":false,"template":"","format":"standard","meta":{"footnotes":"","_share_on_mastodon":"0"},"categories":[5],"tags":[35,22,23,26,27,33,31,30,17,24,25,28,29,15,18,21,637,886,888,885,887,32,19,20,16],"class_list":["post-339873","post","type-post","status-publish","format-standard","has-post-thumbnail","category-otsikot","tag-24h","tag-breaking-news","tag-breakingnews","tag-featured-news","tag-featurednews","tag-fi","tag-finland","tag-finnish","tag-headlines","tag-latest-news","tag-latestnews","tag-main-news","tag-mainnews","tag-news","tag-otsikot","tag-paauutiset","tag-politiikka","tag-puolueet","tag-suomalaiset-poliitikot","tag-suomen-poliittiset-puolueet","tag-suomen-politiikka","tag-suomi","tag-top-stories","tag-topstories","tag-uutiset"],"share_on_mastodon":{"url":"https:\/\/pubeurope.com\/@fi\/117203539014048112","error":""},"_links":{"self":[{"href":"https:\/\/www.europesays.com\/fi\/wp-json\/wp\/v2\/posts\/339873","targetHints":{"allow":["GET"]}}],"collection":[{"href":"https:\/\/www.europesays.com\/fi\/wp-json\/wp\/v2\/posts"}],"about":[{"href":"https:\/\/www.europesays.com\/fi\/wp-json\/wp\/v2\/types\/post"}],"author":[{"embeddable":true,"href":"https:\/\/www.europesays.com\/fi\/wp-json\/wp\/v2\/users\/2"}],"replies":[{"embeddable":true,"href":"https:\/\/www.europesays.com\/fi\/wp-json\/wp\/v2\/comments?post=339873"}],"version-history":[{"count":0,"href":"https:\/\/www.europesays.com\/fi\/wp-json\/wp\/v2\/posts\/339873\/revisions"}],"wp:featuredmedia":[{"embeddable":true,"href":"https:\/\/www.europesays.com\/fi\/wp-json\/wp\/v2\/media\/339874"}],"wp:attachment":[{"href":"https:\/\/www.europesays.com\/fi\/wp-json\/wp\/v2\/media?parent=339873"}],"wp:term":[{"taxonomy":"category","embeddable":true,"href":"https:\/\/www.europesays.com\/fi\/wp-json\/wp\/v2\/categories?post=339873"},{"taxonomy":"post_tag","embeddable":true,"href":"https:\/\/www.europesays.com\/fi\/wp-json\/wp\/v2\/tags?post=339873"}],"curies":[{"name":"wp","href":"https:\/\/api.w.org\/{rel}","templated":true}]}}