{"id":339885,"date":"2026-09-02T21:43:14","date_gmt":"2026-09-02T21:43:14","guid":{"rendered":"https:\/\/www.europesays.com\/fi\/339885\/"},"modified":"2026-09-02T21:43:14","modified_gmt":"2026-09-02T21:43:14","slug":"maltalainen-liikemies-vapautettiin-syytteista-toimittajan-murhatapauksessa-uutissuomalainen","status":"publish","type":"post","link":"https:\/\/www.europesays.com\/fi\/339885\/","title":{"rendered":"Maltalainen liikemies vapautettiin syytteist\u00e4 toimittajan murhatapauksessa | Uutissuomalainen"},"content":{"rendered":"<p>Maltalainen suurliikemies Yorgen Fenech on vapautettu toimittaja Daphne Caruana Galizian murhaan liittyvist\u00e4 syytteist\u00e4. Fenechi\u00e4 syytettiin Caruana Galizian surmanneen autopommi-iskun tilaamisesta vuonna 2017.<\/p>\n<p>Caruana Galizia oli jutuissaan paljastanut Maltalla rehottavaa korruptiota ja rahanpesua niin tehokkaasti, ett\u00e4 h\u00e4nt\u00e4 kuvailtiin &#8221;yhden naisen Wikileaksiksi&#8221;. H\u00e4nen murhansa her\u00e4tti laajaa kuohuntaa Maltalla ja muualla Euroopassa.<\/p>\n<p>Fenech otettiin kiinni purjeveneelt\u00e4\u00e4n vuonna 2019. H\u00e4n yritti l\u00e4hte\u00e4 Maltalta sen j\u00e4lkeen, kun yhdelle murhaan liittyv\u00e4lle ep\u00e4illylle oli tarjottu armahdusta muiden salaliittoon osallistuneiden paljastamisesta.<\/p>\n<p>Kaksi nelikymppist\u00e4 miest\u00e4 tuomittiin viime vuonna elinkautisiin vankeusrangaistuksiin Caruana Galizian tappaneen pommin toimittamisesta. Kolme muuta miest\u00e4 olivat aiemmin saaneet pitk\u00e4t tuomiot itse veriteosta.<\/p>\n","protected":false},"excerpt":{"rendered":"Maltalainen suurliikemies Yorgen Fenech on vapautettu toimittaja Daphne Caruana Galizian murhaan liittyvist\u00e4 syytteist\u00e4. Fenechi\u00e4 syytettiin Caruana Galizian surmanneen&hellip;\n","protected":false},"author":2,"featured_media":339886,"comment_status":"","ping_status":"","sticky":false,"template":"","format":"standard","meta":{"footnotes":"","_share_on_mastodon":"0"},"categories":[14],"tags":[820,22,23,26,27,33,31,30,17,39,53,24,25,28,29,1252,15,18,21,978,38,32,19,20,56,16,8170,59,60,61],"class_list":["post-339885","post","type-post","status-publish","format-standard","has-post-thumbnail","category-ulkomaat","tag-aseet","tag-breaking-news","tag-breakingnews","tag-featured-news","tag-featurednews","tag-fi","tag-finland","tag-finnish","tag-headlines","tag-henkirikos","tag-laki-oikeus-ja-rikos","tag-latest-news","tag-latestnews","tag-main-news","tag-mainnews","tag-murha","tag-news","tag-otsikot","tag-paauutiset","tag-rikoksen-teko","tag-rikos","tag-suomi","tag-top-stories","tag-topstories","tag-ulkomaat","tag-uutiset","tag-vankeus","tag-world","tag-world-news","tag-worldnews"],"share_on_mastodon":{"url":"https:\/\/pubeurope.com\/@fi\/117203632296526597","error":""},"_links":{"self":[{"href":"https:\/\/www.europesays.com\/fi\/wp-json\/wp\/v2\/posts\/339885","targetHints":{"allow":["GET"]}}],"collection":[{"href":"https:\/\/www.europesays.com\/fi\/wp-json\/wp\/v2\/posts"}],"about":[{"href":"https:\/\/www.europesays.com\/fi\/wp-json\/wp\/v2\/types\/post"}],"author":[{"embeddable":true,"href":"https:\/\/www.europesays.com\/fi\/wp-json\/wp\/v2\/users\/2"}],"replies":[{"embeddable":true,"href":"https:\/\/www.europesays.com\/fi\/wp-json\/wp\/v2\/comments?post=339885"}],"version-history":[{"count":0,"href":"https:\/\/www.europesays.com\/fi\/wp-json\/wp\/v2\/posts\/339885\/revisions"}],"wp:featuredmedia":[{"embeddable":true,"href":"https:\/\/www.europesays.com\/fi\/wp-json\/wp\/v2\/media\/339886"}],"wp:attachment":[{"href":"https:\/\/www.europesays.com\/fi\/wp-json\/wp\/v2\/media?parent=339885"}],"wp:term":[{"taxonomy":"category","embeddable":true,"href":"https:\/\/www.europesays.com\/fi\/wp-json\/wp\/v2\/categories?post=339885"},{"taxonomy":"post_tag","embeddable":true,"href":"https:\/\/www.europesays.com\/fi\/wp-json\/wp\/v2\/tags?post=339885"}],"curies":[{"name":"wp","href":"https:\/\/api.w.org\/{rel}","templated":true}]}}