{"id":339887,"date":"2026-09-02T21:44:10","date_gmt":"2026-09-02T21:44:10","guid":{"rendered":"https:\/\/www.europesays.com\/fi\/339887\/"},"modified":"2026-09-02T21:44:10","modified_gmt":"2026-09-02T21:44:10","slug":"27-vuotias-nainen-kadonnut-poliisi-pyytaa-apua","status":"publish","type":"post","link":"https:\/\/www.europesays.com\/fi\/339887\/","title":{"rendered":"27-vuotias nainen kadonnut, poliisi pyyt\u00e4\u00e4 apua"},"content":{"rendered":"<p>Kadonnut nainen on n\u00e4hty viimeksi tiistaina.<\/p>\n<p><img decoding=\"async\" class=\"image image-show image-preview\" src=\"https:\/\/www.europesays.com\/fi\/wp-content\/uploads\/2026\/09\/7cc3f9bc55cd714f7afb22ba754400ac8fbd1e3a02bd01b1d7480660d2a3f1a7.jpg\" alt=\"\"\/><img decoding=\"async\" class=\"image image-show\" src=\"https:\/\/www.europesays.com\/fi\/wp-content\/uploads\/2026\/09\/1788385450_528_7cc3f9bc55cd714f7afb22ba754400ac8fbd1e3a02bd01b1d7480660d2a3f1a7.jpg\" alt=\"\"\/><\/p>\n<p>Havaintoja kadonneesta voi ilmoittaa poliisin vihjepuhelimeen. Oulun poliisilaitos<\/p>\n<p class=\"paragraph\">27-vuotias nainen ilmoitettiin kadonneeksi keskiviikkona Kajaanissa, kertoo Oulun poliisilaitos. Nainen on n\u00e4hty viimeksi tiistaina Kajaanin keskustan l\u00e4hettyvill\u00e4.<\/p>\n<p class=\"paragraph\">Kadonnut on noin 170 senttimetri\u00e4 pitk\u00e4 ja h\u00e4nell\u00e4 on tummat hiukset. Naisella on katoamishetkell\u00e4 pukeutunut todenn\u00e4k\u00f6isesti tummiin housuihin, tummaan paitaan ja lenkkareihin<\/p>\n<p class=\"paragraph\">Havaintoja kadonneesta voi ilmoittaa poliisin vihjepuhelimeen numeroon 0295 416194.<\/p>\n","protected":false},"excerpt":{"rendered":"Kadonnut nainen on n\u00e4hty viimeksi tiistaina. Havaintoja kadonneesta voi ilmoittaa poliisin vihjepuhelimeen. Oulun poliisilaitos 27-vuotias nainen ilmoitettiin kadonneeksi&hellip;\n","protected":false},"author":2,"featured_media":339888,"comment_status":"","ping_status":"","sticky":false,"template":"","format":"standard","meta":{"footnotes":"","_share_on_mastodon":"0"},"categories":[12],"tags":[35,22,23,2110,26,27,33,31,30,17,55,24,25,28,29,15,18,21,122,54,103,32,19,20,16],"class_list":["post-339887","post","type-post","status-publish","format-standard","has-post-thumbnail","category-suomi","tag-24h","tag-breaking-news","tag-breakingnews","tag-elamantapa-ja-vapaa-aika","tag-featured-news","tag-featurednews","tag-fi","tag-finland","tag-finnish","tag-headlines","tag-lainvalvonta","tag-latest-news","tag-latestnews","tag-main-news","tag-mainnews","tag-news","tag-otsikot","tag-paauutiset","tag-pelastaminen","tag-pelastuspalvelut","tag-sosiaalikysymykset","tag-suomi","tag-top-stories","tag-topstories","tag-uutiset"],"share_on_mastodon":{"url":"","error":""},"_links":{"self":[{"href":"https:\/\/www.europesays.com\/fi\/wp-json\/wp\/v2\/posts\/339887","targetHints":{"allow":["GET"]}}],"collection":[{"href":"https:\/\/www.europesays.com\/fi\/wp-json\/wp\/v2\/posts"}],"about":[{"href":"https:\/\/www.europesays.com\/fi\/wp-json\/wp\/v2\/types\/post"}],"author":[{"embeddable":true,"href":"https:\/\/www.europesays.com\/fi\/wp-json\/wp\/v2\/users\/2"}],"replies":[{"embeddable":true,"href":"https:\/\/www.europesays.com\/fi\/wp-json\/wp\/v2\/comments?post=339887"}],"version-history":[{"count":0,"href":"https:\/\/www.europesays.com\/fi\/wp-json\/wp\/v2\/posts\/339887\/revisions"}],"wp:featuredmedia":[{"embeddable":true,"href":"https:\/\/www.europesays.com\/fi\/wp-json\/wp\/v2\/media\/339888"}],"wp:attachment":[{"href":"https:\/\/www.europesays.com\/fi\/wp-json\/wp\/v2\/media?parent=339887"}],"wp:term":[{"taxonomy":"category","embeddable":true,"href":"https:\/\/www.europesays.com\/fi\/wp-json\/wp\/v2\/categories?post=339887"},{"taxonomy":"post_tag","embeddable":true,"href":"https:\/\/www.europesays.com\/fi\/wp-json\/wp\/v2\/tags?post=339887"}],"curies":[{"name":"wp","href":"https:\/\/api.w.org\/{rel}","templated":true}]}}