{"id":339889,"date":"2026-09-02T21:45:14","date_gmt":"2026-09-02T21:45:14","guid":{"rendered":"https:\/\/www.europesays.com\/fi\/339889\/"},"modified":"2026-09-02T21:45:14","modified_gmt":"2026-09-02T21:45:14","slug":"hairikot-piinaavat-ihmisia-ita-helsingissa-paikallinen-seura-pyysi-apua","status":"publish","type":"post","link":"https:\/\/www.europesays.com\/fi\/339889\/","title":{"rendered":"H\u00e4irik\u00f6t piinaavat ihmisi\u00e4 It\u00e4-Helsingiss\u00e4 \u2013 paikallinen seura pyysi apua"},"content":{"rendered":"<p class=\"article-body mb-(--paragraph-margin-b) px-nof-16\">It\u00e4helsinkil\u00e4inen Puotinkyl\u00e4n Valtti julkaisi sosiaalisessa mediassa tiistaina tiedotteen, jossa se pyyt\u00e4\u00e4 silminn\u00e4kij\u00f6ilt\u00e4 tunnistusapua kiusalliseen ongelmaan.<\/p>\n<p class=\"article-body mb-(--paragraph-margin-b) px-nof-16\">Seuran kotikent\u00e4n Hartwall Sport Areenan ymp\u00e4rist\u00f6ss\u00e4 Puotilassa on liikkunut joukko nuoria, jotka ovat heitelleet ihmisi\u00e4 vedell\u00e4 t\u00e4ytetyill\u00e4 ilmapalloilla.<\/p>\n<p class=\"article-body mb-(--paragraph-margin-b) px-nof-16\">Seura tiedotti saaneensa useita ilmoituksia h\u00e4irinn\u00e4st\u00e4. H\u00e4irik\u00f6t eiv\u00e4t v\u00e4ltt\u00e4m\u00e4tt\u00e4 ole Valtin j\u00e4seni\u00e4, mutta seura haluaa saada heid\u00e4t tunnistettua ja my\u00f6s est\u00e4\u00e4 vastaavan h\u00e4irik\u00f6innin jatkossa.<\/p>\n<p class=\"article-body mb-(--paragraph-margin-b) px-nof-16\">\u201dH\u00e4irinn\u00e4lle ei ole tilaa yhteis\u00f6ss\u00e4mme\u201d, seura totesi <a class=\"underline underline-offset-[0.12em] [text-decoration-thickness:var(--generic-link-underline-thickness)] [text-decoration-color:var(--generic-link-underline-color)] [text-decoration-skip-ink:var(--generic-link-underline-skip-ink)] break-words\" href=\"https:\/\/www.valtti1946.fi\/valtti-1946-tiedottaa\/\" rel=\"nofollow noopener\" target=\"_blank\">tiedotteessaan<\/a>, jossa viesti oli sek\u00e4 suomeksi ett\u00e4 englanniksi.<\/p>\n<p class=\"article-body mb-(--paragraph-margin-b) px-nof-16\">Valtin puheenjohtaja <a class=\"font-bold underline-offset-[0.12em] [text-decoration:var(--person-link-text-decoration)] [text-decoration-color:var(--person-link-text-decoration-color)]!\" href=\"https:\/\/www.hs.fi\/haku\/?query=Panu%20Kostamoinen\" rel=\"nofollow noopener\" target=\"_blank\">Panu Kostamoinen<\/a> sanoi toimitukselle keskiviikkona iltap\u00e4iv\u00e4ll\u00e4, ettei h\u00e4irik\u00f6iden tunnistamiseen liittyvi\u00e4 yhteydenottoja ollut viel\u00e4 tullut.<\/p>\n<p class=\"article-body mb-(--paragraph-margin-b) px-nof-16\">Vesi-ilmapallojen heittely\u00e4 kent\u00e4n liepeill\u00e4 n\u00e4htiin suunnilleen kahden viikon ajanjaksolla.<\/p>\n<p class=\"article-body mb-(--paragraph-margin-b) px-nof-16\">\u201dOn viestitetty, ett\u00e4 vesi-ilmapalloja on heitelty p\u00e4in katsojia ja kent\u00e4n laidalla olleita vanhempia\u201d, Kostamoinen kertoi.<\/p>\n<p class=\"article-body mb-(--paragraph-margin-b) px-nof-16\">Palloja on heitelty tiett\u00e4v\u00e4sti my\u00f6s kentt\u00e4alueen ulkopuolella.<\/p>\n<p class=\"article-body mb-(--paragraph-margin-b) px-nof-16\">Valtti on yritt\u00e4nyt tunnistaa vesi-ilmapallojen heittelij\u00e4t valvontakameroiden avulla, mutta se ei ole ainakaan viel\u00e4 onnistunut.<\/p>\n<p class=\"article-body mb-(--paragraph-margin-b) px-nof-16\">Kostamoisen mukaan seura tiet\u00e4\u00e4 sen verran, ett\u00e4 h\u00e4irik\u00f6t ovat olleet nuoria poikia.<\/p>\n<p class=\"article-body mb-(--paragraph-margin-b) px-nof-16\">\u201dToivottavasti t\u00e4m\u00e4 on ollut poikien tilap\u00e4inen h\u00e4iri\u00f6, sellainen p\u00e4\u00e4h\u00e4npisto. Toivomme my\u00f6s, ett\u00e4 seuramme viesti rauhoittaa ymp\u00e4rist\u00f6\u00e4.\u201d<\/p>\n<p class=\"article-body mb-(--paragraph-margin-b) px-nof-16\">Vuonna 1946 perustettu Valtti t\u00e4ytti viikonloppuna 80 vuotta.<\/p>\n<p class=\"article-body mb-(--paragraph-margin-b) px-nof-16\">Se on koko Suomenkin mittakaavassa suuri jalkapallon junioriseura. Valtilla on puheenjohtajan mukaan yhteens\u00e4 noin 1\u202f500 j\u00e4sent\u00e4, joista suurin osa junioreita.<\/p>\n<p class=\"article-body mb-(--paragraph-margin-b) px-nof-16\">Seura toimii my\u00f6s aikuisten ja ik\u00e4miesten tasolla.<\/p>\n<p><img decoding=\"async\" src=\"https:\/\/www.europesays.com\/fi\/wp-content\/uploads\/2026\/09\/1788385513_539_468.jpg\" alt=\"Puotinkyl\u00e4n Valtin kotikent\u00e4n ymp\u00e4rist\u00f6ss\u00e4 It\u00e4-Helsingiss\u00e4 on esiintynyt h\u00e4iri\u00f6k\u00e4ytt\u00e4ytymist\u00e4.\" class=\"_Img_1rerz_1\" style=\"aspect-ratio:1920\/1440\" loading=\"eager\"\/><\/p>\n<p class=\"font-(family-name:--picture-caption-font-family) text-(length:--picture-caption-font-size) leading-(--picture-caption-leading) font-(--picture-caption-font-weight) text-(color:--picture-caption-color) picture-with-caption__caption picture-with-caption__caption--default-full\">Puotinkyl\u00e4n Valtin kotikent\u00e4n ymp\u00e4rist\u00f6ss\u00e4 It\u00e4-Helsingiss\u00e4 on esiintynyt h\u00e4iri\u00f6k\u00e4ytt\u00e4ytymist\u00e4. Kuva:\u00a0Mikko Knuuttila \/ IS<\/p>\n","protected":false},"excerpt":{"rendered":"It\u00e4helsinkil\u00e4inen Puotinkyl\u00e4n Valtti julkaisi sosiaalisessa mediassa tiistaina tiedotteen, jossa se pyyt\u00e4\u00e4 silminn\u00e4kij\u00f6ilt\u00e4 tunnistusapua kiusalliseen ongelmaan. Seuran kotikent\u00e4n Hartwall&hellip;\n","protected":false},"author":2,"featured_media":339890,"comment_status":"","ping_status":"","sticky":false,"template":"","format":"standard","meta":{"footnotes":"","_share_on_mastodon":"0"},"categories":[5],"tags":[22,23,26,27,33,31,30,17,46,24,25,28,29,15,18,21,32,19,20,16],"class_list":["post-339889","post","type-post","status-publish","format-standard","has-post-thumbnail","category-otsikot","tag-breaking-news","tag-breakingnews","tag-featured-news","tag-featurednews","tag-fi","tag-finland","tag-finnish","tag-headlines","tag-helsingin-sanomat","tag-latest-news","tag-latestnews","tag-main-news","tag-mainnews","tag-news","tag-otsikot","tag-paauutiset","tag-suomi","tag-top-stories","tag-topstories","tag-uutiset"],"share_on_mastodon":{"url":"https:\/\/pubeurope.com\/@fi\/117203640936007253","error":""},"_links":{"self":[{"href":"https:\/\/www.europesays.com\/fi\/wp-json\/wp\/v2\/posts\/339889","targetHints":{"allow":["GET"]}}],"collection":[{"href":"https:\/\/www.europesays.com\/fi\/wp-json\/wp\/v2\/posts"}],"about":[{"href":"https:\/\/www.europesays.com\/fi\/wp-json\/wp\/v2\/types\/post"}],"author":[{"embeddable":true,"href":"https:\/\/www.europesays.com\/fi\/wp-json\/wp\/v2\/users\/2"}],"replies":[{"embeddable":true,"href":"https:\/\/www.europesays.com\/fi\/wp-json\/wp\/v2\/comments?post=339889"}],"version-history":[{"count":0,"href":"https:\/\/www.europesays.com\/fi\/wp-json\/wp\/v2\/posts\/339889\/revisions"}],"wp:featuredmedia":[{"embeddable":true,"href":"https:\/\/www.europesays.com\/fi\/wp-json\/wp\/v2\/media\/339890"}],"wp:attachment":[{"href":"https:\/\/www.europesays.com\/fi\/wp-json\/wp\/v2\/media?parent=339889"}],"wp:term":[{"taxonomy":"category","embeddable":true,"href":"https:\/\/www.europesays.com\/fi\/wp-json\/wp\/v2\/categories?post=339889"},{"taxonomy":"post_tag","embeddable":true,"href":"https:\/\/www.europesays.com\/fi\/wp-json\/wp\/v2\/tags?post=339889"}],"curies":[{"name":"wp","href":"https:\/\/api.w.org\/{rel}","templated":true}]}}