{"id":339895,"date":"2026-09-02T22:05:11","date_gmt":"2026-09-02T22:05:11","guid":{"rendered":"https:\/\/www.europesays.com\/fi\/339895\/"},"modified":"2026-09-02T22:05:11","modified_gmt":"2026-09-02T22:05:11","slug":"lahde-rallin-mm-sarjasta-jattiuutinen","status":"publish","type":"post","link":"https:\/\/www.europesays.com\/fi\/339895\/","title":{"rendered":"L\u00e4hde: Rallin MM-sarjasta j\u00e4ttiuutinen"},"content":{"rendered":"<p>Rallin MM-sarja saattaa kokea muutoksia \u2013 ainakin hetkeksi.<\/p>\n<p><img decoding=\"async\" class=\"image image-show image-preview\" src=\"https:\/\/www.europesays.com\/fi\/wp-content\/uploads\/2026\/09\/c5efb29082ed427c196a06fbc4a059c8f5268bc41c1cdf7f34cbf6557b977d08.jpg\" alt=\"\"\/><img decoding=\"async\" class=\"image image-show\" src=\"https:\/\/www.europesays.com\/fi\/wp-content\/uploads\/2026\/09\/1788386711_38_c5efb29082ed427c196a06fbc4a059c8f5268bc41c1cdf7f34cbf6557b977d08.jpg\" alt=\"\"\/><\/p>\n<p>Thierry Neuville saattaa ajaa ensi kaudella Rally2-autolla. EPA \/ AOP<\/p>\n<p class=\"paragraph\">Hyundai vet\u00e4ytyy rallin MM-sarjasta eli WRC:st\u00e4, kertoo espanjalaislehti <a href=\"https:\/\/as.com\/motor\/mas_motor\/hyundai-cierra-el-kiosko-hasta-2029-f202608-n\/?ssm=TW_CC&amp;gsid=f82ae132-b06b-42a7-8bd2-e3eaed96a896\" rel=\"noopener nofollow\" target=\"_blank\">AS<\/a>.<\/p>\n<p class=\"paragraph\">Talli aikoo kuitenkin jatkaa WRC2-luokassa ja suunnitella ja tutkia omaa ohjelmaansa ennen kuin palaa takaisin rallin kuninkuusluokkaan.<\/p>\n<p class=\"paragraph\">Hyundai ei ole AS:n tietojen mukaan testannut autoaan uusien, ensi kaudella voimaan astuvien s\u00e4\u00e4nt\u00f6jen mukaisesti, kun taas kilpailija Toyota on.<\/p>\n<p class=\"paragraph\">AS:n mukaan Hyundai palaa WRC-luokkaan vuonna 2029, jolloin korealaisvalmistajan on m\u00e4\u00e4r\u00e4 esitell\u00e4 uusi Hyundai i20.<\/p>\n<p class=\"paragraph\">Hyundai saattaa osallistua ensi kaudella joihinkin MM-ralleihin Rally2-autolla. Lehden mukaan tallin kuljettajina toimivat <strong>Thierry Neuville<\/strong> ja <strong>Adrien Fourmaux<\/strong>.<\/p>\n","protected":false},"excerpt":{"rendered":"Rallin MM-sarja saattaa kokea muutoksia \u2013 ainakin hetkeksi. Thierry Neuville saattaa ajaa ensi kaudella Rally2-autolla. EPA \/ AOP&hellip;\n","protected":false},"author":2,"featured_media":339896,"comment_status":"","ping_status":"","sticky":false,"template":"","format":"standard","meta":{"footnotes":"","_share_on_mastodon":"0"},"categories":[158],"tags":[35,648,33,31,30,2763,121,1048,159,32,128,160],"class_list":["post-339895","post","type-post","status-publish","format-standard","has-post-thumbnail","category-urheilu","tag-24h","tag-autot","tag-fi","tag-finland","tag-finnish","tag-kulkuneuvojen-valmistus","tag-liikenne-ja-kuljetus","tag-maakulkuneuvot","tag-sports","tag-suomi","tag-tieliikenne","tag-urheilu"],"share_on_mastodon":{"url":"https:\/\/pubeurope.com\/@fi\/117203719801035586","error":""},"_links":{"self":[{"href":"https:\/\/www.europesays.com\/fi\/wp-json\/wp\/v2\/posts\/339895","targetHints":{"allow":["GET"]}}],"collection":[{"href":"https:\/\/www.europesays.com\/fi\/wp-json\/wp\/v2\/posts"}],"about":[{"href":"https:\/\/www.europesays.com\/fi\/wp-json\/wp\/v2\/types\/post"}],"author":[{"embeddable":true,"href":"https:\/\/www.europesays.com\/fi\/wp-json\/wp\/v2\/users\/2"}],"replies":[{"embeddable":true,"href":"https:\/\/www.europesays.com\/fi\/wp-json\/wp\/v2\/comments?post=339895"}],"version-history":[{"count":0,"href":"https:\/\/www.europesays.com\/fi\/wp-json\/wp\/v2\/posts\/339895\/revisions"}],"wp:featuredmedia":[{"embeddable":true,"href":"https:\/\/www.europesays.com\/fi\/wp-json\/wp\/v2\/media\/339896"}],"wp:attachment":[{"href":"https:\/\/www.europesays.com\/fi\/wp-json\/wp\/v2\/media?parent=339895"}],"wp:term":[{"taxonomy":"category","embeddable":true,"href":"https:\/\/www.europesays.com\/fi\/wp-json\/wp\/v2\/categories?post=339895"},{"taxonomy":"post_tag","embeddable":true,"href":"https:\/\/www.europesays.com\/fi\/wp-json\/wp\/v2\/tags?post=339895"}],"curies":[{"name":"wp","href":"https:\/\/api.w.org\/{rel}","templated":true}]}}