{"id":339903,"date":"2026-09-02T22:11:13","date_gmt":"2026-09-02T22:11:13","guid":{"rendered":"https:\/\/www.europesays.com\/fi\/339903\/"},"modified":"2026-09-02T22:11:13","modified_gmt":"2026-09-02T22:11:13","slug":"karoliina-partaselta-suora-sivallus-riikka-purralle-halpa-selitys","status":"publish","type":"post","link":"https:\/\/www.europesays.com\/fi\/339903\/","title":{"rendered":"Karoliina Partaselta suora sivallus Riikka Purralle \u2013 \u201dHalpa selitys\u201d"},"content":{"rendered":"<p>Perussuomalaisten puheet somekiellosta nostattavat \u00e4rsytyst\u00e4 kokoomuksessa. Nyt ministeri Partanen n\u00e4p\u00e4ytt\u00e4\u00e4 suoraan Purran selityst\u00e4. <\/p>\n<p class=\"paragraph\">Kokoomuksen ajama sosiaalisen median kielto alle 15-vuotiaille kaatui tiistain budjettiriihess\u00e4, kun perussuomalaiset ei suostunut asiaa edist\u00e4m\u00e4\u00e4n.<\/p>\n<p class=\"paragraph\">Somekieltoa ajava kokoomus oli luonnostellut somekiellosta valmiiksi pyk\u00e4l\u00e4luonnoksen, jota se esitteli riihess\u00e4 neuvottelijoille. Iltalehden tietojen mukaan kokoomuksesta ilmaistiin perussuomalaisille, ett\u00e4 puolueella on valmius keskustella my\u00f6s pyk\u00e4lien sis\u00e4ll\u00f6st\u00e4.<\/p>\n<p class=\"paragraph\">Iltalehden n\u00e4kem\u00e4ss\u00e4 pyk\u00e4l\u00e4luonnoksessa todetaan yksinkertaisesti, ett\u00e4 alle 15-vuotias ei saa k\u00e4ytt\u00e4\u00e4 sosiaalista mediaa. Pyk\u00e4l\u00e4luonnoksen mukaan lapsen huoltajan on valvottava sosiaalisen median ik\u00e4rajan noudattamista.<\/p>\n<p><img decoding=\"async\" class=\"image image-show image-preview\" src=\"https:\/\/www.europesays.com\/fi\/wp-content\/uploads\/2026\/09\/76e48dde4759bd260ecc95f3b87302ec4dd0a52e7ba57d07dfb92db4c5b21f15.jpg\" alt=\"\"\/><img decoding=\"async\" class=\"image image-show\" src=\"https:\/\/www.europesays.com\/fi\/wp-content\/uploads\/2026\/09\/1788387073_50_76e48dde4759bd260ecc95f3b87302ec4dd0a52e7ba57d07dfb92db4c5b21f15.jpg\" alt=\"\"\/><\/p>\n<p>Sosiaaliturvaministeri Karoliina Partanen on ajanut somekieltoa voimakkaasti.  Timur Yilmaz<\/p>\n<p class=\"paragraph\">Pyk\u00e4l\u00e4luonnoksessa kirjoitetaan my\u00f6s seuraavasti: Lasten ja perheiden kanssa toimivien viranomaisten on ohjattava ja tarvittaessa tuettava huoltajia 4 \u00a7:ss\u00e4 tarkoitetun ik\u00e4rajavalvonnan toteuttamisessa. Terveyden ja hyvinvoinnin laitos, Opetushallitus ja Taide- ja kulttuurivirasto ohjaavat ja tukevat asiantuntemuksellaan lasten ja perheiden kanssa toimivia muita viranomaisia, vanhempia, huoltajia, lapsia sek\u00e4 muita lasten kanssa toimivia tahoja sosiaalisen median aiheuttamien haittojen torjumisessa sek\u00e4 t\u00e4ss\u00e4 laissa s\u00e4\u00e4dettyjen velvoitteiden ja vastuiden noudattamisessa.<\/p>\n<p>Purra: \u201dEmme vastusta somekieltoa\u201d<\/p>\n<p class=\"paragraph\">Iltalehden tietojen mukaan kokoomuksessa n\u00e4hd\u00e4\u00e4n, ett\u00e4 perussuomalaiset vastusti sosiaalisen median lakis\u00e4\u00e4teist\u00e4 ik\u00e4rajaa periaatteellisesti. Perussuomalaisten puheenjohtaja, valtiovarainministeri <a href=\"https:\/\/www.iltalehti.fi\/henkilot\/Riikka Purra\" class=\"article-link-person-page\" rel=\"nofollow noopener\" target=\"_blank\">Riikka Purra<\/a> sanoi tiistai-iltana budjettiriihen tiedotustilaisuudessa, ettei perussuomalaiset vastusta somekieltoa.<\/p>\n<p class=\"paragraph\">\u2013 Me emme vastusta somekieltoa nuorille, vaan ainoastaan emme p\u00e4\u00e4sseet yhteisymm\u00e4rrykseen siit\u00e4, miten t\u00e4m\u00e4 tehd\u00e4\u00e4n. Meill\u00e4h\u00e4n ei ole mit\u00e4\u00e4n varsinaista esityst\u00e4 tai muuta mahdollisuutta ollut edes k\u00e4sitell\u00e4 miss\u00e4\u00e4n muussa yhteydess\u00e4, Purra sanoi.<\/p>\n<p class=\"paragraph\">\u2013 Kannattaa tehd\u00e4 sellaisia toimia, jotka menev\u00e4t perustuslakiprosessista l\u00e4pi eiv\u00e4tk\u00e4 ole pelk\u00e4st\u00e4\u00e4n kauniita ajatuksia, h\u00e4n kuittasi my\u00f6hemmin.<\/p>\n<p>Riikka Purra puhui tiedotustilaisuudessa k\u00e4nnykk\u00e4kiellon puolesta.  Atte Kajova<\/p>\n<p class=\"paragraph\">Kokoomuksen puheenjohtaja, p\u00e4\u00e4ministeri <a href=\"https:\/\/www.iltalehti.fi\/henkilot\/Petteri Orpo\" class=\"article-link-person-page\" rel=\"nofollow noopener\" target=\"_blank\">Petteri Orpo<\/a> oli tiistai-iltana somekiellon osalta edelleen toiveikas ja sanoi, ett\u00e4 keskustelut asiasta jatkuvat.<\/p>\n<p class=\"paragraph\">Iltalehti tavoitti keskiviikkona eduskunnasta somekieltoa ajaneen sosiaaliturvaministeri <a href=\"https:\/\/www.iltalehti.fi\/henkilot\/Karoliina Partanen\" class=\"article-link-person-page\" rel=\"nofollow noopener\" target=\"_blank\">Karoliina Partasen<\/a> (kok), jonka mukaan kokoomus on valmis edist\u00e4m\u00e4\u00e4n asiaa edelleen, mutta perussuomalaiset ei t\u00e4h\u00e4n suostu.<\/p>\n<p class=\"paragraph\">\u2013 Se on tietenkin todella surullinen asia, jos miettii sit\u00e4, ett\u00e4 poliisit, muutkin viranomaiset ja erityisesti lasten vanhemmat koko ajan enenev\u00e4ss\u00e4 m\u00e4\u00e4rin kertovat, ett\u00e4 he tarvitsisivat apua. Lapset joutuvat seksuaalirikosten uhreiksi, groomauksen uhreiksi sosiaalisessa mediassa, Partanen sanoi.<\/p>\n<p class=\"paragraph\">\u2013 Kyll\u00e4 meill\u00e4 olisi keinoja ennaltaehk\u00e4ist\u00e4 n\u00e4it\u00e4 rikoksia, mutta tahtoa ei tunnu olevan, ministeri jatkoi.<\/p>\n<p>Suora kuitti Purralle<\/p>\n<p class=\"paragraph\">Partasen mukaan somekiellosta on neuvoteltu pitkin kes\u00e4\u00e4 ministeri\u00f6ss\u00e4, k\u00e4yty asiaa ministeriryhm\u00e4ss\u00e4 l\u00e4pi ja neuvoteltu erityisavustajien kanssa.<\/p>\n<p class=\"paragraph\">\u2013 K\u00e4vimme viel\u00e4 kertaalleen l\u00e4pi sit\u00e4, mink\u00e4 sis\u00e4lt\u00f6inen ihan pyk\u00e4l\u00e4tasolla se esitys olisi.<\/p>\n<p class=\"paragraph\">Purra nosti tiistaina esille Ranskan, jossa perustuslakineuvosto hylk\u00e4si sosiaalisen median kiellon alle 15-vuotiailta.<\/p>\n<p class=\"paragraph\">Partasen mukaan kokoomuksen malli on erilainen kuin Ranskassa, Ranskan perustuslaki on erilainen ja sit\u00e4 arvioidaan erilaisissa menettelyiss\u00e4 kuin Ranskassa.<\/p>\n<p class=\"paragraph\">\u2013 T\u00e4m\u00e4 Ranska-esimerkki ei miss\u00e4\u00e4n nimess\u00e4 est\u00e4 Suomea toimimasta, ja se on oikeastaan vain halpa selitys sille, ett\u00e4 ei haluta edist\u00e4\u00e4 asiaa, Partanen sanoo.<\/p>\n","protected":false},"excerpt":{"rendered":"Perussuomalaisten puheet somekiellosta nostattavat \u00e4rsytyst\u00e4 kokoomuksessa. Nyt ministeri Partanen n\u00e4p\u00e4ytt\u00e4\u00e4 suoraan Purran selityst\u00e4. Kokoomuksen ajama sosiaalisen median kielto&hellip;\n","protected":false},"author":2,"featured_media":339904,"comment_status":"","ping_status":"","sticky":false,"template":"","format":"standard","meta":{"footnotes":"","_share_on_mastodon":"0"},"categories":[12],"tags":[35,22,23,26,27,33,31,30,17,24,25,28,29,15,18,21,637,886,888,885,887,32,19,20,16],"class_list":["post-339903","post","type-post","status-publish","format-standard","has-post-thumbnail","category-suomi","tag-24h","tag-breaking-news","tag-breakingnews","tag-featured-news","tag-featurednews","tag-fi","tag-finland","tag-finnish","tag-headlines","tag-latest-news","tag-latestnews","tag-main-news","tag-mainnews","tag-news","tag-otsikot","tag-paauutiset","tag-politiikka","tag-puolueet","tag-suomalaiset-poliitikot","tag-suomen-poliittiset-puolueet","tag-suomen-politiikka","tag-suomi","tag-top-stories","tag-topstories","tag-uutiset"],"share_on_mastodon":{"url":"https:\/\/pubeurope.com\/@fi\/117203743105311427","error":""},"_links":{"self":[{"href":"https:\/\/www.europesays.com\/fi\/wp-json\/wp\/v2\/posts\/339903","targetHints":{"allow":["GET"]}}],"collection":[{"href":"https:\/\/www.europesays.com\/fi\/wp-json\/wp\/v2\/posts"}],"about":[{"href":"https:\/\/www.europesays.com\/fi\/wp-json\/wp\/v2\/types\/post"}],"author":[{"embeddable":true,"href":"https:\/\/www.europesays.com\/fi\/wp-json\/wp\/v2\/users\/2"}],"replies":[{"embeddable":true,"href":"https:\/\/www.europesays.com\/fi\/wp-json\/wp\/v2\/comments?post=339903"}],"version-history":[{"count":0,"href":"https:\/\/www.europesays.com\/fi\/wp-json\/wp\/v2\/posts\/339903\/revisions"}],"wp:featuredmedia":[{"embeddable":true,"href":"https:\/\/www.europesays.com\/fi\/wp-json\/wp\/v2\/media\/339904"}],"wp:attachment":[{"href":"https:\/\/www.europesays.com\/fi\/wp-json\/wp\/v2\/media?parent=339903"}],"wp:term":[{"taxonomy":"category","embeddable":true,"href":"https:\/\/www.europesays.com\/fi\/wp-json\/wp\/v2\/categories?post=339903"},{"taxonomy":"post_tag","embeddable":true,"href":"https:\/\/www.europesays.com\/fi\/wp-json\/wp\/v2\/tags?post=339903"}],"curies":[{"name":"wp","href":"https:\/\/api.w.org\/{rel}","templated":true}]}}