{"id":339929,"date":"2026-09-02T22:57:13","date_gmt":"2026-09-02T22:57:13","guid":{"rendered":"https:\/\/www.europesays.com\/fi\/339929\/"},"modified":"2026-09-02T22:57:13","modified_gmt":"2026-09-02T22:57:13","slug":"piskuinen-hpk-tyrkkasi-jokerien-miljoonamiehiston-ulos-sm-liigasta-vuosien-inho-purkautui","status":"publish","type":"post","link":"https:\/\/www.europesays.com\/fi\/339929\/","title":{"rendered":"Piskuinen HPK tyrkk\u00e4si Jokerien miljoonamiehist\u00f6n ulos SM-liigasta \u2013 \u201dVuosien inho purkautui\u201d"},"content":{"rendered":"<p>Jokerit pelasi edellisen SM-liigaottelunsa 16.3.2014.<\/p>\n<ul>\n<li>SM-liigan odotettu superkausi k\u00e4ynnistyy t\u00e4n\u00e4 iltana.<\/li>\n<li>Jokerit palaa liigaj\u00e4ille yli kahdentoista vuoden tauon j\u00e4lkeen.<\/li>\n<li>T\u00e4ss\u00e4 jutussa muistellaan Jokerien edellist\u00e4 liigakautta ja -ottelua.<\/li>\n<\/ul>\n<p class=\"paragraph\">HPK 3, Jokerit 2.<\/p>\n<p class=\"paragraph\">Tulostaulu kertoi Jokerien sikerm\u00e4n kannalta tyrmistytt\u00e4vi\u00e4 lukemia Rinkelinm\u00e4en sunnuntai-illassa 16. maaliskuuta 2014<\/p>\n<p class=\"paragraph\">Tappio tarkoitti putoamista s\u00e4\u00e4likierroksella ja kaiken kukkuraksi piskuiselle HPK:lle suoraan kahdessa ottelussa. Samalla p\u00e4\u00e4ttyi Jokerien kunniakas, viisi mestaruutta tuonut liigajakso.<\/p>\n<p class=\"paragraph\">\u2013\u2009Tosi huono maku j\u00e4i lopettaa SM-liigataival noin, tokaisee <strong>Ossi V\u00e4\u00e4n\u00e4nen<\/strong>, Jokerien tuolloinen kippari ja nykyinen hallituksen j\u00e4sen.<\/p>\n<p class=\"paragraph\">\u2013\u2009Hyvin kaukana olivat kyll\u00e4 mitk\u00e4\u00e4n iloiset kaudenp\u00e4\u00e4tt\u00e4j\u00e4issaunaillat.<\/p>\n<p>Valtosen raippa<\/p>\n<p class=\"paragraph\">Iltalehden otsikko huusi \u201dkaikkien aikojen fiaskoa\u201d seuraavan p\u00e4iv\u00e4n painetussa lehdess\u00e4. My\u00f6s p\u00e4\u00e4valmentaja <strong>Tomek Valtonen<\/strong> antoi empim\u00e4tt\u00e4 raippaa puhumalla median edess\u00e4 palkkaty\u00f6l\u00e4isist\u00e4 ja manaamalla peluriensa intohimottomuutta.<\/p>\n<p class=\"paragraph\">V\u00e4\u00e4n\u00e4nen ostaa Valtosen sanavalinnat, ainakin nyt, yli 12 vuotta my\u00f6hemmin.<\/p>\n<p class=\"paragraph\">\u2013\u2009Ei se ollut sit\u00e4, mit\u00e4 sen pit\u00e4isi olla. Jokin oli rikki. Miss\u00e4\u00e4n nimess\u00e4 emme olleet optimitilassa, V\u00e4\u00e4n\u00e4nen py\u00f6rittelee.<\/p>\n<p class=\"paragraph\">\u2013\u2009Tomek joutui tekem\u00e4tt\u00f6m\u00e4\u00e4n paikkaan sen joukkueen kanssa.<\/p>\n<p class=\"paragraph\">Rosterissa oli tuttuun tapaan isoja, kalliita nimi\u00e4: maalilla <strong>Leland Irving<\/strong>, puolustuksessa <strong>Jere Karalahti<\/strong>, <strong>Esa Lindell<\/strong> ja V\u00e4\u00e4n\u00e4nen, hy\u00f6kk\u00e4yksess\u00e4 <strong>Janne Lahti<\/strong>, <strong>Steve Moses<\/strong>, <strong>Ladislav Nagy<\/strong>, <strong>Jani Rita<\/strong>, <strong>Jarkko Ruutu<\/strong> ja <strong>Teuvo Ter\u00e4v\u00e4inen<\/strong>.<\/p>\n<p class=\"paragraph\">\u2013\u2009Olihan meill\u00e4 hyv\u00e4 nippu kasassa. Ehdottomasti olisi pit\u00e4nyt menn\u00e4 pidemm\u00e4lle, V\u00e4\u00e4n\u00e4nen kuittaa.<\/p>\n<p class=\"paragraph\">\u2013\u2009Kun tilanne on k\u00e4sill\u00e4, silloin pit\u00e4\u00e4 suorittaa. Siihen emme pystyneet. J\u00e4lkik\u00e4teen on turha itke\u00e4.<\/p>\n<p>Rahakottik\u00e4rryt<\/p>\n<p> Janne Lahti on yksi Jokerien monista HPK-naarauksista. Veli-Matti A. Pitk\u00e4nen<\/p>\n<p class=\"paragraph\"><strong>Lassi Kuisma<\/strong>, Iltalehden nykyinen kiekkopomo, seurasi Jokerien sy\u00f6ksy\u00e4 ulos SM-liigasta Rinkelinm\u00e4en lehtereill\u00e4 nuorena toimittajataimena.<\/p>\n<p class=\"paragraph\">\u2013\u2009Voiton my\u00f6t\u00e4 h\u00e4meenlinnalaisissa katsojissa purkautui vuosien katkeruus ja inho Jokereita kohtaan, h\u00e4n kuvaa.<\/p>\n<p class=\"paragraph\">\u2013\u2009Se oli puhdasta vahingoniloa.<\/p>\n<p class=\"paragraph\">Kuisma muistuttaa h\u00e4meenlinnalaisen kiekkokansan kirpeytt\u00e4neest\u00e4, vuosikaudet jatkuneesta kuppausty\u00f6st\u00e4. Kaava oli tuttu: kun HPK oli onnistunut jalostamaan pelaajan liigahuipuksi, Jokerit ilmaantui apajille rahakottik\u00e4rryineen.<\/p>\n<p class=\"paragraph\">\u2013\u2009Jokerit oli jo pitk\u00e4\u00e4n pit\u00e4nyt Kolmostien kuumana iskem\u00e4ll\u00e4 rahaa HPK:ssa l\u00e4pi ly\u00f6neille, esimerkiksi <strong>Janne Lahdelle<\/strong>, joka pelasi tuossa ottelussa ykk\u00f6sketjussa, Kuisma sanailee.<\/p>\n<p class=\"paragraph\">\u2013\u2009HPK t\u00f6n\u00e4isi Jokerit SM-liigasta pitk\u00e4lti omien poikien voimin. Moni kentt\u00e4pelaaja oli oman junioriputken tuotos.<\/p>\n<p>Ruori Arvoselle<\/p>\n<p class=\"paragraph\">My\u00f6s HPK:n kausi oli vaikea. P\u00e4\u00e4valmentajana aloittanut <strong>Kai Rautio<\/strong> vaihtui jo lokakuussa <strong>Pasi Arvoseen<\/strong>, aiempaan kakkosk\u00e4skij\u00e4\u00e4n.<\/p>\n<p class=\"paragraph\">Kun talven pimein\u00e4 kuukausina playoff-paikka n\u00e4ytti karkaavan lopullisesti, seurajohto myi v\u00e4hist\u00e4 nimipelaajista <strong>Jere Sallisen<\/strong> ja <strong>Ville Viitaluoman<\/strong> \u00d6rebrohon.<\/p>\n<p class=\"paragraph\">\u2013\u2009Kolikolla oli siin\u00e4 kaksi puolta: joko luovutetaan tai ruvetaan taistelemaan. P\u00e4\u00e4tettiin, ett\u00e4 niin kauan kuin on valoa tunnelin p\u00e4\u00e4ss\u00e4, taistellaan siit\u00e4 playoff-paikasta, Arvonen kertaa.<\/p>\n<p class=\"paragraph\">\u2013\u2009Ihan hyvin mentiin ottelu kerrallaan eteenp\u00e4in. Nuoriso-osastolta kasvoi uusia vastuunkantajia, mik\u00e4 johdatti meid\u00e4t voittoputkeen.<\/p>\n<p class=\"paragraph\">Arvosen johtamana ja nuoren t\u00e4htivahdin <strong>Juuse Saroksen<\/strong> torjunnoilla HPK ryk\u00e4isi runkosarjan loppuun kahdeksan voiton putken ja eteni viimeisen\u00e4 joukkueena pudotuspeleihin.<\/p>\n<p class=\"paragraph\">Jokerien kotietu suli rumaan 1\u20135-tappioon.<\/p>\n<p class=\"paragraph\">\u2013\u2009HPK:llahan ei ollut hirve\u00e4n hyv\u00e4 historia Hartwall-areenassa voittojen suhteen, mutta sielt\u00e4 kun saatiin voitto, itseluottamus kasvoi aika lailla, Arvonen perkaa.<\/p>\n<p class=\"paragraph\">\u2013\u2009Jos se eka peli meni v\u00e4h\u00e4n Jokereilta ohi, toisessa he kyll\u00e4 taistelivat ihan loppuun saakka.<\/p>\n<p class=\"paragraph\">S\u00e4\u00e4lisarjan paketoineen ja h\u00e4meenlinnalaiset hullaannuttaneen 3\u20132-osuman laukoi <strong>Teemu Rinkinen<\/strong> ajassa 53.50.<\/p>\n<p class=\"paragraph\">\u2013\u2009Jokereilla oli paljon hyvi\u00e4 yksil\u00f6it\u00e4, Arvonen arvioi.<\/p>\n<p class=\"paragraph\">\u2013\u2009Pirun laadukkaita pelaajia riitti nelj\u00e4\u00e4n kentt\u00e4\u00e4n, mutta kun nyt j\u00e4lkeenp\u00e4in miettii, eiv\u00e4t he joukkueena pystyneet pelaamaan.<\/p>\n<p class=\"paragraph\">HPK:n kausi p\u00e4\u00e4ttyi puoliv\u00e4lieriss\u00e4 mestaruusmatkaa tehneen K\u00e4rppien k\u00e4sittelyss\u00e4 suoraan nelj\u00e4ss\u00e4 ottelussa.<\/p>\n<p>Mediavuotoja<\/p>\n<p>Jokerien katastrofikausi huipentui s\u00e4\u00e4lipleijareissa piskuista HPK:ta vastaan. <\/p>\n<p class=\"paragraph\">Jokerien kauteen valmistautumista ja my\u00f6s kautta v\u00e4ritti <strong>Hjallis Harkimon<\/strong> keskikes\u00e4ll\u00e4 pudottama KHL-pommi. Kippari V\u00e4\u00e4n\u00e4nen paljastaa kuulleensa kohu-uutisen vasta matkalla lehdist\u00f6tilaisuuteen.<\/p>\n<p class=\"paragraph\">\u2013\u2009On turha keksi\u00e4 tekosyit\u00e4, mutta oli kyll\u00e4 sen verran iso muutos tulossa, ett\u00e4 se on hyvin voinut vaikuttaa joidenkin p\u00e4\u00e4koppaan, h\u00e4n miettii.<\/p>\n<p class=\"paragraph\">\u2013\u2009Muistikuvani mukaan joukkueen sis\u00e4ll\u00e4 oli ilmoilla jonkin verran kysymysmerkkej\u00e4. Ehk\u00e4 jotkut pelaajat miettiv\u00e4t tulevaisuuttaan ja ties mit\u00e4.<\/p>\n<p class=\"paragraph\">Jokerit hyytyi runkosarjassa seitsem\u00e4nneksi. Eroa ykk\u00f6ssijan vieneeseen K\u00e4rppiin tuli l\u00e4hes 40 pistett\u00e4.<\/p>\n<p class=\"paragraph\">Edes Harkimon tuttu reagointi, talvinen p\u00e4\u00e4valmentajavaihdos, ei k\u00e4\u00e4nt\u00e4nyt v\u00e4\u00e4r\u00e4lle kurssille ajautunutta laivaa. Toista kauttaan p\u00e4\u00e4valmentanut <strong>Tomi L\u00e4ms\u00e4<\/strong> vaihtui viel\u00e4kin kokemattomampaan Valtoseen, jonka palkkaamisesta ensimm\u00e4iseksi liigaluotsikseen Vaasan Sport oli tiedottanut muutamaa p\u00e4iv\u00e4\u00e4 aiemmin.<\/p>\n<p class=\"paragraph\">\u2013\u2009Tappioista j\u00e4i huono maku, totta kai, mutta my\u00f6s siit\u00e4, ettemme pystyneet pelaamaan niin kuin olisimme halunneet pelata, emmek\u00e4 olemaan joukkue, jollainen olisimme halunneet olla, V\u00e4\u00e4n\u00e4nen sanailee.<\/p>\n<p class=\"paragraph\">\u2013\u2009Joukkueesta vuoti mediaan erikoisia juttuja l\u00e4pi kauden. Kapteenina otan siit\u00e4 vastuun.<\/p>\n<p class=\"paragraph\">V\u00e4\u00e4n\u00e4nen kuvaa toimintaa \u201danteeksiantamattoman itsekk\u00e4\u00e4ksi\u201d muttei halua tarkentaa, millaisia vuodot olivat.<\/p>\n<p class=\"paragraph\">\u2013\u2009J\u00e4lkik\u00e4teen sain kuulla, ketk\u00e4 olivat asialla.<\/p>\n<p>\u201dOnnea KHL:\u00e4\u00e4n\u201d<\/p>\n<p class=\"paragraph\">Kun rantapallot valtasivat Rinkelinm\u00e4en j\u00e4\u00e4n, legendaarinen kuuluttaja <strong>Ville-Veikko Sulin-Saaristo<\/strong> \u00e4ityi toivottamaan Jokereille onnea KHL:\u00e4\u00e4n.<\/p>\n<p class=\"paragraph\">\u2013\u2009Miss\u00e4\u00e4n nimess\u00e4 en halunnut tehd\u00e4 kuulutusta mill\u00e4\u00e4n ilkkumisella, h\u00e4n vakuuttaa.<\/p>\n<p class=\"paragraph\">\u2013\u2009Kyll\u00e4h\u00e4n vastustajaa pit\u00e4\u00e4 aina arvostaa.<\/p>\n<p class=\"paragraph\">HPK:n historia tuntee kaksi mestaruutta ja lukuisia mitaleja, mutta my\u00f6s kev\u00e4t 2014 on tallentunut ikuisesti fanien mieliin, Sulin-Saaristo uskoo.<\/p>\n<p class=\"paragraph\">\u2013\u2009Loppukaudesta oli jo ainakin osittain heitetty hanskat tikkiin, mutta runkosarjan nousu oli niin upea, ett\u00e4 varmasti HPK:n kannattajat muistavat sen.<\/p>\n<p class=\"paragraph\">Iltalehden mukaan HPK:n riepottelemaksi joutuneella Jokereilla oli \u201dnoin viiden miljoonan\u201d joukkue.<\/p>\n<p class=\"paragraph\">\u2013\u2009Jokereilla oli ihan hirve\u00e4 nippu. Jos en v\u00e4\u00e4rin muista, olisiko se ollut kaikkien aikojen kallein rosteri ainakin siihen menness\u00e4, Sulin-Saaristo tarinoi.<\/p>\n<p class=\"paragraph\">\u2013\u2009Siin\u00e4 sarjassa henki voitti materian \u2013 vai miten se nyt sanotaankaan.<\/p>\n<p> Jere Karalahti oli Jokerien tehokkain puolustaja runkosarjassa kaudella 2013\u201314. Veli-Matti A. Pitk\u00e4nen<\/p>\n","protected":false},"excerpt":{"rendered":"Jokerit pelasi edellisen SM-liigaottelunsa 16.3.2014. SM-liigan odotettu superkausi k\u00e4ynnistyy t\u00e4n\u00e4 iltana. Jokerit palaa liigaj\u00e4ille yli kahdentoista vuoden tauon&hellip;\n","protected":false},"author":2,"featured_media":339930,"comment_status":"","ping_status":"","sticky":false,"template":"","format":"standard","meta":{"footnotes":"","_share_on_mastodon":"0"},"categories":[158],"tags":[35,1144,1274,33,31,30,1143,41,159,32,1145,160],"class_list":["post-339929","post","type-post","status-publish","format-standard","has-post-thumbnail","category-urheilu","tag-24h","tag-ammattilaisjaakiekko","tag-ammattiurheilu","tag-fi","tag-finland","tag-finnish","tag-jaakiekko","tag-liikunta-ja-urheilu","tag-sports","tag-suomi","tag-talviurheilu","tag-urheilu"],"share_on_mastodon":{"url":"https:\/\/pubeurope.com\/@fi\/117203923538619512","error":""},"_links":{"self":[{"href":"https:\/\/www.europesays.com\/fi\/wp-json\/wp\/v2\/posts\/339929","targetHints":{"allow":["GET"]}}],"collection":[{"href":"https:\/\/www.europesays.com\/fi\/wp-json\/wp\/v2\/posts"}],"about":[{"href":"https:\/\/www.europesays.com\/fi\/wp-json\/wp\/v2\/types\/post"}],"author":[{"embeddable":true,"href":"https:\/\/www.europesays.com\/fi\/wp-json\/wp\/v2\/users\/2"}],"replies":[{"embeddable":true,"href":"https:\/\/www.europesays.com\/fi\/wp-json\/wp\/v2\/comments?post=339929"}],"version-history":[{"count":0,"href":"https:\/\/www.europesays.com\/fi\/wp-json\/wp\/v2\/posts\/339929\/revisions"}],"wp:featuredmedia":[{"embeddable":true,"href":"https:\/\/www.europesays.com\/fi\/wp-json\/wp\/v2\/media\/339930"}],"wp:attachment":[{"href":"https:\/\/www.europesays.com\/fi\/wp-json\/wp\/v2\/media?parent=339929"}],"wp:term":[{"taxonomy":"category","embeddable":true,"href":"https:\/\/www.europesays.com\/fi\/wp-json\/wp\/v2\/categories?post=339929"},{"taxonomy":"post_tag","embeddable":true,"href":"https:\/\/www.europesays.com\/fi\/wp-json\/wp\/v2\/tags?post=339929"}],"curies":[{"name":"wp","href":"https:\/\/api.w.org\/{rel}","templated":true}]}}