{"id":339937,"date":"2026-09-02T23:02:13","date_gmt":"2026-09-02T23:02:13","guid":{"rendered":"https:\/\/www.europesays.com\/fi\/339937\/"},"modified":"2026-09-02T23:02:13","modified_gmt":"2026-09-02T23:02:13","slug":"new-york-tekoalykielto-kouluihin-ilta-sanomat","status":"publish","type":"post","link":"https:\/\/www.europesays.com\/fi\/339937\/","title":{"rendered":"New York: Teko\u00e4lykielto kouluihin &#8211; Ilta-Sanomat"},"content":{"rendered":"<p>Kymmenien opetusty\u00f6kalujen k\u00e4ytt\u00f6 keskeytet\u00e4\u00e4n.<\/p>\n<p><img decoding=\"async\" src=\"https:\/\/www.europesays.com\/fi\/wp-content\/uploads\/2026\/09\/1788390133_588_468.jpg\" alt=\"New Yorkin pormestari Zohran Mamdani toivoo, ett\u00e4 lapset ratkovat ongelmia omin voimin.\" class=\"_Img_1rerz_1\" style=\"aspect-ratio:1920\/1080\" loading=\"eager\"\/><\/p>\n<p class=\"font-(family-name:--picture-caption-font-family) text-(length:--picture-caption-font-size) leading-(--picture-caption-leading) font-(--picture-caption-font-weight) text-(color:--picture-caption-color)\">New Yorkin pormestari Zohran Mamdani toivoo, ett\u00e4 lapset ratkovat ongelmia omin voimin. Kuva:\u00a0Brendan McDermid<\/p>\n<p>2.9. 23:51<\/p>\n<p class=\"article-body mb-(--paragraph-margin-b) px-nof-16\">New Yorkin pormestari <a class=\"font-bold underline-offset-[0.12em] [text-decoration:var(--person-link-text-decoration)] [text-decoration-color:var(--person-link-text-decoration-color)]!\" href=\"https:\/\/www.is.fi\/haku\/?query=Zohran%20Mamdani\" rel=\"nofollow noopener\" target=\"_blank\">Zohran Mamdani<\/a> ilmoitti keskiviikkona, ett\u00e4 teko\u00e4lyn k\u00e4ytt\u00f6 kiellet\u00e4\u00e4n oppilailta New Yorkin julkisissa ala- ja yl\u00e4kouluissa vuoden ajaksi.<\/p>\n<p class=\"article-body mb-(--paragraph-margin-b) px-nof-16\">Yl\u00e4koulujen (middle school) vanhimmat oppilaat ovat tyypillisesti 13\u201314-vuotiaita. Suomen lukiota vastaavissa high school -kouluissa teko\u00e4lyn k\u00e4ytt\u00f6\u00e4 ei t\u00e4ysin kiellet\u00e4, vaan se sallitaan joihinkin rajattuihin tarkoituksiin.<\/p>\n<p class=\"article-body mb-(--paragraph-margin-b) px-nof-16\">Kaikkiaan teko\u00e4lykielto vaikuttaa noin 600\u202f000 oppilaaseen. New Yorkin linjaus on Reutersin mukaan Yhdysvaltojen tiukin t\u00e4h\u00e4n menness\u00e4.<\/p>\n<p class=\"article-body mb-(--paragraph-margin-b) px-nof-16\">K\u00e4yt\u00e4nn\u00f6ss\u00e4 kielto tarkoittaa sit\u00e4, ett\u00e4 noin 40 opetusty\u00f6kalun k\u00e4ytt\u00f6 keskeytet\u00e4\u00e4n kaupungin kouluissa, Reuters kertoo.<\/p>\n<p class=\"article-body mb-(--paragraph-margin-b) px-nof-16\">Pormestari Mamdani perusteli kieltoa sill\u00e4, ett\u00e4 lapset tarvitsevat opettajia ja ihmisten v\u00e4list\u00e4 yhteytt\u00e4 voidakseen oppia ja kasvaa.<\/p>\n<p class=\"article-body mb-(--paragraph-margin-b) px-nof-16\">\u2013 Heid\u00e4n on kehitett\u00e4v\u00e4 taitoja yhdess\u00e4 ik\u00e4tovereidensa kanssa, rakennettava suhteita opettajiin ja ratkottava vaikeita ongelmia omin voimin, h\u00e4n sanoi.<\/p>\n<p class=\"article-body mb-(--paragraph-margin-b) px-nof-16\">Opettajat saavat jatkossakin k\u00e4ytt\u00e4\u00e4 teko\u00e4ly\u00e4 esimerkiksi oppituntien suunnitteluun ja aikatauluttamiseen.<\/p>\n","protected":false},"excerpt":{"rendered":"Kymmenien opetusty\u00f6kalujen k\u00e4ytt\u00f6 keskeytet\u00e4\u00e4n. New Yorkin pormestari Zohran Mamdani toivoo, ett\u00e4 lapset ratkovat ongelmia omin voimin. Kuva:\u00a0Brendan McDermid&hellip;\n","protected":false},"author":2,"featured_media":339938,"comment_status":"","ping_status":"","sticky":false,"template":"","format":"standard","meta":{"footnotes":"","_share_on_mastodon":"0"},"categories":[14],"tags":[22,23,26,27,33,31,30,17,34,24,25,28,29,15,18,21,32,19,20,56,16,59,60,61],"class_list":["post-339937","post","type-post","status-publish","format-standard","has-post-thumbnail","category-ulkomaat","tag-breaking-news","tag-breakingnews","tag-featured-news","tag-featurednews","tag-fi","tag-finland","tag-finnish","tag-headlines","tag-ilta-sanomat","tag-latest-news","tag-latestnews","tag-main-news","tag-mainnews","tag-news","tag-otsikot","tag-paauutiset","tag-suomi","tag-top-stories","tag-topstories","tag-ulkomaat","tag-uutiset","tag-world","tag-world-news","tag-worldnews"],"share_on_mastodon":{"url":"https:\/\/pubeurope.com\/@fi\/117203943486649282","error":""},"_links":{"self":[{"href":"https:\/\/www.europesays.com\/fi\/wp-json\/wp\/v2\/posts\/339937","targetHints":{"allow":["GET"]}}],"collection":[{"href":"https:\/\/www.europesays.com\/fi\/wp-json\/wp\/v2\/posts"}],"about":[{"href":"https:\/\/www.europesays.com\/fi\/wp-json\/wp\/v2\/types\/post"}],"author":[{"embeddable":true,"href":"https:\/\/www.europesays.com\/fi\/wp-json\/wp\/v2\/users\/2"}],"replies":[{"embeddable":true,"href":"https:\/\/www.europesays.com\/fi\/wp-json\/wp\/v2\/comments?post=339937"}],"version-history":[{"count":0,"href":"https:\/\/www.europesays.com\/fi\/wp-json\/wp\/v2\/posts\/339937\/revisions"}],"wp:featuredmedia":[{"embeddable":true,"href":"https:\/\/www.europesays.com\/fi\/wp-json\/wp\/v2\/media\/339938"}],"wp:attachment":[{"href":"https:\/\/www.europesays.com\/fi\/wp-json\/wp\/v2\/media?parent=339937"}],"wp:term":[{"taxonomy":"category","embeddable":true,"href":"https:\/\/www.europesays.com\/fi\/wp-json\/wp\/v2\/categories?post=339937"},{"taxonomy":"post_tag","embeddable":true,"href":"https:\/\/www.europesays.com\/fi\/wp-json\/wp\/v2\/tags?post=339937"}],"curies":[{"name":"wp","href":"https:\/\/api.w.org\/{rel}","templated":true}]}}