{"id":339945,"date":"2026-09-02T23:24:14","date_gmt":"2026-09-02T23:24:14","guid":{"rendered":"https:\/\/www.europesays.com\/fi\/339945\/"},"modified":"2026-09-02T23:24:14","modified_gmt":"2026-09-02T23:24:14","slug":"olympiavoittaja-romahti","status":"publish","type":"post","link":"https:\/\/www.europesays.com\/fi\/339945\/","title":{"rendered":"Olympiavoittaja romahti"},"content":{"rendered":"<p>Keih\u00e4\u00e4nheiton olympiavoittaja Arshad Nadeem on kaukana tasostaan.<\/p>\n<p><img decoding=\"async\" class=\"image image-show image-preview\" src=\"https:\/\/www.europesays.com\/fi\/wp-content\/uploads\/2026\/09\/7836d43bdb059f76896e6e9706fa297ed4853e3743aa1a331949ce3b1f3ecac0.jpg\" alt=\"\"\/><img decoding=\"async\" class=\"image image-show\" src=\"https:\/\/www.europesays.com\/fi\/wp-content\/uploads\/2026\/09\/1788391454_333_7836d43bdb059f76896e6e9706fa297ed4853e3743aa1a331949ce3b1f3ecac0.jpg\" alt=\"\"\/><\/p>\n<p>Arshad Nadeem on olympiavoittaja. Viime vuoden MM-finaalissa h\u00e4n oli kymmenes. Jenni G\u00e4stgivar<\/p>\n<p class=\"paragraph\">Keih\u00e4\u00e4nheiton olympiavoittaja <strong>Arshad Nadeem<\/strong> on kaukana huipputasostaan.<\/p>\n<p class=\"paragraph\">Nadeem heitti viime vuonna kahdesti yli 86 metrin. T\u00e4ll\u00e4 kaudella h\u00e4n ei ole rikkonut 80 metrin rajapyykki\u00e4 kertaakaan.<\/p>\n<p class=\"paragraph\">Olympiavoittaja on kilpaillut kuluvana kes\u00e4n\u00e4 vain kolmesti. Tulokset ovat olleet vaisuja: 78,47, 78,63 ja 77,41 metri\u00e4. Kauden p\u00e4\u00e4kilpailussaan eli Glasgow\u2019ssa j\u00e4rjestettyjen Kansainyhteis\u00f6n kisojen finaalissa pakistanilainen oli yhdeks\u00e4s.<\/p>\n<p class=\"paragraph\"><a href=\"https:\/\/www.newindianexpress.com\/sport\/sports-news\/2026\/Aug\/06\/arshad-nadeem-breaks-silence-after-cwg-debacle-run-up-smooth-but-body-got-stiff-due-to-cold-conditions\" rel=\"noopener nofollow\" target=\"_blank\">The New Indian Express kuvaili<\/a>, ettei yksik\u00e4\u00e4n Nadeemin finaaliheitoista ollut hyv\u00e4. Keih\u00e4st\u00e4hti k\u00e4vi kes\u00e4ll\u00e4 2025 pohjeleikkauksessa ja on yritt\u00e4nyt p\u00e4\u00e4st\u00e4 operaation j\u00e4lkeen takaisin kuntoon.<\/p>\n<p class=\"paragraph\">\u2013 Halusin pysty\u00e4 parhaaseeni, mutta en pystynyt siihen. Olin tehnyt tinkim\u00e4tt\u00e4 t\u00f6it\u00e4 kilpailun eteen Pakistanissa. Siell\u00e4 oli l\u00e4mmin, mutta Glasgow\u2019ssa kylm\u00e4, Nadeem kommentoi Kansainyhteis\u00f6n kisoja ja jatkoi:<\/p>\n<p class=\"paragraph\">\u2013 Olette ehk\u00e4 n\u00e4hneet, ett\u00e4 vauhtijuoksuni on yleens\u00e4 sulavaa. T\u00e4ll\u00e4 kertaa se ei ollut sit\u00e4, koska kehoni oli j\u00e4ykk\u00e4 viileiss\u00e4 olosuhteissa. Kuntoni ja terveyteni olivat hyv\u00e4ll\u00e4 mallilla.<\/p>\n<p>Tyly\u00e4 teksti\u00e4<\/p>\n<p class=\"paragraph\">Nadeemin entinen valmentaja <strong>Fayyaz Hussain Bukhari<\/strong> oli eri mielt\u00e4 keih\u00e4st\u00e4hden kunnosta. H\u00e4n valmensi pakistanilaista kahdeksan vuoden ajan.<\/p>\n<p class=\"paragraph\">\u2013 N\u00e4in h\u00e4nen heittoharjoituksensa. H\u00e4ness\u00e4 ei ollut sellaista kipin\u00e4\u00e4, jota mitalin voittamiseen vaaditaan, Bukhari latasi suoraan <a href=\"https:\/\/tribune.com.pk\/story\/2621666\/arshad-lacked-fitness-before-glasgow-says-former-coach\" rel=\"noopener nofollow\" target=\"_blank\">The Express Tribunelle.<\/a><\/p>\n<p class=\"paragraph\">\u2013 Kunto on t\u00e4rkein asia. Jos ei ole kunnossa, ei pit\u00e4isi l\u00e4hte\u00e4 kisaamaan.<\/p>\n<p class=\"paragraph\">Bukharin mielest\u00e4 urheilijoilla pit\u00e4isi olla pakolliset kuntotestit ennen kansainv\u00e4lisiin kisoihin osallistumista. Valmentajan mukaan Nadeem tarvitsee my\u00f6s henkisen puolen kuntoon.<\/p>\n<p class=\"paragraph\">\u2013 H\u00e4n tarvitsee oikean asenteen.<\/p>\n<p class=\"paragraph\">Pakistanin yleisurheiluliitto erotti Bukharin sen j\u00e4lkeen kun Nadeem sijoittui viidenneksi Tokion olympialaisissa. Potkujen j\u00e4lkeen valmentajan vastuun on kantanut <strong>Salman Iqbal Butt<\/strong>, jonka alaisuudessa pakistanilainen on voittanut suurimmat saavutuksensa.<\/p>\n<p class=\"paragraph\">Nadeem voitti olympiakultaa Pariisissa vuonna 2024. H\u00e4n heitti hirmutuloksen 92,97, joka oli uusi olympiaenn\u00e4tys.<\/p>\n<p class=\"paragraph\">Vain harvakseltaan kilpaileva Nadeem on voittanut urallaan my\u00f6s MM-hopeaa. Mitali tuli vuonna 2023 tuloksella 87,82. Viime vuoden MM-kisoissa olympiavoittaja oli kymmenes.<\/p>\n","protected":false},"excerpt":{"rendered":"Keih\u00e4\u00e4nheiton olympiavoittaja Arshad Nadeem on kaukana tasostaan. Arshad Nadeem on olympiavoittaja. Viime vuoden MM-finaalissa h\u00e4n oli kymmenes. Jenni&hellip;\n","protected":false},"author":2,"featured_media":339946,"comment_status":"","ping_status":"","sticky":false,"template":"","format":"standard","meta":{"footnotes":"","_share_on_mastodon":"0"},"categories":[158],"tags":[35,33,31,30,41,2666,159,32,160,2957,161,162],"class_list":["post-339945","post","type-post","status-publish","format-standard","has-post-thumbnail","category-urheilu","tag-24h","tag-fi","tag-finland","tag-finnish","tag-liikunta-ja-urheilu","tag-olympia","tag-sports","tag-suomi","tag-urheilu","tag-urheilujarjestot","tag-urheilutapahtumat","tag-yleisurheilu"],"share_on_mastodon":{"url":"https:\/\/pubeurope.com\/@fi\/117204029930140026","error":""},"_links":{"self":[{"href":"https:\/\/www.europesays.com\/fi\/wp-json\/wp\/v2\/posts\/339945","targetHints":{"allow":["GET"]}}],"collection":[{"href":"https:\/\/www.europesays.com\/fi\/wp-json\/wp\/v2\/posts"}],"about":[{"href":"https:\/\/www.europesays.com\/fi\/wp-json\/wp\/v2\/types\/post"}],"author":[{"embeddable":true,"href":"https:\/\/www.europesays.com\/fi\/wp-json\/wp\/v2\/users\/2"}],"replies":[{"embeddable":true,"href":"https:\/\/www.europesays.com\/fi\/wp-json\/wp\/v2\/comments?post=339945"}],"version-history":[{"count":0,"href":"https:\/\/www.europesays.com\/fi\/wp-json\/wp\/v2\/posts\/339945\/revisions"}],"wp:featuredmedia":[{"embeddable":true,"href":"https:\/\/www.europesays.com\/fi\/wp-json\/wp\/v2\/media\/339946"}],"wp:attachment":[{"href":"https:\/\/www.europesays.com\/fi\/wp-json\/wp\/v2\/media?parent=339945"}],"wp:term":[{"taxonomy":"category","embeddable":true,"href":"https:\/\/www.europesays.com\/fi\/wp-json\/wp\/v2\/categories?post=339945"},{"taxonomy":"post_tag","embeddable":true,"href":"https:\/\/www.europesays.com\/fi\/wp-json\/wp\/v2\/tags?post=339945"}],"curies":[{"name":"wp","href":"https:\/\/api.w.org\/{rel}","templated":true}]}}