{"id":339947,"date":"2026-09-02T23:25:10","date_gmt":"2026-09-02T23:25:10","guid":{"rendered":"https:\/\/www.europesays.com\/fi\/339947\/"},"modified":"2026-09-02T23:25:10","modified_gmt":"2026-09-02T23:25:10","slug":"hbo-max-julkaisee-ensimmaisen-virallisen-teaserin-elokuvasta-harry-potter-ja-viisasten-kivi-jonka-ensi-ilta-on-jouluna-harry-potter-tv","status":"publish","type":"post","link":"https:\/\/www.europesays.com\/fi\/339947\/","title":{"rendered":"HBO Max julkaisee ensimm\u00e4isen virallisen teaserin elokuvasta \u201dHarry Potter ja viisasten kivi\u201d, jonka ensi-ilta on jouluna &#8211; Harry Potter TV"},"content":{"rendered":"<p>Olemme odottaneet t\u00e4t\u00e4 kauan, Potter-fanit, mutta nyt se on vihdoin t\u00e4\u00e4ll\u00e4. Vuosien valmistelujen j\u00e4lkeen suoraan J.K. Rowlingin Harry Potter -romaaneihin perustuva sarja on jo aivan nurkan takana. Odotus on huipussaan, ja nyt HBO Max on p\u00e4\u00e4tt\u00e4nyt juhlistaa lukukauden alkua (my\u00f6s Tylypahkassa) julkaisemalla ensimm\u00e4isen virallisen teaserin Harry Potter -sarjasta, jonka ensimm\u00e4isen kauden nimi on, aivan kuten sarjan ensimm\u00e4isen kirjan, Harry Potter ja viisasten kivi.<\/p>\n<p>Teaserissa olemme p\u00e4\u00e4sseet n\u00e4kem\u00e4\u00e4n paitsi tarinan keski\u00f6ss\u00e4 olevat kolme nuorta velhoa \u2013 Harryn (Dominic McLaughlin), Ronin (Alastair Stout) ja Hermionen (Arabella Stanton) \u2013 vaan my\u00f6s Hogwartsin Suuren salin lavasteet, yrttitieteen luokkahuoneen (jossa he oppivat uuttamaan mandrakejuurta), salaper\u00e4isen taikajuomien opettajan Severus Snapeen (Paapa Essiedu) sek\u00e4 koulun pihalla pelattavan Quidditch-ottelun.<\/p>\n<p>Kaikki huokuu optimismia ja elinvoimaa, kun tiet\u00e4\u00e4, ett\u00e4 vaikka tarina on jo kerrottu valkokankaalla, sit\u00e4 ei ole koskaan aiemmin kerrottu n\u00e4in yksityiskohtaisesti tai n\u00e4in laajasti, sill\u00e4 jokaisen sarjan odotetaan kattavan kaikki seitsem\u00e4n kirjaa. Nauttikaa siis trailerista ja odottakaa innolla joulua 2026, sill\u00e4 silloin \u201d Harry Potter TV \u201d -sarja saa ensi-iltansa HBO Maxissa.<\/p>\n<p>\t\t\t\t\t\t<img loading=\"lazy\" decoding=\"async\" id=\"img-1713703-4981083\" data-fullsize=\"\/media\/10\/hbomaxunveils_4981083b.jpg\" data-lazy=\"\" src=\"https:\/\/www.gamereactor.fihttps:\/\/www.gamereactor.fi\/media\/10\/hbomaxunveils_4981083_650x.jpg\" width=\"650\" onclick=\"gallery_openmodal('1713703','4981083',false,'b2f1384b8feb04d2de9a85124dc64613');\" height=\"325\" alt=\"Harry Potter TV\" class=\"rwd_col_content lazy\"\/><\/p>\n","protected":false},"excerpt":{"rendered":"Olemme odottaneet t\u00e4t\u00e4 kauan, Potter-fanit, mutta nyt se on vihdoin t\u00e4\u00e4ll\u00e4. Vuosien valmistelujen j\u00e4lkeen suoraan J.K. Rowlingin Harry&hellip;\n","protected":false},"author":2,"featured_media":339948,"comment_status":"","ping_status":"","sticky":false,"template":"","format":"standard","meta":{"footnotes":"","_share_on_mastodon":"0"},"categories":[130],"tags":[137,33,31,30,32,109],"class_list":["post-339947","post","type-post","status-publish","format-standard","has-post-thumbnail","category-viihde","tag-entertainment","tag-fi","tag-finland","tag-finnish","tag-suomi","tag-viihde"],"share_on_mastodon":{"url":"https:\/\/pubeurope.com\/@fi\/117204033429483228","error":""},"_links":{"self":[{"href":"https:\/\/www.europesays.com\/fi\/wp-json\/wp\/v2\/posts\/339947","targetHints":{"allow":["GET"]}}],"collection":[{"href":"https:\/\/www.europesays.com\/fi\/wp-json\/wp\/v2\/posts"}],"about":[{"href":"https:\/\/www.europesays.com\/fi\/wp-json\/wp\/v2\/types\/post"}],"author":[{"embeddable":true,"href":"https:\/\/www.europesays.com\/fi\/wp-json\/wp\/v2\/users\/2"}],"replies":[{"embeddable":true,"href":"https:\/\/www.europesays.com\/fi\/wp-json\/wp\/v2\/comments?post=339947"}],"version-history":[{"count":0,"href":"https:\/\/www.europesays.com\/fi\/wp-json\/wp\/v2\/posts\/339947\/revisions"}],"wp:featuredmedia":[{"embeddable":true,"href":"https:\/\/www.europesays.com\/fi\/wp-json\/wp\/v2\/media\/339948"}],"wp:attachment":[{"href":"https:\/\/www.europesays.com\/fi\/wp-json\/wp\/v2\/media?parent=339947"}],"wp:term":[{"taxonomy":"category","embeddable":true,"href":"https:\/\/www.europesays.com\/fi\/wp-json\/wp\/v2\/categories?post=339947"},{"taxonomy":"post_tag","embeddable":true,"href":"https:\/\/www.europesays.com\/fi\/wp-json\/wp\/v2\/tags?post=339947"}],"curies":[{"name":"wp","href":"https:\/\/api.w.org\/{rel}","templated":true}]}}