{"id":339953,"date":"2026-09-02T23:30:24","date_gmt":"2026-09-02T23:30:24","guid":{"rendered":"https:\/\/www.europesays.com\/fi\/339953\/"},"modified":"2026-09-02T23:30:24","modified_gmt":"2026-09-02T23:30:24","slug":"petteri-orpo-veti-paperit-esiin-ylella-antti-lindtman-nauroi","status":"publish","type":"post","link":"https:\/\/www.europesays.com\/fi\/339953\/","title":{"rendered":"Petteri Orpo veti paperit esiin Ylell\u00e4 \u2013 Antti Lindtman nauroi"},"content":{"rendered":"<p>Paperit heiluivat, kun Orpo ja Lindtman v\u00e4itteliv\u00e4t Ylell\u00e4 hallituksen veropolitiikan tuloksista. <\/p>\n<p><img decoding=\"async\" class=\"image image-show image-preview\" src=\"https:\/\/www.europesays.com\/fi\/wp-content\/uploads\/2026\/09\/2292e16d1d53ca189fe8d5e8671f7e8f1ecc8a480bb62c44967f39182f3ddf55.jpg\" alt=\"\"\/><img decoding=\"async\" class=\"image image-show\" src=\"https:\/\/www.europesays.com\/fi\/wp-content\/uploads\/2026\/09\/1788391824_201_2292e16d1d53ca189fe8d5e8671f7e8f1ecc8a480bb62c44967f39182f3ddf55.jpg\" alt=\"\"\/><\/p>\n<p>P\u00e4\u00e4ministeri Orpon mukaan paremmin tienaavat maksavat isoimman osan veroista.  Timur Yilmaz<\/p>\n<p class=\"paragraph\">Kokoomuksen puheenjohtaja, p\u00e4\u00e4ministeri <a href=\"https:\/\/www.iltalehti.fi\/henkilot\/Petteri Orpo\" class=\"article-link-person-page\" rel=\"nofollow noopener\" target=\"_blank\">Petteri Orpo<\/a> ja suurimman oppositiopuolue SDP:n puheenjohtaja <a href=\"https:\/\/www.iltalehti.fi\/henkilot\/Antti Lindtman\" class=\"article-link-person-page\" rel=\"nofollow noopener\" target=\"_blank\">Antti Lindtman<\/a> ottivat keskiviikkoiltana yhteen <a href=\"https:\/\/areena.yle.fi\/1-3229465\" rel=\"noopener nofollow\" target=\"_blank\">Ylen A-studiossa<\/a>. Aiheena olivat tiistaina p\u00e4\u00e4ttyneen budjettiriihen tulokset, joista kaksikko oli t\u00e4ysin eri linjoilla.<\/p>\n<p class=\"paragraph\">Orpo n\u00e4p\u00e4ytti Lindtmania siit\u00e4, ett\u00e4 kun aiemmin SDP:n syyt\u00f6ksiss\u00e4 on ollut mukana Euroopan hitain talouskasvu, nyt se on Suomessa Euroopan k\u00e4rke\u00e4. Sen j\u00e4lkeen Orpo veti paperin esiin povitaskustaan.<\/p>\n<p class=\"paragraph\">\u2013 Kun olet kolme vuotta nyt sanonut, ett\u00e4 hallituksen veropolitiikka on ep\u00e4onnistunut, niin min\u00e4 pyysin valtiovarainministeri\u00f6st\u00e4 laskelman siit\u00e4, ett\u00e4 mill\u00e4 tavalla eri tulodesiileiss\u00e4 on palkkatuloverotus kehittynyt, Orpo sanoi Lindtmanille paperia hypistelless\u00e4\u00e4n.<\/p>\n<p class=\"paragraph\">\u2013 T\u00e4st\u00e4 n\u00e4kee, ett\u00e4 verrattuna 2023\u20132027 hyvin ansaitsevat maksavat jopa enemm\u00e4n, suuremman osan palkkaveroista kuin 2023, jolloin te [SDP] lopetitte, p\u00e4\u00e4ministeri jatkoi.<\/p>\n<p class=\"paragraph\">Orpon mukaan isossa kuvassa SDP:n syyt\u00f6kset hyv\u00e4tuloisten veroaleista eiv\u00e4t pid\u00e4 paikkansa.<\/p>\n<p class=\"paragraph\">Antti Lindtman nauroi Orpon puheille ja alkoi itse tutkia paperia.<\/p>\n<p class=\"paragraph\">\u2013 Jo n\u00e4in t\u00e4ll\u00e4 perusteella voi todeta, ett\u00e4 t\u00e4\u00e4ll\u00e4 ei varmastikaan esimerkiksi n\u00e4it\u00e4 v\u00e4hennyksi\u00e4, joita hallitus tekee. Onko ne tuossa huomioitu? Esimerkiksi ay-verov\u00e4hennyksen poisto? Lindtman kyseli.<\/p>\n<p class=\"paragraph\">\u2013 Siit\u00e4 ei p\u00e4\u00e4se mihink\u00e4\u00e4n, ett\u00e4 p\u00e4\u00e4ministerin tuloluokkaan on tullut tuhansia euroja pysyv\u00e4sti, h\u00e4n jatkoi.<\/p>\n","protected":false},"excerpt":{"rendered":"Paperit heiluivat, kun Orpo ja Lindtman v\u00e4itteliv\u00e4t Ylell\u00e4 hallituksen veropolitiikan tuloksista. P\u00e4\u00e4ministeri Orpon mukaan paremmin tienaavat maksavat isoimman&hellip;\n","protected":false},"author":2,"featured_media":339954,"comment_status":"","ping_status":"","sticky":false,"template":"","format":"standard","meta":{"footnotes":"","_share_on_mastodon":"0"},"categories":[12],"tags":[35,22,23,26,27,33,31,30,17,24,25,28,29,15,18,21,142,637,886,885,887,32,19,20,16],"class_list":["post-339953","post","type-post","status-publish","format-standard","has-post-thumbnail","category-suomi","tag-24h","tag-breaking-news","tag-breakingnews","tag-featured-news","tag-featurednews","tag-fi","tag-finland","tag-finnish","tag-headlines","tag-latest-news","tag-latestnews","tag-main-news","tag-mainnews","tag-news","tag-otsikot","tag-paauutiset","tag-poliitikot","tag-politiikka","tag-puolueet","tag-suomen-poliittiset-puolueet","tag-suomen-politiikka","tag-suomi","tag-top-stories","tag-topstories","tag-uutiset"],"share_on_mastodon":{"url":"https:\/\/pubeurope.com\/@fi\/117204054140336100","error":""},"_links":{"self":[{"href":"https:\/\/www.europesays.com\/fi\/wp-json\/wp\/v2\/posts\/339953","targetHints":{"allow":["GET"]}}],"collection":[{"href":"https:\/\/www.europesays.com\/fi\/wp-json\/wp\/v2\/posts"}],"about":[{"href":"https:\/\/www.europesays.com\/fi\/wp-json\/wp\/v2\/types\/post"}],"author":[{"embeddable":true,"href":"https:\/\/www.europesays.com\/fi\/wp-json\/wp\/v2\/users\/2"}],"replies":[{"embeddable":true,"href":"https:\/\/www.europesays.com\/fi\/wp-json\/wp\/v2\/comments?post=339953"}],"version-history":[{"count":0,"href":"https:\/\/www.europesays.com\/fi\/wp-json\/wp\/v2\/posts\/339953\/revisions"}],"wp:featuredmedia":[{"embeddable":true,"href":"https:\/\/www.europesays.com\/fi\/wp-json\/wp\/v2\/media\/339954"}],"wp:attachment":[{"href":"https:\/\/www.europesays.com\/fi\/wp-json\/wp\/v2\/media?parent=339953"}],"wp:term":[{"taxonomy":"category","embeddable":true,"href":"https:\/\/www.europesays.com\/fi\/wp-json\/wp\/v2\/categories?post=339953"},{"taxonomy":"post_tag","embeddable":true,"href":"https:\/\/www.europesays.com\/fi\/wp-json\/wp\/v2\/tags?post=339953"}],"curies":[{"name":"wp","href":"https:\/\/api.w.org\/{rel}","templated":true}]}}