{"id":339963,"date":"2026-09-02T23:51:08","date_gmt":"2026-09-02T23:51:08","guid":{"rendered":"https:\/\/www.europesays.com\/fi\/339963\/"},"modified":"2026-09-02T23:51:08","modified_gmt":"2026-09-02T23:51:08","slug":"olli-veikko-renkonen-1935-2026-hs-fi","status":"publish","type":"post","link":"https:\/\/www.europesays.com\/fi\/339963\/","title":{"rendered":"Olli-Veikko Renkonen 1935\u20132026 | HS.fi"},"content":{"rendered":"<p class=\"article-body mb-(--paragraph-margin-b) px-nof-16\">L\u00e4\u00e4ketieteen ja kirurgian tohtori <a class=\"font-bold underline-offset-[0.12em] [text-decoration:var(--person-link-text-decoration)] [text-decoration-color:var(--person-link-text-decoration-color)]!\" href=\"https:\/\/www.hs.fi\/haku\/?query=Olli-Veikko%20Renkonen\" rel=\"nofollow noopener\" target=\"_blank\">Olli-Veikko Renkonen<\/a> kuoli 26. hein\u00e4kuuta 2026. H\u00e4n oli 90-vuotias, syntynyt Helsingiss\u00e4 18. elokuuta 1935.<\/p>\n<p class=\"article-body mb-(--paragraph-margin-b) px-nof-16\">Olli-Veikko kasvoi perheess\u00e4, jossa l\u00e4\u00e4ketiede ja tutkimus olivat vahvasti l\u00e4sn\u00e4. H\u00e4nen is\u00e4ns\u00e4 K.\u202fO. Renkonen oli Helsingin yliopiston bakteeriopin professori, jonka viran edellinen hoitaja oli Olli-Veikon isois\u00e4 arkkiatri Osvald Streng\u2011Renkonen.<\/p>\n<p class=\"article-body mb-(--paragraph-margin-b) px-nof-16\">Olli-Veikko kirjoitti ylioppilaaksi Helsingin suomalaisesta yhteiskoulusta 1955, valmistui l\u00e4\u00e4ketieteen lisensiaatiksi Helsingin yliopistosta 1961, v\u00e4itteli tohtoriksi 1966 ja valmistui kliinisen mikrobiologian erikoisl\u00e4\u00e4k\u00e4riksi 1969. Kliinisen mikrobiologian dosentiksi h\u00e4net nimitettiin 1972. Olli-Veikko aloitti vuonna 1957 ty\u00f6ns\u00e4 Helsingin yliopiston serobakteriologian laitoksella, jossa h\u00e4n ty\u00f6skenteli koko 37 vuoden mittaisen uransa assistenttina, laboraattorina, vt. apulaisopettajana, vt. apulaisprofessorina ja bakteerilaboratorion johtajana.<\/p>\n<p class=\"article-body mb-(--paragraph-margin-b) px-nof-16\">Olli-Veikko oli taitava k\u00e4yt\u00e4nn\u00f6n diagnostikko ja potilasta hoitavien l\u00e4\u00e4k\u00e4reiden tukena, kun etsittiin taudinaiheuttajaa tai ratkottiin antibioottiresistenssin aiheuttamia ongelmia. Olli-Veikko oli arvostettu tutkija ja opettaja. H\u00e4n opetti useille opiskelijasukupolville bakteriologian ja antibioottihoidon perusteita, sek\u00e4 koulutti kliinisen mikrobiologiaan erikoistuvia l\u00e4\u00e4k\u00e4reit\u00e4.<\/p>\n<p class=\"article-body mb-(--paragraph-margin-b) px-nof-16\">H\u00e4nen intohimonsa oli diagnostiikan ja hoidon kehitt\u00e4minen. T\u00e4ss\u00e4 roolissa h\u00e4n toimi my\u00f6s Yhtyneet Laboratoriot Oy:n konsulttina 38 vuoden ajan, sivutoimisena erikoisl\u00e4\u00e4k\u00e4rin\u00e4 Helsingin yliopistollisen keskussairaalan laboratoriossa ja teki pitk\u00e4j\u00e4nteist\u00e4 yhteisty\u00f6t\u00e4 l\u00e4\u00e4ke\u2011 ja diagnostiikkateollisuuden kanssa.<\/p>\n<p class=\"article-body mb-(--paragraph-margin-b) px-nof-16\">Olli-Veikon ja h\u00e4nen puolisonsa Marjan yhteinen taival kesti seitsem\u00e4n vuosikymment\u00e4. Yhteiseen el\u00e4m\u00e4\u00e4n mahtui rakkautta, iloa, matkustamista ja vilkasta seurael\u00e4m\u00e4\u00e4.<\/p>\n<p class=\"article-body mb-(--paragraph-margin-b) px-nof-16\">Sotien j\u00e4lkeen Olli-Veikon vanhemmat hankkivat Espoon Suvisaaristosta Rams\u00f6udd-nimisen tilan, jonne Olli-Veikon ja Marjan kes\u00e4asunto valmistui 1960-luvun lopussa. Rams\u00f6st\u00e4 tuli perheen rakas kokoontumispaikka, jossa Olli-Veikko sai viett\u00e4\u00e4 viimeiset p\u00e4iv\u00e4ns\u00e4 l\u00e4heistens\u00e4 kanssa.<\/p>\n<p class=\"article-body mb-(--paragraph-margin-b) px-nof-16\">Luonteeltaan Olli-Veikko oli positiivinen ja k\u00e4yt\u00e4nn\u00f6nl\u00e4heinen. Sosiaalisena ihmisen\u00e4 h\u00e4n tuli toimeen kaikkien kanssa ja h\u00e4nen kanssaan oli helppo yst\u00e4vysty\u00e4. Oma perhe oli kaikki kaikessa. Vuosien my\u00f6t\u00e4 perhe kasvoi k\u00e4sitt\u00e4m\u00e4\u00e4n puolison lis\u00e4ksi nelj\u00e4 tyt\u00e4rt\u00e4, 11 lastenlasta ja 13 lastenlastenlasta. \u201dIsoiso\u201d, kuten nuorimmat h\u00e4nt\u00e4 kutsuivat, seurasi kiinnostuneena j\u00e4lkel\u00e4istens\u00e4 el\u00e4m\u00e4\u00e4 aivan viimeisiin p\u00e4iviins\u00e4 saakka.<\/p>\n<ul aria-label=\"Tekij\u00e4t\" class=\"nof-ui-body-medium mb-nof-24 gap-nof-2 flex flex-col [text-align:var(--contributors-text-align)] [text-wrap:var(--contributors-text-wrap)] px-nof-16\">\n<li class=\"\">Martti Syrj\u00e4l\u00e4<\/li>\n<li class=\"\">Risto Renkonen<\/li>\n<li class=\"\">Olli-Veikko Renkosen v\u00e4vy sek\u00e4 veljenpoika ja kollega<\/li>\n<\/ul>\n","protected":false},"excerpt":{"rendered":"L\u00e4\u00e4ketieteen ja kirurgian tohtori Olli-Veikko Renkonen kuoli 26. hein\u00e4kuuta 2026. H\u00e4n oli 90-vuotias, syntynyt Helsingiss\u00e4 18. elokuuta 1935.&hellip;\n","protected":false},"author":2,"featured_media":339964,"comment_status":"","ping_status":"","sticky":false,"template":"","format":"standard","meta":{"footnotes":"","_share_on_mastodon":"0"},"categories":[130],"tags":[137,33,31,30,46,32,109],"class_list":["post-339963","post","type-post","status-publish","format-standard","has-post-thumbnail","category-viihde","tag-entertainment","tag-fi","tag-finland","tag-finnish","tag-helsingin-sanomat","tag-suomi","tag-viihde"],"share_on_mastodon":{"url":"https:\/\/pubeurope.com\/@fi\/117204135871743254","error":""},"_links":{"self":[{"href":"https:\/\/www.europesays.com\/fi\/wp-json\/wp\/v2\/posts\/339963","targetHints":{"allow":["GET"]}}],"collection":[{"href":"https:\/\/www.europesays.com\/fi\/wp-json\/wp\/v2\/posts"}],"about":[{"href":"https:\/\/www.europesays.com\/fi\/wp-json\/wp\/v2\/types\/post"}],"author":[{"embeddable":true,"href":"https:\/\/www.europesays.com\/fi\/wp-json\/wp\/v2\/users\/2"}],"replies":[{"embeddable":true,"href":"https:\/\/www.europesays.com\/fi\/wp-json\/wp\/v2\/comments?post=339963"}],"version-history":[{"count":0,"href":"https:\/\/www.europesays.com\/fi\/wp-json\/wp\/v2\/posts\/339963\/revisions"}],"wp:featuredmedia":[{"embeddable":true,"href":"https:\/\/www.europesays.com\/fi\/wp-json\/wp\/v2\/media\/339964"}],"wp:attachment":[{"href":"https:\/\/www.europesays.com\/fi\/wp-json\/wp\/v2\/media?parent=339963"}],"wp:term":[{"taxonomy":"category","embeddable":true,"href":"https:\/\/www.europesays.com\/fi\/wp-json\/wp\/v2\/categories?post=339963"},{"taxonomy":"post_tag","embeddable":true,"href":"https:\/\/www.europesays.com\/fi\/wp-json\/wp\/v2\/tags?post=339963"}],"curies":[{"name":"wp","href":"https:\/\/api.w.org\/{rel}","templated":true}]}}