{"id":339967,"date":"2026-09-02T23:55:10","date_gmt":"2026-09-02T23:55:10","guid":{"rendered":"https:\/\/www.europesays.com\/fi\/339967\/"},"modified":"2026-09-02T23:55:10","modified_gmt":"2026-09-02T23:55:10","slug":"venajan-ilmaisku-vahingoitti-kerrostaloa-odessassa-uutiset","status":"publish","type":"post","link":"https:\/\/www.europesays.com\/fi\/339967\/","title":{"rendered":"Ven\u00e4j\u00e4n ilmaisku vahingoitti kerrostaloa Odessassa | Uutiset"},"content":{"rendered":"<p>Kiovassa tutkitaan turvallisuusjoukkojen v\u00e4list\u00e4 ampumistapausta<img decoding=\"async\" alt=\"Henkil\u00f6 pukeutuneena maastokuvioiseen univormuun, sel\u00e4ss\u00e4 kangasmerkki, jossa kyrillisin kirjaimin teksti &quot;\u0421\u0411\u0423&quot;.\" src=\"https:\/\/www.europesays.com\/fi\/wp-content\/uploads\/2026\/09\/1788393310_728_1788371586.jpeg\" loading=\"lazy\" class=\"aw__sc-dklauk-0 LPzKX\"\/><\/p>\n<p>Avaa kuvien katselu<\/p>\n<p>Ukrainan turvallisuuspalvelu SBU:n upseeri osallistui harjoituksiin 17. lokakuuta 2025. Kuva:  Kyrylo Chubotin \/ AOP<\/p>\n<p class=\"aw__sc-1fr77j0-1 TDEqA\">Ukrainan turvallisuuspalveluiden joukkojen kahden haaran  v\u00e4lill\u00e4 puhkesi taistelu keskiviikkona. \u00a0Kaksi taisteluun osallistunutta ryhm\u00e4\u00e4 olivat Ukrainan  turvallisuuspalvelusta (SBU) ja Ukrainan sotilastiedustelusta (HUR), kertoo <a href=\"https:\/\/kyivindependent.com\/ukraine-prevents-fsb-plot-against-russian-opposition-figure\/?gsid=d6b033b3-9c95-43e2-b0b8-affae3668d87\" class=\"aw__sc-1uqi69x-0 aw__sc-1kcnrzg-0 jwODkx hqUnKt\" rel=\"nofollow noopener\" target=\"_blank\">Kyiv Independent.<\/a><\/p>\n<p class=\"aw__sc-1fr77j0-1 TDEqA\">Nyt tapaukseen on liitetty Ven\u00e4j\u00e4n turvallisuuspalvelun FSB:n juoni ukrainalaisten joukoissa taistelevaa ven\u00e4l\u00e4issotilasta Stepan Kaplunovia vastaan. Ven\u00e4j\u00e4n vapaaehtoiskaartin (RVC) mukaan komentajan apulainen Kaplunov oli siepattu kotipihaltaan elokuussa. Kaplunov on jo vapautettu.<\/p>\n<p class=\"aw__sc-1fr77j0-1 TDEqA\">SBU:n joukot olivat tutkineet ven\u00e4l\u00e4isen vapaaehtoisen tapausta, kun HUR oli ampunut SBU:n joukkoja Kiovassa keskiviikkona.  Ampumisessa loukkaantui lopulta kolme HUR-joukkojen sotilasta.<\/p>\n<p class=\"aw__sc-1fr77j0-1 TDEqA\">Ukrainan presidentti Volodymyr Zelenskyi oli kutsunut koolle molempien joukkojen johtajat ja m\u00e4\u00e4r\u00e4nnyt heid\u00e4t kertomaan julkisuuteen, mit\u00e4 oli tapahtunut. <\/p>\n<p class=\"aw__sc-1fr77j0-1 TDEqA\">T\u00e4m\u00e4 ei ole ensimm\u00e4inen kerta, kun turvallisuuspalveluiden v\u00e4lill\u00e4 on kahakkaa. Ven\u00e4j\u00e4n hy\u00f6kk\u00e4yssodan alkuaikoina SBU:n v\u00e4itet\u00e4\u00e4n ampuneen pankkiirin, joka ty\u00f6skenteli HUR-joukoille.<\/p>\n","protected":false},"excerpt":{"rendered":"Kiovassa tutkitaan turvallisuusjoukkojen v\u00e4list\u00e4 ampumistapausta Avaa kuvien katselu Ukrainan turvallisuuspalvelu SBU:n upseeri osallistui harjoituksiin 17. lokakuuta 2025. Kuva:&hellip;\n","protected":false},"author":2,"featured_media":339968,"comment_status":"","ping_status":"","sticky":false,"template":"","format":"standard","meta":{"footnotes":"","_share_on_mastodon":"0"},"categories":[14],"tags":[22,23,26,27,33,31,30,17,70,24,25,28,29,15,18,21,32,19,20,1303,56,16,547,987,59,60,61],"class_list":["post-339967","post","type-post","status-publish","format-standard","has-post-thumbnail","category-ulkomaat","tag-breaking-news","tag-breakingnews","tag-featured-news","tag-featurednews","tag-fi","tag-finland","tag-finnish","tag-headlines","tag-kansainvalinen-politiikka","tag-latest-news","tag-latestnews","tag-main-news","tag-mainnews","tag-news","tag-otsikot","tag-paauutiset","tag-suomi","tag-top-stories","tag-topstories","tag-ukraina","tag-ulkomaat","tag-uutiset","tag-venaja","tag-venajan-hyokkays","tag-world","tag-world-news","tag-worldnews"],"share_on_mastodon":{"url":"https:\/\/pubeurope.com\/@fi\/117204151892388410","error":""},"_links":{"self":[{"href":"https:\/\/www.europesays.com\/fi\/wp-json\/wp\/v2\/posts\/339967","targetHints":{"allow":["GET"]}}],"collection":[{"href":"https:\/\/www.europesays.com\/fi\/wp-json\/wp\/v2\/posts"}],"about":[{"href":"https:\/\/www.europesays.com\/fi\/wp-json\/wp\/v2\/types\/post"}],"author":[{"embeddable":true,"href":"https:\/\/www.europesays.com\/fi\/wp-json\/wp\/v2\/users\/2"}],"replies":[{"embeddable":true,"href":"https:\/\/www.europesays.com\/fi\/wp-json\/wp\/v2\/comments?post=339967"}],"version-history":[{"count":0,"href":"https:\/\/www.europesays.com\/fi\/wp-json\/wp\/v2\/posts\/339967\/revisions"}],"wp:featuredmedia":[{"embeddable":true,"href":"https:\/\/www.europesays.com\/fi\/wp-json\/wp\/v2\/media\/339968"}],"wp:attachment":[{"href":"https:\/\/www.europesays.com\/fi\/wp-json\/wp\/v2\/media?parent=339967"}],"wp:term":[{"taxonomy":"category","embeddable":true,"href":"https:\/\/www.europesays.com\/fi\/wp-json\/wp\/v2\/categories?post=339967"},{"taxonomy":"post_tag","embeddable":true,"href":"https:\/\/www.europesays.com\/fi\/wp-json\/wp\/v2\/tags?post=339967"}],"curies":[{"name":"wp","href":"https:\/\/api.w.org\/{rel}","templated":true}]}}