{"id":339969,"date":"2026-09-02T23:56:07","date_gmt":"2026-09-02T23:56:07","guid":{"rendered":"https:\/\/www.europesays.com\/fi\/339969\/"},"modified":"2026-09-02T23:56:07","modified_gmt":"2026-09-02T23:56:07","slug":"voimakas-pamaus-hyvinkaalla-tasta-oli-kyse-iltalehti","status":"publish","type":"post","link":"https:\/\/www.europesays.com\/fi\/339969\/","title":{"rendered":"Voimakas pamaus Hyvink\u00e4\u00e4ll\u00e4: T\u00e4st\u00e4 oli kyse &#8211; Iltalehti"},"content":{"rendered":"<ol>\n<li><a href=\"https:\/\/news.google.com\/rss\/articles\/CBMie0FVX3lxTE9sNGpSdDFsRzRQeUZTQjRBSkNqNGlQWDlXblVESlF5OHIwcWVxc2RMazVoUWM2U2REUk82VEZqTFdhOERoRXVaSFpIVTBwWWxNVEV5dVpPMHktdlV2cXdTM3N2MnNxUWptZkY2akZFMjNVZEJGNm8yZWJvaw?oc=5\" target=\"_blank\" rel=\"nofollow noopener\">Voimakas pamaus Hyvink\u00e4\u00e4ll\u00e4: T\u00e4st\u00e4 oli kyse<\/a>&nbsp;&nbsp;Iltalehti<\/li>\n<li><a href=\"https:\/\/news.google.com\/rss\/articles\/CBMiVkFVX3lxTFBfMTRuNlprTnNBazFMdkROa0VZQ01HWWI3LTdMRUJZM2s2emV1RHh4a3VvX0F4QURjTG5kcWpwemVpaUdzQ19oN2JGakl5aUxJR2NGbGtB?oc=5\" target=\"_blank\" rel=\"nofollow noopener\">Hollannin keskuspankki siirt\u00e4nyt kultaa miljardien arvosta pois Yhdysvalloista ja Kanadasta<\/a>&nbsp;&nbsp;yle.fi<\/li>\n<li><a href=\"https:\/\/news.google.com\/rss\/articles\/CBMiiAFBVV95cUxQS1k0bGhWellTcnBDYUhZVzhoVWw1ZnpjZzlNMEUzQXFRTWw2RjM4a2NMWTlUd0YyNkxYM3ZkeXQwdVdJdjN3cDdSMWp2YU10TFBOcGtrNWpWTDdLenRiM1dpamVDM0lNaXV2T29aekg4cGV0NVFYRDVOUExPbW1ZRnl0VHFKc1Fn?oc=5\" target=\"_blank\" rel=\"nofollow noopener\">Hyvink\u00e4\u00e4ll\u00e4 r\u00e4j\u00e4hti lujaa \u2013 syy selvisi<\/a>&nbsp;&nbsp;mtvuutiset.fi<\/li>\n<li><a href=\"https:\/\/news.google.com\/rss\/articles\/CBMiV0FVX3lxTE00QnkwRGowN1lhdFZ6MGV6YXg0RzNMbTBLSmVWc205YkxnQTZLMTQzeEo5Z2JpSUsxY1FXaEFpX0I4LWU3cU5HOG92TzAyLWoyRkl3YUZPMA?oc=5\" target=\"_blank\" rel=\"nofollow noopener\">Poliisi sai ilmoituksen ep\u00e4illyst\u00e4 sodanaikaisesta r\u00e4j\u00e4hteest\u00e4 Hyvink\u00e4\u00e4ll\u00e4.<\/a>&nbsp;&nbsp;aamuposti.fi<\/li>\n<\/ol>\n","protected":false},"excerpt":{"rendered":"Voimakas pamaus Hyvink\u00e4\u00e4ll\u00e4: T\u00e4st\u00e4 oli kyse&nbsp;&nbsp;Iltalehti Hollannin keskuspankki siirt\u00e4nyt kultaa miljardien arvosta pois Yhdysvalloista ja Kanadasta&nbsp;&nbsp;yle.fi Hyvink\u00e4\u00e4ll\u00e4 r\u00e4j\u00e4hti&hellip;\n","protected":false},"author":2,"featured_media":339970,"comment_status":"","ping_status":"","sticky":false,"template":"","format":"standard","meta":{"footnotes":"","_share_on_mastodon":"0"},"categories":[12],"tags":[35,22,23,26,27,33,31,30,17,55,24,25,28,29,15,18,21,122,54,52,32,19,20,546,16],"class_list":["post-339969","post","type-post","status-publish","format-standard","has-post-thumbnail","category-suomi","tag-24h","tag-breaking-news","tag-breakingnews","tag-featured-news","tag-featurednews","tag-fi","tag-finland","tag-finnish","tag-headlines","tag-lainvalvonta","tag-latest-news","tag-latestnews","tag-main-news","tag-mainnews","tag-news","tag-otsikot","tag-paauutiset","tag-pelastaminen","tag-pelastuspalvelut","tag-poliisi","tag-suomi","tag-top-stories","tag-topstories","tag-turvallisuus","tag-uutiset"],"share_on_mastodon":{"url":"https:\/\/pubeurope.com\/@fi\/117204155714823558","error":""},"_links":{"self":[{"href":"https:\/\/www.europesays.com\/fi\/wp-json\/wp\/v2\/posts\/339969","targetHints":{"allow":["GET"]}}],"collection":[{"href":"https:\/\/www.europesays.com\/fi\/wp-json\/wp\/v2\/posts"}],"about":[{"href":"https:\/\/www.europesays.com\/fi\/wp-json\/wp\/v2\/types\/post"}],"author":[{"embeddable":true,"href":"https:\/\/www.europesays.com\/fi\/wp-json\/wp\/v2\/users\/2"}],"replies":[{"embeddable":true,"href":"https:\/\/www.europesays.com\/fi\/wp-json\/wp\/v2\/comments?post=339969"}],"version-history":[{"count":0,"href":"https:\/\/www.europesays.com\/fi\/wp-json\/wp\/v2\/posts\/339969\/revisions"}],"wp:featuredmedia":[{"embeddable":true,"href":"https:\/\/www.europesays.com\/fi\/wp-json\/wp\/v2\/media\/339970"}],"wp:attachment":[{"href":"https:\/\/www.europesays.com\/fi\/wp-json\/wp\/v2\/media?parent=339969"}],"wp:term":[{"taxonomy":"category","embeddable":true,"href":"https:\/\/www.europesays.com\/fi\/wp-json\/wp\/v2\/categories?post=339969"},{"taxonomy":"post_tag","embeddable":true,"href":"https:\/\/www.europesays.com\/fi\/wp-json\/wp\/v2\/tags?post=339969"}],"curies":[{"name":"wp","href":"https:\/\/api.w.org\/{rel}","templated":true}]}}