{"id":339975,"date":"2026-09-03T00:17:08","date_gmt":"2026-09-03T00:17:08","guid":{"rendered":"https:\/\/www.europesays.com\/fi\/339975\/"},"modified":"2026-09-03T00:17:08","modified_gmt":"2026-09-03T00:17:08","slug":"loukkaantuneen-f1-tahden-kohtalo-ratkesi-iltalehti","status":"publish","type":"post","link":"https:\/\/www.europesays.com\/fi\/339975\/","title":{"rendered":"Loukkaantuneen F1-t\u00e4hden kohtalo ratkesi &#8211; Iltalehti"},"content":{"rendered":"<ol>\n<li><a href=\"https:\/\/news.google.com\/rss\/articles\/CBMifEFVX3lxTE1CcTBTbmVkT1A0MWx6dmFDTFJ4Q1p5Vnk1VUd5b3ljOUhQV29zZXhSM2QxYlpoaVpTUFVSRHUzZE1XbFhpamE5TGtLTWhEVWNRdVNsQlV4Q0FGREs1LUdkdTVESGRYeEZBTmxBYjF4d3hWQnRtQ083VDlzdVI?oc=5\" target=\"_blank\" rel=\"nofollow noopener\">Loukkaantuneen F1-t\u00e4hden kohtalo ratkesi<\/a>&nbsp;&nbsp;Iltalehti<\/li>\n<li><a href=\"https:\/\/news.google.com\/rss\/articles\/CBMifEFVX3lxTFA2VTZxd3VfUlNXQmxWWmJma09iaHVqcFJEazhmSDBTcjNEa1lXS005c0tXaTlacE1zQ01CeXE0TDJsQXdZZG5Sd25GaWFvYzkxcnB4UnlTLVBnQWtHMVpTQXplS2pZdGxrWEJOMV85eUI2XzlRcC1HQkhKY1Y?oc=5\" target=\"_blank\" rel=\"nofollow noopener\">F1:ss\u00e4 mysteeri p\u00e4\u00e4ll\u00e4 \u2013 Loukkaantunut kuski astui julkisuuteen<\/a>&nbsp;&nbsp;Iltalehti<\/li>\n<li><a href=\"https:\/\/news.google.com\/rss\/articles\/CBMiowFBVV95cUxPLU1KM3VXY2lWZE16VC16Yk1nMXhvUXZhLUM1WlNFNVdRMkpWREg0dGlodUZSRHdOdWpoZzFySjdFaUozU3d3RmtOcndOS1hnS1k4TUZjZUNyVXhOUEJVYTlWWEFxRk40dzFHRmsyQTBCLU5SY3dtVzdRSWNvY1VlVU9qWU9XNzdwVUt2Z285V0xCWWpRSEhudlhQWC15c21KMlM4?oc=5\" target=\"_blank\" rel=\"nofollow noopener\">Isack Hadjar sivuun Italian GP:st\u00e4 \u2013 Red Bull vahvisti kuskinsa Monzaan<\/a>&nbsp;&nbsp;SuomiF1<\/li>\n<li><a href=\"https:\/\/news.google.com\/rss\/articles\/CBMiVkFVX3lxTE5FNmNIVzZ6RldjUkktVktPOExJdWJDZ2VaQWswVEtxUkxUZjhOWVU1RVNzYVNaSEROOTJOY3ZTdzlvNngzdjdSTDBhUDdIQ05acVozbDVn?oc=5\" target=\"_blank\" rel=\"nofollow noopener\">Lawson korvaa Hadjarin Red Bullilla my\u00f6s Monzassa<\/a>&nbsp;&nbsp;Kymen Sanomat<\/li>\n<li><a href=\"https:\/\/news.google.com\/rss\/articles\/CBMigAFBVV95cUxQa2MxLXRWMnhaRjhMS0pyd0lyQ3BKNGg2TUxJNzdRNmxpbGp0cmZOLVpsbldiQXpmU2dkY3kzbkJ6VTdHUjlpWUR4b1dfaXRJVXdzVnRpM2VSLUN0eW1Wd2JEVnJObXlleVdXU2gxd0gzNVJCSl9Ja0FoRmtBUTJhaA?oc=5\" target=\"_blank\" rel=\"nofollow noopener\">F1-kuljettaja loukkaantui \u2013 nyt tuli rohkaiseva viesti<\/a>&nbsp;&nbsp;Rallit.fi<\/li>\n<\/ol>\n","protected":false},"excerpt":{"rendered":"Loukkaantuneen F1-t\u00e4hden kohtalo ratkesi&nbsp;&nbsp;Iltalehti F1:ss\u00e4 mysteeri p\u00e4\u00e4ll\u00e4 \u2013 Loukkaantunut kuski astui julkisuuteen&nbsp;&nbsp;Iltalehti Isack Hadjar sivuun Italian GP:st\u00e4 \u2013&hellip;\n","protected":false},"author":2,"featured_media":339976,"comment_status":"","ping_status":"","sticky":false,"template":"","format":"standard","meta":{"footnotes":"","_share_on_mastodon":"0"},"categories":[158],"tags":[35,2810,33,31,30,3437,41,83,2811,159,32,160],"class_list":["post-339975","post","type-post","status-publish","format-standard","has-post-thumbnail","category-urheilu","tag-24h","tag-autourheilu-ja-urheiluautot","tag-fi","tag-finland","tag-finnish","tag-formula-1","tag-liikunta-ja-urheilu","tag-moottoriurheilu","tag-rata-autoilu","tag-sports","tag-suomi","tag-urheilu"],"share_on_mastodon":{"url":"https:\/\/pubeurope.com\/@fi\/117204238120092052","error":""},"_links":{"self":[{"href":"https:\/\/www.europesays.com\/fi\/wp-json\/wp\/v2\/posts\/339975","targetHints":{"allow":["GET"]}}],"collection":[{"href":"https:\/\/www.europesays.com\/fi\/wp-json\/wp\/v2\/posts"}],"about":[{"href":"https:\/\/www.europesays.com\/fi\/wp-json\/wp\/v2\/types\/post"}],"author":[{"embeddable":true,"href":"https:\/\/www.europesays.com\/fi\/wp-json\/wp\/v2\/users\/2"}],"replies":[{"embeddable":true,"href":"https:\/\/www.europesays.com\/fi\/wp-json\/wp\/v2\/comments?post=339975"}],"version-history":[{"count":0,"href":"https:\/\/www.europesays.com\/fi\/wp-json\/wp\/v2\/posts\/339975\/revisions"}],"wp:featuredmedia":[{"embeddable":true,"href":"https:\/\/www.europesays.com\/fi\/wp-json\/wp\/v2\/media\/339976"}],"wp:attachment":[{"href":"https:\/\/www.europesays.com\/fi\/wp-json\/wp\/v2\/media?parent=339975"}],"wp:term":[{"taxonomy":"category","embeddable":true,"href":"https:\/\/www.europesays.com\/fi\/wp-json\/wp\/v2\/categories?post=339975"},{"taxonomy":"post_tag","embeddable":true,"href":"https:\/\/www.europesays.com\/fi\/wp-json\/wp\/v2\/tags?post=339975"}],"curies":[{"name":"wp","href":"https:\/\/api.w.org\/{rel}","templated":true}]}}