{"id":339981,"date":"2026-09-03T00:22:13","date_gmt":"2026-09-03T00:22:13","guid":{"rendered":"https:\/\/www.europesays.com\/fi\/339981\/"},"modified":"2026-09-03T00:22:13","modified_gmt":"2026-09-03T00:22:13","slug":"viron-puolustusministeri-erosi-ukrainan-aseapuun-liittyvan-skandaalin-karayttamana-uutissuomalainen","status":"publish","type":"post","link":"https:\/\/www.europesays.com\/fi\/339981\/","title":{"rendered":"Viron puolustusministeri erosi Ukrainan aseapuun liittyv\u00e4n skandaalin k\u00e4r\u00e4ytt\u00e4m\u00e4n\u00e4 | Uutissuomalainen"},"content":{"rendered":"<p>Viron puolustusministeri, keskustaoikeistolaisen reformipuolueen Hanno Pevkur ilmoitti keskiviikkona eroavansa teht\u00e4v\u00e4st\u00e4\u00e4n. Pevkur aloitti puolustusministerin\u00e4 vuonna 2022.<\/p>\n<p>Syyn\u00e4 on puolustusministeri\u00f6n hallintoon kohdistuva rikostutkinta, jonka Viron valtakunnansyytt\u00e4j\u00e4 k\u00e4ynnisti valtiontalouden tarkastusviraston l\u00f6yd\u00f6sten pohjalta. Tutkinta koskee vuoden 2024 sopimusta.<\/p>\n<p>Skandaali puhkesi siit\u00e4, ett\u00e4 tykist\u00f6ammuksia Ukrainalle ostanut Viro oli maksanut etuk\u00e4teen noin 70 miljoonaa euroa intialaisyhti\u00f6lle, jolla ei ollut taustaa ammuskaupoista. <a href=\"https:\/\/www.postimees.ee\/8537652\/ukraina-jai-moonata-rkik-tasus-4x15-miljonit-eurot-ettemaksu-aga-sai-hoopis-petta\" rel=\"nofollow noopener\" target=\"_blank\">Postimees<\/a> uutisoi, ett\u00e4 ammukset j\u00e4iv\u00e4t saamatta.<\/p>\n","protected":false},"excerpt":{"rendered":"Viron puolustusministeri, keskustaoikeistolaisen reformipuolueen Hanno Pevkur ilmoitti keskiviikkona eroavansa teht\u00e4v\u00e4st\u00e4\u00e4n. Pevkur aloitti puolustusministerin\u00e4 vuonna 2022. Syyn\u00e4 on puolustusministeri\u00f6n&hellip;\n","protected":false},"author":2,"featured_media":339982,"comment_status":"","ping_status":"","sticky":false,"template":"","format":"standard","meta":{"footnotes":"","_share_on_mastodon":"0"},"categories":[14],"tags":[22,23,26,27,33,31,30,863,17,53,24,25,803,28,29,15,18,21,637,32,19,20,56,16,4029,59,60,61],"class_list":["post-339981","post","type-post","status-publish","format-standard","has-post-thumbnail","category-ulkomaat","tag-breaking-news","tag-breakingnews","tag-featured-news","tag-featurednews","tag-fi","tag-finland","tag-finnish","tag-hallitus","tag-headlines","tag-laki-oikeus-ja-rikos","tag-latest-news","tag-latestnews","tag-levottomuudet-ja-sodat","tag-main-news","tag-mainnews","tag-news","tag-otsikot","tag-paauutiset","tag-politiikka","tag-suomi","tag-top-stories","tag-topstories","tag-ulkomaat","tag-uutiset","tag-viro","tag-world","tag-world-news","tag-worldnews"],"share_on_mastodon":{"url":"https:\/\/pubeurope.com\/@fi\/117204257802287622","error":""},"_links":{"self":[{"href":"https:\/\/www.europesays.com\/fi\/wp-json\/wp\/v2\/posts\/339981","targetHints":{"allow":["GET"]}}],"collection":[{"href":"https:\/\/www.europesays.com\/fi\/wp-json\/wp\/v2\/posts"}],"about":[{"href":"https:\/\/www.europesays.com\/fi\/wp-json\/wp\/v2\/types\/post"}],"author":[{"embeddable":true,"href":"https:\/\/www.europesays.com\/fi\/wp-json\/wp\/v2\/users\/2"}],"replies":[{"embeddable":true,"href":"https:\/\/www.europesays.com\/fi\/wp-json\/wp\/v2\/comments?post=339981"}],"version-history":[{"count":0,"href":"https:\/\/www.europesays.com\/fi\/wp-json\/wp\/v2\/posts\/339981\/revisions"}],"wp:featuredmedia":[{"embeddable":true,"href":"https:\/\/www.europesays.com\/fi\/wp-json\/wp\/v2\/media\/339982"}],"wp:attachment":[{"href":"https:\/\/www.europesays.com\/fi\/wp-json\/wp\/v2\/media?parent=339981"}],"wp:term":[{"taxonomy":"category","embeddable":true,"href":"https:\/\/www.europesays.com\/fi\/wp-json\/wp\/v2\/categories?post=339981"},{"taxonomy":"post_tag","embeddable":true,"href":"https:\/\/www.europesays.com\/fi\/wp-json\/wp\/v2\/tags?post=339981"}],"curies":[{"name":"wp","href":"https:\/\/api.w.org\/{rel}","templated":true}]}}