{"id":339989,"date":"2026-09-03T00:45:20","date_gmt":"2026-09-03T00:45:20","guid":{"rendered":"https:\/\/www.europesays.com\/fi\/339989\/"},"modified":"2026-09-03T00:45:20","modified_gmt":"2026-09-03T00:45:20","slug":"tassa-on-suomen-paras-pakastepizza-suomalaiset-valitsivat-isssa","status":"publish","type":"post","link":"https:\/\/www.europesays.com\/fi\/339989\/","title":{"rendered":"T\u00e4ss\u00e4 on Suomen paras pakastepizza &#8211; suomalaiset valitsivat IS:ss\u00e4"},"content":{"rendered":"<p class=\"wp-block-paragraph\">On olemassa itse tehty\u00e4 pizzaa, sit\u00e4 uunipellille tehty\u00e4.<\/p>\n<p class=\"wp-block-paragraph\">On olemassa pizzerian pizzaa.<\/p>\n<p class=\"wp-block-paragraph\">Ja sitten on olemassa pakastepizzaa. Ja sit\u00e4 suomalaiset erityisesti rakastavat.<\/p>\n<p class=\"wp-block-paragraph\">Mutta mik\u00e4 pakastepizza on suomalaisten mielest\u00e4 paras? Siihen tuli nyt selvyys <a href=\"https:\/\/www.is.fi\/ruokala\/ajankohtaista\/art-2000012238504.html\" target=\"_blank\" rel=\"noopener noreferrer nofollow\">Ilta-Sanomien<\/a> j\u00e4rjest\u00e4m\u00e4n \u00e4\u00e4nestyksen seurauksena.<\/p>\n<p class=\"wp-block-paragraph\">IS:n \u00e4\u00e4nestys oli laajakattoisa. Mukana oli per\u00e4ti 76 eri pakastepizzaa. \u00c4\u00e4ni\u00e4 kertyi miltei 15 000 kappaletta, eli varsin vakuuttava otos.<\/p>\n<p class=\"wp-block-paragraph\">No niin, kerrotaanpas se voittaja, t\u00e4\u00e4ll\u00e4h\u00e4n alkaa jo kieli tirist\u00e4.<\/p>\n<p class=\"wp-block-paragraph\">Ilta-Sanomien lukijat \u00e4\u00e4nestiv\u00e4t kauppojen parhaaksi pakastepizzaksi Pizza Backenin Pepperoni-pizzan. Se sis\u00e4lt\u00e4\u00e4 mozzarellaa, parmesaania, marinoitua punasipulia ja pepperonia. Pizza Backen toimii Turusta k\u00e4sin.<\/p>\n<p><img loading=\"lazy\" height=\"440\" width=\"454\" class=\"wp-image-135526 sp-no-webp perfmatters-lazy\" alt=\"\" decoding=\"async\" src=\"https:\/\/www.europesays.com\/fi\/wp-content\/uploads\/2026\/09\/image-7-46.jpg\"  data-\/> <\/p>\n<p class=\"wp-block-paragraph\">Toiselle sijalle ylsi Dr. Oetkerin Rustica-sarjan pakastepizza Double Pepperoni eli tuplapepperoni.<\/p>\n<p><img loading=\"lazy\" height=\"600\" width=\"600\" class=\"wp-image-135527 sp-no-webp perfmatters-lazy\" alt=\"\" decoding=\"async\" src=\"https:\/\/www.europesays.com\/fi\/wp-content\/uploads\/2026\/09\/image-7-47.jpg\"  data-\/> <\/p>\n<p class=\"wp-block-paragraph\">Kolmannen sijan nappaa Dr. Oetkerin Ristorante-sarjan klassikko, Mozzarella-pakastepizza.<\/p>\n<p><img loading=\"lazy\" height=\"662\" width=\"616\" class=\"wp-image-135529 sp-no-webp perfmatters-lazy\" alt=\"\" decoding=\"async\" src=\"https:\/\/www.europesays.com\/fi\/wp-content\/uploads\/2026\/09\/image-7-49.jpg\"  data-\/> <\/p>\n<p class=\"wp-block-paragraph\">Tiesith\u00e4n, ett\u00e4 pizzaa voi sy\u00f6d\u00e4 muulloinkin kuin vain pizzaperjantaina? Ellet, niin nyt tied\u00e4t.<\/p>\n","protected":false},"excerpt":{"rendered":"On olemassa itse tehty\u00e4 pizzaa, sit\u00e4 uunipellille tehty\u00e4. On olemassa pizzerian pizzaa. Ja sitten on olemassa pakastepizzaa. Ja&hellip;\n","protected":false},"author":2,"featured_media":339990,"comment_status":"","ping_status":"","sticky":false,"template":"","format":"standard","meta":{"footnotes":"","_share_on_mastodon":"0"},"categories":[130],"tags":[137,33,31,30,900,32,109],"class_list":["post-339989","post","type-post","status-publish","format-standard","has-post-thumbnail","category-viihde","tag-entertainment","tag-fi","tag-finland","tag-finnish","tag-ruoka","tag-suomi","tag-viihde"],"share_on_mastodon":{"url":"https:\/\/pubeurope.com\/@fi\/117204348873288762","error":""},"_links":{"self":[{"href":"https:\/\/www.europesays.com\/fi\/wp-json\/wp\/v2\/posts\/339989","targetHints":{"allow":["GET"]}}],"collection":[{"href":"https:\/\/www.europesays.com\/fi\/wp-json\/wp\/v2\/posts"}],"about":[{"href":"https:\/\/www.europesays.com\/fi\/wp-json\/wp\/v2\/types\/post"}],"author":[{"embeddable":true,"href":"https:\/\/www.europesays.com\/fi\/wp-json\/wp\/v2\/users\/2"}],"replies":[{"embeddable":true,"href":"https:\/\/www.europesays.com\/fi\/wp-json\/wp\/v2\/comments?post=339989"}],"version-history":[{"count":0,"href":"https:\/\/www.europesays.com\/fi\/wp-json\/wp\/v2\/posts\/339989\/revisions"}],"wp:featuredmedia":[{"embeddable":true,"href":"https:\/\/www.europesays.com\/fi\/wp-json\/wp\/v2\/media\/339990"}],"wp:attachment":[{"href":"https:\/\/www.europesays.com\/fi\/wp-json\/wp\/v2\/media?parent=339989"}],"wp:term":[{"taxonomy":"category","embeddable":true,"href":"https:\/\/www.europesays.com\/fi\/wp-json\/wp\/v2\/categories?post=339989"},{"taxonomy":"post_tag","embeddable":true,"href":"https:\/\/www.europesays.com\/fi\/wp-json\/wp\/v2\/tags?post=339989"}],"curies":[{"name":"wp","href":"https:\/\/api.w.org\/{rel}","templated":true}]}}