{"id":340005,"date":"2026-09-03T01:15:13","date_gmt":"2026-09-03T01:15:13","guid":{"rendered":"https:\/\/www.europesays.com\/fi\/340005\/"},"modified":"2026-09-03T01:15:13","modified_gmt":"2026-09-03T01:15:13","slug":"venezuelalla-ei-ole-kiiretta-vaalien-jarjestamisessa-sanoo-presidentti-uutissuomalainen","status":"publish","type":"post","link":"https:\/\/www.europesays.com\/fi\/340005\/","title":{"rendered":"Venezuelalla ei ole kiirett\u00e4 vaalien j\u00e4rjest\u00e4misess\u00e4, sanoo presidentti | Uutissuomalainen"},"content":{"rendered":"<p>Venezuelan siirtym\u00e4kauden presidentti Delcy Rodriguez viittaa kintaalla vaatimuksiin, ett\u00e4 maassa j\u00e4rjestett\u00e4isiin pikaisesti uudet vaalit. Rodriguez sanoi toimittajille, ett\u00e4 vaaliprosessiin ryhdyt\u00e4\u00e4n, kun Venezuela on siihen valmis.<\/p>\n<p>\u2013\u2009Siit\u00e4 ei ole ep\u00e4ilyst\u00e4k\u00e4\u00e4n, ett\u00e4 meille tulee vaaliprosessi, mutta vasta sitten, kun Venezuela on valmis, Rodriguez sanoi.<\/p>\n<p>Rodriguez esitti kommenttinsa sen j\u00e4lkeen, kun maassa oli allekirjoitettu useita miljardiluokan energiasopimuksia yhdysvaltalaisyhti\u00f6iden ja Venezuelan v\u00e4lill\u00e4. Sopimuksilla yhti\u00f6t saavat tukevan jalansijan \u00f6ljyrikkaasta Etel\u00e4-Amerikan maasta. Allekirjoitustilaisuudessa vieraili my\u00f6s Yhdysvaltain energiaministeri Chris Wright.<\/p>\n<p>Venezuelan kansalliskokous hyv\u00e4ksyi tiistaina \u00f6ljysopimuksen, joka antaa Yhdysvalloille m\u00e4\u00e4r\u00e4ysvallan noin viidenneksest\u00e4 Venezuelan \u00f6ljyvaroista. Yhdysvaltain presidentti Donald Trump sanoi perjantaina, ett\u00e4 Yhdysvallat saisi sopimuksen my\u00f6t\u00e4 Venezuelan \u00f6ljyvarantoja enemmist\u00f6hallintaansa yli 65 miljardin barrelin edest\u00e4.<\/p>\n<p>\t\t\t\tTrump: En usko, ett\u00e4 ovat valmiita<\/p>\n<p>My\u00f6s Trump on toppuutellut oman republikaanipuolueensa edustajien vaatimuksia siit\u00e4, ett\u00e4 Venezuelassa pit\u00e4\u00e4 j\u00e4rjest\u00e4\u00e4 vaalit mahdollisimman pian.<\/p>\n<p>\u2013\u2009En vaan usko, ett\u00e4 he ovat viel\u00e4 valmiita siihen. Tied\u00e4ttek\u00f6, kaikki on niin uutta. Me veimme heid\u00e4t pois diktatuurista, ja tulemme hyvin juttuun hallinnon kanssa, Trump sanoi keskiviikkona.<\/p>\n<p>Venezuelalla on maailman suurimmat todistetut \u00f6ljyvarannot. Presidentti Rodriguez on sanonut Venezuelan \u00f6ljyvarantojen pysyv\u00e4n maan omassa hallinnassa \u00f6ljysopimuksesta huolimatta.<\/p>\n<p>Rodriguez nousi maan siirtym\u00e4kauden presidentiksi sen j\u00e4lkeen, kun Yhdysvallat sieppasi sotilasoperaatiossa maan itsevaltaisen johtajan Nicolas Maduron vuoden alussa. T\u00e4m\u00e4n j\u00e4lkeen Yhdysvallat on painostanut Venezuelan hallinnon tahtoonsa erityisesti maan \u00f6ljyvarantojen saamisessa Yhdysvaltojen k\u00e4ytt\u00f6\u00f6n.<\/p>\n<p>Ennen siirtym\u00e4kauden presidentiksi nousua Rodriguez toimi Maduron varapresidenttin\u00e4.<\/p>\n","protected":false},"excerpt":{"rendered":"Venezuelan siirtym\u00e4kauden presidentti Delcy Rodriguez viittaa kintaalla vaatimuksiin, ett\u00e4 maassa j\u00e4rjestett\u00e4isiin pikaisesti uudet vaalit. Rodriguez sanoi toimittajille, ett\u00e4&hellip;\n","protected":false},"author":2,"featured_media":340006,"comment_status":"","ping_status":"","sticky":false,"template":"","format":"standard","meta":{"footnotes":"","_share_on_mastodon":"0"},"categories":[14],"tags":[22,23,585,26,27,33,31,30,17,24,25,28,29,15,18,21,142,637,144,32,19,20,56,16,638,59,60,61,143,146],"class_list":["post-340005","post","type-post","status-publish","format-standard","has-post-thumbnail","category-ulkomaat","tag-breaking-news","tag-breakingnews","tag-donald-trump","tag-featured-news","tag-featurednews","tag-fi","tag-finland","tag-finnish","tag-headlines","tag-latest-news","tag-latestnews","tag-main-news","tag-mainnews","tag-news","tag-otsikot","tag-paauutiset","tag-poliitikot","tag-politiikka","tag-presidentti","tag-suomi","tag-top-stories","tag-topstories","tag-ulkomaat","tag-uutiset","tag-valtiovalta","tag-world","tag-world-news","tag-worldnews","tag-yhdysvaltain-politiikka","tag-yhdysvaltain-presidentti"],"share_on_mastodon":{"url":"https:\/\/pubeurope.com\/@fi\/117204466151674690","error":""},"_links":{"self":[{"href":"https:\/\/www.europesays.com\/fi\/wp-json\/wp\/v2\/posts\/340005","targetHints":{"allow":["GET"]}}],"collection":[{"href":"https:\/\/www.europesays.com\/fi\/wp-json\/wp\/v2\/posts"}],"about":[{"href":"https:\/\/www.europesays.com\/fi\/wp-json\/wp\/v2\/types\/post"}],"author":[{"embeddable":true,"href":"https:\/\/www.europesays.com\/fi\/wp-json\/wp\/v2\/users\/2"}],"replies":[{"embeddable":true,"href":"https:\/\/www.europesays.com\/fi\/wp-json\/wp\/v2\/comments?post=340005"}],"version-history":[{"count":0,"href":"https:\/\/www.europesays.com\/fi\/wp-json\/wp\/v2\/posts\/340005\/revisions"}],"wp:featuredmedia":[{"embeddable":true,"href":"https:\/\/www.europesays.com\/fi\/wp-json\/wp\/v2\/media\/340006"}],"wp:attachment":[{"href":"https:\/\/www.europesays.com\/fi\/wp-json\/wp\/v2\/media?parent=340005"}],"wp:term":[{"taxonomy":"category","embeddable":true,"href":"https:\/\/www.europesays.com\/fi\/wp-json\/wp\/v2\/categories?post=340005"},{"taxonomy":"post_tag","embeddable":true,"href":"https:\/\/www.europesays.com\/fi\/wp-json\/wp\/v2\/tags?post=340005"}],"curies":[{"name":"wp","href":"https:\/\/api.w.org\/{rel}","templated":true}]}}