{"id":340007,"date":"2026-09-03T01:16:14","date_gmt":"2026-09-03T01:16:14","guid":{"rendered":"https:\/\/www.europesays.com\/fi\/340007\/"},"modified":"2026-09-03T01:16:14","modified_gmt":"2026-09-03T01:16:14","slug":"yrittajilta-tiukka-lista-arkipyhat-leikkuriin-vahemman-vapaa-aikaa","status":"publish","type":"post","link":"https:\/\/www.europesays.com\/fi\/340007\/","title":{"rendered":"Yritt\u00e4jilt\u00e4 tiukka lista: Arkipyh\u00e4t leikkuriin, v\u00e4hemm\u00e4n vapaa-aikaa&#8230;"},"content":{"rendered":"<p>Suomen Yritt\u00e4j\u00e4t nostaa budjettiriihen t\u00e4rkeimpiin ty\u00f6markkinatavoitteisiin ty\u00f6ajan pident\u00e4misen.<\/p>\n<p><img decoding=\"async\" class=\"image image-show image-preview\" src=\"https:\/\/www.europesays.com\/fi\/wp-content\/uploads\/2026\/09\/69a82bf5aa4ad78179b1c712633152843eea1eb25c485b411344bcce1b9203fc.jpg\" alt=\"\"\/><img decoding=\"async\" class=\"image image-show\" src=\"https:\/\/www.europesays.com\/fi\/wp-content\/uploads\/2026\/09\/1788398174_298_69a82bf5aa4ad78179b1c712633152843eea1eb25c485b411344bcce1b9203fc.jpg\" alt=\"\"\/><\/p>\n<p>Suomi tarvitsee enemm\u00e4n ty\u00f6t\u00e4, sanoo Suomen Yritt\u00e4jien toimitusjohtaja Mikael Pentik\u00e4inen tiedotteessa.  Henri K\u00e4rkk\u00e4inen<\/p>\n<p class=\"paragraph\">Suomen Yritt\u00e4j\u00e4t toivoo tuoreessa tiedotteessa hallitukselta useita toimia syksyn budjettineuvotteluissa.<\/p>\n<p class=\"paragraph\">P\u00e4\u00e4ministeri <strong>Petteri Orpon<\/strong> (kok.) hallitus aloittaa t\u00e4n\u00e4\u00e4n tiistaina viimeisen budjettiriihens\u00e4.<\/p>\n<p class=\"paragraph\">J\u00e4rjest\u00f6 haluaa hallituksen selvitt\u00e4v\u00e4n, voitaisiinko Suomessa pident\u00e4\u00e4 ty\u00f6aikaa. Samalla se ehdottaa sairausp\u00e4iv\u00e4rahan omavastuun lyhent\u00e4mist\u00e4.<\/p>\n<p class=\"paragraph\">Yritt\u00e4j\u00e4t haluaa hallituksen my\u00f6s luopuvan suurille datakeskuksille suunnitellusta veronpalautustuesta.<\/p>\n<p class=\"paragraph\">Lis\u00e4ksi j\u00e4rjest\u00f6 vaatii pikaista rahallista tukea pienille ja keskisuurille yrityksille, jos afrikkalaisen sikaruton tuomat rajoitukset aiheuttavat niille taloudellisia tappioita.<\/p>\n<p>Arkipyh\u00e4t palkattomiksi vapaiksi<\/p>\n<p class=\"paragraph\">Suomen Yritt\u00e4j\u00e4t nostaa budjettiriihen t\u00e4rkeimpiin ty\u00f6markkinatavoitteisiin ty\u00f6ajan pident\u00e4misen.<\/p>\n<p class=\"paragraph\">\u2013 Ty\u00f6ajan pident\u00e4misen vaihtoehdot on selvitett\u00e4v\u00e4 julkisella ja yksityisell\u00e4 sektorilla, jotta heti p\u00e4\u00e4t\u00f6ksi\u00e4 voidaan tehd\u00e4 heti seuraavan vaalikauden alussa. Suomi tarvitsee enemm\u00e4n ty\u00f6t\u00e4, Suomen Yritt\u00e4jien toimitusjohtaja <strong>Mikael Pentik\u00e4inen<\/strong> sanoo tiedotteessa.<\/p>\n<p class=\"paragraph\">Tiedotteen mukaan ty\u00f6ajan pident\u00e4minen voitaisiin toteuttaa esimerkiksi muuttamalla osa arkipyhist\u00e4 palkattomiksi vapaiksi tai siirt\u00e4m\u00e4ll\u00e4 niit\u00e4 viikonloppuun vuosity\u00f6aikaa lyhent\u00e4m\u00e4tt\u00e4 sek\u00e4 lyhent\u00e4m\u00e4ll\u00e4 julkisen sektorin pitki\u00e4 vuosilomia.<\/p>\n<p class=\"paragraph\">Yritt\u00e4j\u00e4t vaatii my\u00f6s sairausvakuutuslain sairausp\u00e4iv\u00e4rahan omavastuuajan lyhent\u00e4mist\u00e4 nykyisest\u00e4 kymmenest\u00e4 p\u00e4iv\u00e4st\u00e4 kolmeen.<\/p>\n<p class=\"paragraph\">\u2013 Nyt yritt\u00e4j\u00e4 maksaa jopa kymmenen p\u00e4iv\u00e4\u00e4 sairaana olevan ty\u00f6ntekij\u00e4n palkkaa saamatta siit\u00e4 hyvityst\u00e4, Pentik\u00e4inen sanoo.<\/p>\n<p class=\"paragraph\">P\u00e4\u00e4t\u00f6kset sairausajan palkan omavastuuajasta ja ty\u00f6ajan pident\u00e4misest\u00e4 voitaisiin tehd\u00e4 ripe\u00e4sti seuraavan vaalikauden alussa, kun selvitykset aloitettaisiin nyt.<\/p>\n<p>Tukea It\u00e4-Suomen yritt\u00e4jille, ei datakeskuksille<\/p>\n<p class=\"paragraph\">Yritt\u00e4j\u00e4t esitt\u00e4\u00e4, ett\u00e4 datakeskuksille valmisteltu veronpalautustuki perutaan.<\/p>\n<p class=\"paragraph\">\u2013 Suomen luontaiset sijaintiedut, kuten edullinen s\u00e4hk\u00f6, ilmasto ja vakaa toimintaymp\u00e4rist\u00f6, ovat riitt\u00e4vi\u00e4 kannustimia investoinneille, p\u00e4\u00e4ekonomisti <strong>P\u00e4ivi Puonti<\/strong> sanoo tiedotteessa.<\/p>\n<p class=\"paragraph\">\u2013 Poukkoileva s\u00e4\u00e4ntely tai jatkuva keskustelu uusista rajoituksista aiheuttaa enemm\u00e4n haittaa kuin yritystukien puute, johtaja<\/p>\n<p class=\"paragraph\">Lis\u00e4ksi Suomen Yritt\u00e4j\u00e4t vaatii hallitukselta ripeit\u00e4 toimia afrikkalaisen sikaruton vuoksi asetettujen rajoitusten vaikutusten lievent\u00e4miseksi.<\/p>\n<p class=\"paragraph\">Rajoitustoimet vaikuttavat laajasti yritystoimintaan my\u00f6s alueilla, jotka ovat jo k\u00e4rsineet it\u00e4rajan sulkemisen seurauksista.<\/p>\n<p class=\"paragraph\">\u2013 Asiasta on teht\u00e4v\u00e4 p\u00e4\u00e4t\u00f6kset budjettiriihess\u00e4, jotta yrityksille saadaan nopeasti varmuutta tulevasta. Yritykset eiv\u00e4t ole voineet ennakoida n\u00e4it\u00e4 rajoituksia. Siksi niiden taloudellisia vaikutuksia on kohtuullista lievent\u00e4\u00e4 valtion toimilla, Pentik\u00e4inen sanoo.<\/p>\n","protected":false},"excerpt":{"rendered":"Suomen Yritt\u00e4j\u00e4t nostaa budjettiriihen t\u00e4rkeimpiin ty\u00f6markkinatavoitteisiin ty\u00f6ajan pident\u00e4misen. Suomi tarvitsee enemm\u00e4n ty\u00f6t\u00e4, sanoo Suomen Yritt\u00e4jien toimitusjohtaja Mikael Pentik\u00e4inen&hellip;\n","protected":false},"author":2,"featured_media":340008,"comment_status":"","ping_status":"","sticky":false,"template":"","format":"standard","meta":{"footnotes":"","_share_on_mastodon":"0"},"categories":[12],"tags":[35,22,23,26,27,33,31,30,863,17,24,25,28,29,15,18,21,637,887,32,19,20,860,5633,16],"class_list":["post-340007","post","type-post","status-publish","format-standard","has-post-thumbnail","category-suomi","tag-24h","tag-breaking-news","tag-breakingnews","tag-featured-news","tag-featurednews","tag-fi","tag-finland","tag-finnish","tag-hallitus","tag-headlines","tag-latest-news","tag-latestnews","tag-main-news","tag-mainnews","tag-news","tag-otsikot","tag-paauutiset","tag-politiikka","tag-suomen-politiikka","tag-suomi","tag-top-stories","tag-topstories","tag-tyoelama","tag-tyomarkkinapolitiikka","tag-uutiset"],"share_on_mastodon":{"url":"https:\/\/pubeurope.com\/@fi\/117204470468094939","error":""},"_links":{"self":[{"href":"https:\/\/www.europesays.com\/fi\/wp-json\/wp\/v2\/posts\/340007","targetHints":{"allow":["GET"]}}],"collection":[{"href":"https:\/\/www.europesays.com\/fi\/wp-json\/wp\/v2\/posts"}],"about":[{"href":"https:\/\/www.europesays.com\/fi\/wp-json\/wp\/v2\/types\/post"}],"author":[{"embeddable":true,"href":"https:\/\/www.europesays.com\/fi\/wp-json\/wp\/v2\/users\/2"}],"replies":[{"embeddable":true,"href":"https:\/\/www.europesays.com\/fi\/wp-json\/wp\/v2\/comments?post=340007"}],"version-history":[{"count":0,"href":"https:\/\/www.europesays.com\/fi\/wp-json\/wp\/v2\/posts\/340007\/revisions"}],"wp:featuredmedia":[{"embeddable":true,"href":"https:\/\/www.europesays.com\/fi\/wp-json\/wp\/v2\/media\/340008"}],"wp:attachment":[{"href":"https:\/\/www.europesays.com\/fi\/wp-json\/wp\/v2\/media?parent=340007"}],"wp:term":[{"taxonomy":"category","embeddable":true,"href":"https:\/\/www.europesays.com\/fi\/wp-json\/wp\/v2\/categories?post=340007"},{"taxonomy":"post_tag","embeddable":true,"href":"https:\/\/www.europesays.com\/fi\/wp-json\/wp\/v2\/tags?post=340007"}],"curies":[{"name":"wp","href":"https:\/\/api.w.org\/{rel}","templated":true}]}}