{"id":340009,"date":"2026-09-03T01:17:11","date_gmt":"2026-09-03T01:17:11","guid":{"rendered":"https:\/\/www.europesays.com\/fi\/340009\/"},"modified":"2026-09-03T01:17:11","modified_gmt":"2026-09-03T01:17:11","slug":"olli-hermanin-perhe-kasvoi-suloinen-kuva-julki","status":"publish","type":"post","link":"https:\/\/www.europesays.com\/fi\/340009\/","title":{"rendered":"Olli Hermanin perhe kasvoi \u2013 Suloinen kuva julki"},"content":{"rendered":"<p>Laulajan Tytti-puoliso kertoo ilouutisesta Instagramissa.<\/p>\n<p><img decoding=\"async\" class=\"image image-show image-preview\" src=\"https:\/\/www.europesays.com\/fi\/wp-content\/uploads\/2026\/09\/4319e8cb99ba07d4c0f69b029585434d825074342f14256bdeab7dbbcef2a94f.jpg\" alt=\"\"\/><img decoding=\"async\" class=\"image image-show\" src=\"https:\/\/www.europesays.com\/fi\/wp-content\/uploads\/2026\/09\/1788398231_280_4319e8cb99ba07d4c0f69b029585434d825074342f14256bdeab7dbbcef2a94f.jpg\" alt=\"\"\/><\/p>\n<p>Olli Hermanin kolmas lapsi syntyi. jussi saarinen<\/p>\n<p class=\"paragraph\">Laulaja <a href=\"https:\/\/www.iltalehti.fi\/henkilot\/Olli Herman\" class=\"article-link-person-page\" rel=\"nofollow noopener\" target=\"_blank\">Olli Hermanin<\/a> ja h\u00e4nen <strong>Tytti<\/strong>-puolisonsa kolmas lapsi on syntynyt.<\/p>\n<p class=\"paragraph\">Tytti on julkaissut Instagramissa kuvan vastasyntyneest\u00e4 tytt\u00f6vauvasta. Kuvatekstiss\u00e4 n\u00e4kyv\u00e4t lapsen syntym\u00e4p\u00e4iv\u00e4, 1. syyskuuta, sek\u00e4 tarkka kellonaika.<\/p>\n<p class=\"paragraph\">Kuvassa pienokaisella on yll\u00e4\u00e4n punertavat vaatteet ja suloinen punainen pipo. Vauvan vierell\u00e4 lep\u00e4\u00e4 my\u00f6s punertava pupulelu. Kuvakarusellissa n\u00e4hd\u00e4\u00e4n lis\u00e4ksi mustavalkoinen kuva uuden tulokkaan pienist\u00e4 jaloista.<\/p>\n<p class=\"paragraph\">\u2013 Kaunein prinsessamme, tervetuloa, Tytti kirjoittaa syd\u00e4men kera.<\/p>\n<p class=\"paragraph\">Jos julkaisu ei n\u00e4y, voit katsoa sen <a href=\"https:\/\/www.instagram.com\/p\/Dcy0ENKDsBn\/?img_index=1\" target=\"_blank\" rel=\"noopener nofollow\">t\u00e4st\u00e4<\/a>.<\/p>\n<p class=\"paragraph\">Pari on ker\u00e4nnyt rutkasti onnentoivotuksia julkaisun kommenttikentt\u00e4\u00e4n.<\/p>\n<p class=\"paragraph\">\u2013 Onnea ihanasta pienest\u00e4 prinsessasta. H\u00e4n on suloinen!<\/p>\n<p class=\"paragraph\">\u2013 Ihanaa. Onnea pienest\u00e4 aarteesta koko perheelle.<\/p>\n<p class=\"paragraph\">\u2013 Aivan t\u00e4ydellinen! Hurjasti onnea koko perheelle!<\/p>\n<p class=\"paragraph\">Kaksikon esikoinen syntyi vuonna 2022. Toinen lapsi syntyi vuonna 2024. Pariskunta meni kihloihin viime vuoden lopulla.<\/p>\n<p><script async src=\"\/\/www.instagram.com\/embed.js\"><\/script><\/p>\n","protected":false},"excerpt":{"rendered":"Laulajan Tytti-puoliso kertoo ilouutisesta Instagramissa. Olli Hermanin kolmas lapsi syntyi. jussi saarinen Laulaja Olli Hermanin ja h\u00e4nen Tytti-puolisonsa&hellip;\n","protected":false},"author":2,"featured_media":340010,"comment_status":"","ping_status":"","sticky":false,"template":"","format":"standard","meta":{"footnotes":"","_share_on_mastodon":"0"},"categories":[5],"tags":[35,22,23,26,27,33,31,30,17,101,99,100,24,25,28,29,47,15,18,21,98,32,19,20,16],"class_list":["post-340009","post","type-post","status-publish","format-standard","has-post-thumbnail","category-otsikot","tag-24h","tag-breaking-news","tag-breakingnews","tag-featured-news","tag-featurednews","tag-fi","tag-finland","tag-finnish","tag-headlines","tag-ihmissuhteet","tag-lapset","tag-lapset-ja-nuoret","tag-latest-news","tag-latestnews","tag-main-news","tag-mainnews","tag-musiikki","tag-news","tag-otsikot","tag-paauutiset","tag-perhe","tag-suomi","tag-top-stories","tag-topstories","tag-uutiset"],"share_on_mastodon":{"url":"https:\/\/pubeurope.com\/@fi\/117204474105462498","error":""},"_links":{"self":[{"href":"https:\/\/www.europesays.com\/fi\/wp-json\/wp\/v2\/posts\/340009","targetHints":{"allow":["GET"]}}],"collection":[{"href":"https:\/\/www.europesays.com\/fi\/wp-json\/wp\/v2\/posts"}],"about":[{"href":"https:\/\/www.europesays.com\/fi\/wp-json\/wp\/v2\/types\/post"}],"author":[{"embeddable":true,"href":"https:\/\/www.europesays.com\/fi\/wp-json\/wp\/v2\/users\/2"}],"replies":[{"embeddable":true,"href":"https:\/\/www.europesays.com\/fi\/wp-json\/wp\/v2\/comments?post=340009"}],"version-history":[{"count":0,"href":"https:\/\/www.europesays.com\/fi\/wp-json\/wp\/v2\/posts\/340009\/revisions"}],"wp:featuredmedia":[{"embeddable":true,"href":"https:\/\/www.europesays.com\/fi\/wp-json\/wp\/v2\/media\/340010"}],"wp:attachment":[{"href":"https:\/\/www.europesays.com\/fi\/wp-json\/wp\/v2\/media?parent=340009"}],"wp:term":[{"taxonomy":"category","embeddable":true,"href":"https:\/\/www.europesays.com\/fi\/wp-json\/wp\/v2\/categories?post=340009"},{"taxonomy":"post_tag","embeddable":true,"href":"https:\/\/www.europesays.com\/fi\/wp-json\/wp\/v2\/tags?post=340009"}],"curies":[{"name":"wp","href":"https:\/\/api.w.org\/{rel}","templated":true}]}}